{"id":45415,"date":"2015-10-19T23:51:05","date_gmt":"2015-10-20T02:51:05","guid":{"rendered":"http:\/\/www.hoymercedes.com.ar\/principal\/?p=45415"},"modified":"2015-10-20T19:30:08","modified_gmt":"2015-10-20T22:30:08","slug":"quilmes-anuncio-inicio-del-sueno-y-ustarroz-les-dio-un-empujoncito","status":"publish","type":"post","link":"https:\/\/www.hoymercedes.com.ar\/principal\/2015\/10\/19\/quilmes-anuncio-inicio-del-sueno-y-ustarroz-les-dio-un-empujoncito\/","title":{"rendered":"Quilmes anunci\u00f3 inicio del \u201csue\u00f1o\u201d y Ustarroz les dio un \u201cempujoncito\u201d"},"content":{"rendered":"<p><a href=\"https:\/\/www.hoymercedes.com.ar\/principal\/wp-content\/uploads\/2015\/10\/estudiantes-quilmes.jpg\"><img loading=\"lazy\" decoding=\"async\" data-attachment-id=\"45417\" data-permalink=\"https:\/\/www.hoymercedes.com.ar\/principal\/2015\/10\/19\/quilmes-anuncio-inicio-del-sueno-y-ustarroz-les-dio-un-empujoncito\/estudiantes-quilmes\/#main\" data-orig-file=\"https:\/\/www.hoymercedes.com.ar\/principal\/wp-content\/uploads\/2015\/10\/estudiantes-quilmes.jpg\" data-orig-size=\"620,349\" data-comments-opened=\"1\" data-image-meta=\"{&quot;aperture&quot;:&quot;0&quot;,&quot;credit&quot;:&quot;&quot;,&quot;camera&quot;:&quot;&quot;,&quot;caption&quot;:&quot;&quot;,&quot;created_timestamp&quot;:&quot;0&quot;,&quot;copyright&quot;:&quot;&quot;,&quot;focal_length&quot;:&quot;0&quot;,&quot;iso&quot;:&quot;0&quot;,&quot;shutter_speed&quot;:&quot;0&quot;,&quot;title&quot;:&quot;&quot;,&quot;orientation&quot;:&quot;0&quot;}\" data-image-title=\"estudiantes-quilmes\" data-image-description=\"\" data-image-caption=\"\" data-large-file=\"https:\/\/www.hoymercedes.com.ar\/principal\/wp-content\/uploads\/2015\/10\/estudiantes-quilmes.jpg\" class=\"aligncenter size-full wp-image-45417\" src=\"https:\/\/www.hoymercedes.com.ar\/principal\/wp-content\/uploads\/2015\/10\/estudiantes-quilmes.jpg\" alt=\"estudiantes-quilmes\" width=\"620\" height=\"349\" srcset=\"https:\/\/www.hoymercedes.com.ar\/principal\/wp-content\/uploads\/2015\/10\/estudiantes-quilmes.jpg 620w, https:\/\/www.hoymercedes.com.ar\/principal\/wp-content\/uploads\/2015\/10\/estudiantes-quilmes-150x84.jpg 150w, https:\/\/www.hoymercedes.com.ar\/principal\/wp-content\/uploads\/2015\/10\/estudiantes-quilmes-290x163.jpg 290w, https:\/\/www.hoymercedes.com.ar\/principal\/wp-content\/uploads\/2015\/10\/estudiantes-quilmes-50x28.jpg 50w\" sizes=\"auto, (max-width: 620px) 100vw, 620px\" \/><\/a><\/p>\n<p><em><strong>El Club Quilmes llev\u00f3 adelante un importante acto en el estadio \u201cRolo Cardinal\u201d donde encararon la nueva etapa de su ambicioso programa de mejoras estructurales. A principio de a\u00f1o ya hab\u00edan inaugurado el techo.<\/strong><\/em><\/p>\n<p>En el anuncio que realiz\u00f3 Fernando Moner en la tarde de \u00e9ste lunes se prev\u00e9 que cambiar\u00e1 profundamente el lugar. La ampliaci\u00f3n del gimnasio prev\u00e9 la colocaci\u00f3n del piso flotante y voltear la pared que contiene el aro de b\u00e1squet que da a la calle 15 porque debe ser extendida 4 metros, ante lo cual la pared ir\u00e1 hacia atr\u00e1s para darle las medidas reglamentarias. Adem\u00e1s de esto realizar\u00e1n una loza para crear vestuarios y tribunas.<\/p>\n<p>Se supo que buena parte del dinero lo recaudaron en la Fiesta del Salame por medio de una cantina, m\u00e1s polladas y el aporte que vendr\u00e1 tras las gestiones de Juan Ustarroz se animaron a encarar definitivamente la obre tan deseada.<\/p>\n<p>Fernando Moner aprovech\u00f3 el acto efectuado para entregarle las medallas a los jugadores de la categor\u00eda mini campeones hace casi un mes y medio donde estuvo Sergio L\u00f3pez entregando tambi\u00e9n medallas para iniciar la gran apuesta a futuro. Tras ello realizaron un partido de exhibici\u00f3n entre la primera divisi\u00f3n de Quilmes y Estudiantes.<\/p>\n<p>Moner coment\u00f3: \u201cla verdad que es otro d\u00eda de alegr\u00eda para nosotros. Es un sue\u00f1o que tenemos hace muchos a\u00f1os. No s\u00e9 cu\u00e1ndo lo vamos a terminar, pero, hoy arranca y es por decisi\u00f3n de muchas personas, de muchos locos que tenemos ac\u00e1 que le tiramos la idea y dijeron que s\u00ed. La verdad que quiero agradecerle a todos\u201d sostuvo y coment\u00f3: \u201cuna de las cosas fundamentales para que podemos ser parte de ligas m\u00e1s importantes, nacionales, provinciales, es modificar las medidas de \u00e9ste gimnasio, no es por est\u00e9tica que queremos un piso flotante, sino porque la Federaci\u00f3n nos obliga para participar y estamos obligados. Correr el pared\u00f3n, hacer una tribuna y el famoso piso. Estamos hablando de una inversi\u00f3n que es inalcanzable, pero conociendo a toda la gente que trabaja atr\u00e1s estamos seguro lo vamos a lograr. Hace seis o siete d\u00edas lo largamos porque los chicos, los integrantes de las subcomisiones acompa\u00f1aron. Al enterarse una persona de esto nos llam\u00f3 por tel\u00e9fono y nos dijo que nos quer\u00eda proponer algo. Entonces la convocamos a una reuni\u00f3n y esa persona le dijimos el mismo d\u00eda de premiaci\u00f3n de la categor\u00eda mini lo daremos a conocer. Esa persona es Juan Ustarroz y lo convoco para nos cuente a todos los que nos cont\u00f3 en forma privada\u201d, afirm\u00f3 Fernando Moner para luego dar la palabra al invitado.<\/p>\n<p>Juan Ustarroz ante el p\u00fablico asistente al Club Quilmes coment\u00f3: \u201cMi gran reconocimiento a los campeones y felicitaciones al Club, este gran Club por todos los logros que va obteniendo. A Ricardo lo conozco de hace muchos a\u00f1os y de Fernando s\u00e9 su tenacidad y capacidad de trabajo y todo lo que se brinda por \u00e9ste club. Un jugador me lo plante\u00f3 y uno humildemente lo que viene a plantear es que vamos a colaborar y si todo sale bien estamos en condiciones de trabajar y garantizar que \u00e9ste sue\u00f1o de tanta gente y es tener una cancha profesional que no es solamente para el Club Quilmes sino para toda la ciudad de Mercedes lo podamos lograr. Yo me comprometo p\u00fablicamente para trabajar codo a codo y lograr el sue\u00f1o junto a la familia del Club Quilmes\u201d, afirm\u00f3 el candidato del Frente Mercedino.<\/p>\n<p>Moner remarc\u00f3 luego que: \u201cQuiero dejar en claro que ac\u00e1 est\u00e1n todos los partidos pol\u00edticos, empresas y particulares que quieran participar. Tenemos cuatro puertas y si quieren podemos hacer cuatro m\u00e1s para que vengan a colaborar. El Club es de toda la sociedad\u201d, manifest\u00f3.<\/p>\n<p>No se conoci\u00f3 en detalle cu\u00e1l ser\u00e1 el aporte de Ustarroz en sus gestiones para acompa\u00f1ar al Club, pero, extra oficialmente todos lo sab\u00edan y se supo se ser\u00eda muy importante, tanto que dar\u00eda un impulso fundamental para logar el objetivo.<\/p>\n<h3>Partido<\/h3>\n<p>Tras varios a\u00f1os que el local hizo pesar la fuerza de jugar en casa los visitantes lograron llevarse la victoria. Fue as\u00ed que Estudiantes venci\u00f3 a Quilmes 69 a 56 en un juego en que ambos equipos se exhibieron, mostraron talento y celebraron el camino que acaba de iniciar Quilmes con miras a un futuro m\u00e1s prometedor.<\/p>\n<p>Producci\u00f3n period\u00edstica: Ariel Musante <a href=\"https:\/\/twitter.com\/fmlatribuna\" target=\"_blank\" rel=\"noopener\">@fmlatribuna<\/a><\/p>\n","protected":false},"excerpt":{"rendered":"<p>El Club Quilmes llev\u00f3 adelante un importante acto en el estadio \u201cRolo Cardinal\u201d donde encararon la nueva etapa de su &#8230; <a title=\"Quilmes anunci\u00f3 inicio del \u201csue\u00f1o\u201d y Ustarroz les dio un \u201cempujoncito\u201d\" class=\"read-more\" href=\"https:\/\/www.hoymercedes.com.ar\/principal\/2015\/10\/19\/quilmes-anuncio-inicio-del-sueno-y-ustarroz-les-dio-un-empujoncito\/\" aria-label=\"Leer m\u00e1s sobre Quilmes anunci\u00f3 inicio del \u201csue\u00f1o\u201d y Ustarroz les dio un \u201cempujoncito\u201d\">Leer m\u00e1s<\/a><\/p>\n","protected":false},"author":1,"featured_media":45417,"comment_status":"open","ping_status":"open","sticky":false,"template":"","format":"standard","meta":{"_monsterinsights_skip_tracking":false,"_monsterinsights_sitenote_active":false,"_monsterinsights_sitenote_note":"","_monsterinsights_sitenote_category":0,"jetpack_post_was_ever_published":false,"_jetpack_newsletter_access":"","_jetpack_dont_email_post_to_subs":false,"_jetpack_newsletter_tier_id":0,"_jetpack_memberships_contains_paywalled_content":false,"_jetpack_memberships_contains_paid_content":false,"footnotes":"","jetpack_publicize_message":"","jetpack_publicize_feature_enabled":true,"jetpack_social_post_already_shared":true,"jetpack_social_options":{"image_generator_settings":{"template":"highway","default_image_id":0,"font":"","enabled":false},"version":2},"_wpas_customize_per_network":false},"categories":[8],"tags":[3388,1350,1191,1412,585,1014],"class_list":["post-45415","post","type-post","status-publish","format-standard","has-post-thumbnail","hentry","category-sociedad","tag-club-estudiantes","tag-club-quilmes","tag-deporte-mercedes","tag-fernando-moner","tag-juan-ustarroz","tag-obras","generate-columns","tablet-grid-50","mobile-grid-100","grid-parent","grid-50"],"jetpack_publicize_connections":[],"jetpack_featured_media_url":"https:\/\/www.hoymercedes.com.ar\/principal\/wp-content\/uploads\/2015\/10\/estudiantes-quilmes.jpg","wps_subtitle":"Beneficio social","jetpack_sharing_enabled":true,"_links":{"self":[{"href":"https:\/\/www.hoymercedes.com.ar\/principal\/wp-json\/wp\/v2\/posts\/45415","targetHints":{"allow":["GET"]}}],"collection":[{"href":"https:\/\/www.hoymercedes.com.ar\/principal\/wp-json\/wp\/v2\/posts"}],"about":[{"href":"https:\/\/www.hoymercedes.com.ar\/principal\/wp-json\/wp\/v2\/types\/post"}],"author":[{"embeddable":true,"href":"https:\/\/www.hoymercedes.com.ar\/principal\/wp-json\/wp\/v2\/users\/1"}],"replies":[{"embeddable":true,"href":"https:\/\/www.hoymercedes.com.ar\/principal\/wp-json\/wp\/v2\/comments?post=45415"}],"version-history":[{"count":0,"href":"https:\/\/www.hoymercedes.com.ar\/principal\/wp-json\/wp\/v2\/posts\/45415\/revisions"}],"wp:featuredmedia":[{"embeddable":true,"href":"https:\/\/www.hoymercedes.com.ar\/principal\/wp-json\/wp\/v2\/media\/45417"}],"wp:attachment":[{"href":"https:\/\/www.hoymercedes.com.ar\/principal\/wp-json\/wp\/v2\/media?parent=45415"}],"wp:term":[{"taxonomy":"category","embeddable":true,"href":"https:\/\/www.hoymercedes.com.ar\/principal\/wp-json\/wp\/v2\/categories?post=45415"},{"taxonomy":"post_tag","embeddable":true,"href":"https:\/\/www.hoymercedes.com.ar\/principal\/wp-json\/wp\/v2\/tags?post=45415"}],"curies":[{"name":"wp","href":"https:\/\/api.w.org\/{rel}","templated":true}]}}