{"id":45445,"date":"2015-10-20T21:11:33","date_gmt":"2015-10-21T00:11:33","guid":{"rendered":"http:\/\/www.hoymercedes.com.ar\/principal\/?p=45445"},"modified":"2015-10-21T18:01:05","modified_gmt":"2015-10-21T21:01:05","slug":"maldonado-queremos-ingresar-al-concejo-para-defender-la-agenda-de-los-trabajadores","status":"publish","type":"post","link":"https:\/\/www.hoymercedes.com.ar\/principal\/2015\/10\/20\/maldonado-queremos-ingresar-al-concejo-para-defender-la-agenda-de-los-trabajadores\/","title":{"rendered":"Maldonado: \u201cqueremos ingresar al concejo para defender la agenda de los trabajadores\u201d"},"content":{"rendered":"<p>&nbsp;<\/p>\n<p><em><strong>El Frente de Izquierda, que no deja de crecer en todo el pa\u00eds, buscar\u00e1 en Mercedes generar una buena elecci\u00f3n y meter un concejal, adem\u00e1s de buscar, l\u00f3gico, la intendencia. Demarco lo manifest\u00f3 en varias ocasiones y dej\u00f3 en evidencia al resto de los candidatos en los debates: la izquierda no anda con medias tintas y ser\u00eda una oportunidad maravillosa para contar con alg\u00fan fresco y novedoso en el Cuerpo Deliberativo.<\/strong><\/em><\/p>\n<p>Entusiasmada por la repercusi\u00f3n de la campa\u00f1a local, <strong>Mar\u00eda Maldonado<\/strong> expreso su intenci\u00f3n de llevar a cabo una \u201cauditor\u00eda general\u201d acerca de la situaci\u00f3n del municipio. \u201ccasi mil compa\u00f1eros municipales est\u00e1n bajo contratos precarios, mi banca estar\u00e1 al servicio de mejorar las condiciones de los trabajadores\u201d.<\/p>\n<p>Consultada sobre la posibilidad de su ingreso al Concejo deliberante, Mar\u00eda dijo \u201cestamos recibiendo apoyos y muy buenas cr\u00edticas de nuestras intervenciones, hemos dejado en claro que en Octubre hay dos opciones, la de los que plantean el ajuste sobre el bolsillo del pueblo, y la del <strong>Frente de Izquierda<\/strong> que defiende el salario igual al costo de la canasta familiar, contra el trabajo en negro y precarizado, por los derechos de la mujer trabajadora\u201d.<\/p>\n<p>Al preguntarle sobre las prioridades de trabajo si lograse conquistar la banca, comento: \u201cqueremos un plan de vivienda que contemple el control de los alquileres, una tasa especial sobre los especuladores y la inmediata resoluci\u00f3n para que los terrenos en desuso para este proyecto, \u00bfQui\u00e9n va a defender el derecho a la vivienda?\u201d.<\/p>\n<p>El <strong>FIT<\/strong>, que encabeza la lista el dirigente docente y del Partido Obrero <strong>Pablo Demarco<\/strong> busca romper con los tradiciones espacios partidarios que han mostrado gestiones alejadas de los problemas de fondo de la sociedad, como la necesidad de vivienda, salud gratuita y empleo decente.<\/p>\n<p>El pr\u00f3ximo 25 de octubre ir\u00e1n nuevamente a las urnas y los mercedinos, con el verdadero voto \u00fatil, tendremos la oportunidad de darle a Concejo un debate distinto.<\/p>\n<p>&nbsp;<\/p>\n<p>&nbsp;<\/p>\n<p>&nbsp;<\/p>\n","protected":false},"excerpt":{"rendered":"<p>&nbsp; El Frente de Izquierda, que no deja de crecer en todo el pa\u00eds, buscar\u00e1 en Mercedes generar una buena &#8230; <a title=\"Maldonado: \u201cqueremos ingresar al concejo para defender la agenda de los trabajadores\u201d\" class=\"read-more\" href=\"https:\/\/www.hoymercedes.com.ar\/principal\/2015\/10\/20\/maldonado-queremos-ingresar-al-concejo-para-defender-la-agenda-de-los-trabajadores\/\" aria-label=\"Leer m\u00e1s sobre Maldonado: \u201cqueremos ingresar al concejo para defender la agenda de los trabajadores\u201d\">Leer m\u00e1s<\/a><\/p>\n","protected":false},"author":1,"featured_media":40822,"comment_status":"open","ping_status":"open","sticky":false,"template":"","format":"standard","meta":{"_monsterinsights_skip_tracking":false,"_monsterinsights_sitenote_active":false,"_monsterinsights_sitenote_note":"","_monsterinsights_sitenote_category":0,"jetpack_post_was_ever_published":false,"_jetpack_newsletter_access":"","_jetpack_dont_email_post_to_subs":false,"_jetpack_newsletter_tier_id":0,"_jetpack_memberships_contains_paywalled_content":false,"_jetpack_memberships_contains_paid_content":false,"footnotes":"","jetpack_publicize_message":"","jetpack_publicize_feature_enabled":true,"jetpack_social_post_already_shared":true,"jetpack_social_options":{"image_generator_settings":{"template":"highway","default_image_id":0,"font":"","enabled":false},"version":2},"_wpas_customize_per_network":false},"categories":[85],"tags":[1054,7184,1045],"class_list":["post-45445","post","type-post","status-publish","format-standard","has-post-thumbnail","hentry","category-policial","tag-frente-de-izquierda","tag-maria-maldonado","tag-partido-obrero","generate-columns","tablet-grid-50","mobile-grid-100","grid-parent","grid-50"],"jetpack_publicize_connections":[],"jetpack_featured_media_url":"https:\/\/www.hoymercedes.com.ar\/principal\/wp-content\/uploads\/2015\/04\/mariamaldonado-partidoobrero1.jpg","wps_subtitle":"Elecciones 2015","jetpack_sharing_enabled":true,"_links":{"self":[{"href":"https:\/\/www.hoymercedes.com.ar\/principal\/wp-json\/wp\/v2\/posts\/45445","targetHints":{"allow":["GET"]}}],"collection":[{"href":"https:\/\/www.hoymercedes.com.ar\/principal\/wp-json\/wp\/v2\/posts"}],"about":[{"href":"https:\/\/www.hoymercedes.com.ar\/principal\/wp-json\/wp\/v2\/types\/post"}],"author":[{"embeddable":true,"href":"https:\/\/www.hoymercedes.com.ar\/principal\/wp-json\/wp\/v2\/users\/1"}],"replies":[{"embeddable":true,"href":"https:\/\/www.hoymercedes.com.ar\/principal\/wp-json\/wp\/v2\/comments?post=45445"}],"version-history":[{"count":0,"href":"https:\/\/www.hoymercedes.com.ar\/principal\/wp-json\/wp\/v2\/posts\/45445\/revisions"}],"wp:featuredmedia":[{"embeddable":true,"href":"https:\/\/www.hoymercedes.com.ar\/principal\/wp-json\/wp\/v2\/media\/40822"}],"wp:attachment":[{"href":"https:\/\/www.hoymercedes.com.ar\/principal\/wp-json\/wp\/v2\/media?parent=45445"}],"wp:term":[{"taxonomy":"category","embeddable":true,"href":"https:\/\/www.hoymercedes.com.ar\/principal\/wp-json\/wp\/v2\/categories?post=45445"},{"taxonomy":"post_tag","embeddable":true,"href":"https:\/\/www.hoymercedes.com.ar\/principal\/wp-json\/wp\/v2\/tags?post=45445"}],"curies":[{"name":"wp","href":"https:\/\/api.w.org\/{rel}","templated":true}]}}