{"id":45490,"date":"2015-10-21T23:57:12","date_gmt":"2015-10-22T02:57:12","guid":{"rendered":"http:\/\/www.hoymercedes.com.ar\/principal\/?p=45490"},"modified":"2015-10-21T23:57:12","modified_gmt":"2015-10-22T02:57:12","slug":"debate-juventud-radical-responde-a-moreau","status":"publish","type":"post","link":"https:\/\/www.hoymercedes.com.ar\/principal\/2015\/10\/21\/debate-juventud-radical-responde-a-moreau\/","title":{"rendered":"Debate: Juventud radical responde a Moreau"},"content":{"rendered":"<p><a href=\"https:\/\/www.hoymercedes.com.ar\/principal\/wp-content\/uploads\/2015\/10\/capture-20151021-235311.png\"><img loading=\"lazy\" decoding=\"async\" data-attachment-id=\"45492\" data-permalink=\"https:\/\/www.hoymercedes.com.ar\/principal\/2015\/10\/21\/debate-juventud-radical-responde-a-moreau\/capture-20151021-235311\/#main\" data-orig-file=\"https:\/\/www.hoymercedes.com.ar\/principal\/wp-content\/uploads\/2015\/10\/capture-20151021-235311.png\" data-orig-size=\"620,390\" data-comments-opened=\"1\" data-image-meta=\"{&quot;aperture&quot;:&quot;0&quot;,&quot;credit&quot;:&quot;&quot;,&quot;camera&quot;:&quot;&quot;,&quot;caption&quot;:&quot;&quot;,&quot;created_timestamp&quot;:&quot;0&quot;,&quot;copyright&quot;:&quot;&quot;,&quot;focal_length&quot;:&quot;0&quot;,&quot;iso&quot;:&quot;0&quot;,&quot;shutter_speed&quot;:&quot;0&quot;,&quot;title&quot;:&quot;&quot;,&quot;orientation&quot;:&quot;0&quot;}\" data-image-title=\"capture-20151021-235311\" data-image-description=\"\" data-image-caption=\"\" data-large-file=\"https:\/\/www.hoymercedes.com.ar\/principal\/wp-content\/uploads\/2015\/10\/capture-20151021-235311.png\" class=\"Img2014 aligncenter wp-image-45492 size-full\" title=\"Juventud Radical Mercedes\" src=\"https:\/\/www.hoymercedes.com.ar\/principal\/wp-content\/uploads\/2015\/10\/capture-20151021-235311.png\" alt=\"capture-20151021-235311\" width=\"620\" height=\"390\" srcset=\"https:\/\/www.hoymercedes.com.ar\/principal\/wp-content\/uploads\/2015\/10\/capture-20151021-235311.png 620w, https:\/\/www.hoymercedes.com.ar\/principal\/wp-content\/uploads\/2015\/10\/capture-20151021-235311-150x94.png 150w, https:\/\/www.hoymercedes.com.ar\/principal\/wp-content\/uploads\/2015\/10\/capture-20151021-235311-290x182.png 290w, https:\/\/www.hoymercedes.com.ar\/principal\/wp-content\/uploads\/2015\/10\/capture-20151021-235311-50x31.png 50w\" sizes=\"auto, (max-width: 620px) 100vw, 620px\" \/><\/a><\/p>\n<p><em><strong>Hace algunos a\u00f1os atr\u00e1s nos visitaba el Dr Federico Storani y Leopoldo Moreau, para presentar el libro \u201cla otra Juventud\u201d, de Oscar Mui\u00f1o. . Contaron su experiencia, como j\u00f3venes militantes del radicalismo y de la Franja Morada, de como fue militar durante la dictadura y durante el retorno a la Democracia con Alfonsin.<\/strong><\/em><\/p>\n<p>Recordamos muy bien cuando Leopoldo nos marcaba las grandes diferencias entre aquellos j\u00f3venes y La Campora.<\/p>\n<p>Aquellas diferencias que resaltaban eran, que aquellos j\u00f3venes militaban y se hab\u00edan organizado antes de acceder al poder, y que no manejaban dineros p\u00fablicos para sustentar su militancia. Otra, la cual marca nuestra firme posici\u00f3n como JR, es la praxis. En los tiempos de la dictadura, los j\u00f3venes radicales planteaban el retorno a la democracia a trav\u00e9s del sufragio, y no a trav\u00e9s de las balas, como propon\u00edan otros j\u00f3venes. Hoy, vemos el atropello a las instituciones, la falta de respeto a las personas que piensan distinto a ellos, la prepotencia, el clientelismo, el abuso de poder, el reparto indiscriminado de puestos de trabajo p\u00fablicos en donde retienen a la militancia y a sus amigos.<\/p>\n<p>Es por eso que decidimos cumplir con lo resuelto en la convencion de la UCR (Entre Rios, 2015) y formar parte del Frente Cambiemos, y por eso apoyamos a nuestros Candidatos, que resultaron elegidos en las P.A.S.O, MACRI= VIDAL= FAL. Queremos recuperar el sentido republicano del pais, respetando la divisi\u00f3n de poderes. Queremos que la juventud sea libre, y que no este condicionada por un sector pol\u00edtico que pretenden ser los due\u00f1os del gobierno.<\/p>\n<p>Por otro lado, nosotros, como militantes del Frente Cambiemos, repudiamos, al igual que Leopoldo, la desaparici\u00f3n de pasacalles. Con la gran diferencia que nosotros no acusamos a los militantes de su candidato local, Ustarroz, en la desaparici\u00f3n de los nuestros. Leopoldo s\u00ec. Qu\u00e8 triste acusarnos as\u00ed.<\/p>\n<p>Por ultimo, se\u00f1or Leopoldo, nosotros, los radicales, seguimos militando dentro del partido, con nuestros aciertos y nuestros errores. Pero en fin, seguimos adentro.<\/p>\n","protected":false},"excerpt":{"rendered":"<p>Hace algunos a\u00f1os atr\u00e1s nos visitaba el Dr Federico Storani y Leopoldo Moreau, para presentar el libro \u201cla otra Juventud\u201d, &#8230; <a title=\"Debate: Juventud radical responde a Moreau\" class=\"read-more\" href=\"https:\/\/www.hoymercedes.com.ar\/principal\/2015\/10\/21\/debate-juventud-radical-responde-a-moreau\/\" aria-label=\"Leer m\u00e1s sobre Debate: Juventud radical responde a Moreau\">Leer m\u00e1s<\/a><\/p>\n","protected":false},"author":1,"featured_media":45492,"comment_status":"open","ping_status":"open","sticky":false,"template":"","format":"standard","meta":{"_monsterinsights_skip_tracking":false,"_monsterinsights_sitenote_active":false,"_monsterinsights_sitenote_note":"","_monsterinsights_sitenote_category":0,"jetpack_post_was_ever_published":false,"_jetpack_newsletter_access":"","_jetpack_dont_email_post_to_subs":false,"_jetpack_newsletter_tier_id":0,"_jetpack_memberships_contains_paywalled_content":false,"_jetpack_memberships_contains_paid_content":false,"footnotes":"","jetpack_publicize_message":"","jetpack_publicize_feature_enabled":true,"jetpack_social_post_already_shared":true,"jetpack_social_options":{"image_generator_settings":{"template":"highway","default_image_id":0,"font":"","enabled":false},"version":2},"_wpas_customize_per_network":false},"categories":[1],"tags":[5783],"class_list":["post-45490","post","type-post","status-publish","format-standard","has-post-thumbnail","hentry","category-opinion","tag-juventud-radical-mercedes","generate-columns","tablet-grid-50","mobile-grid-100","grid-parent","grid-50"],"jetpack_publicize_connections":[],"jetpack_featured_media_url":"https:\/\/www.hoymercedes.com.ar\/principal\/wp-content\/uploads\/2015\/10\/capture-20151021-235311.png","wps_subtitle":"Internas partidarias ","jetpack_sharing_enabled":true,"_links":{"self":[{"href":"https:\/\/www.hoymercedes.com.ar\/principal\/wp-json\/wp\/v2\/posts\/45490","targetHints":{"allow":["GET"]}}],"collection":[{"href":"https:\/\/www.hoymercedes.com.ar\/principal\/wp-json\/wp\/v2\/posts"}],"about":[{"href":"https:\/\/www.hoymercedes.com.ar\/principal\/wp-json\/wp\/v2\/types\/post"}],"author":[{"embeddable":true,"href":"https:\/\/www.hoymercedes.com.ar\/principal\/wp-json\/wp\/v2\/users\/1"}],"replies":[{"embeddable":true,"href":"https:\/\/www.hoymercedes.com.ar\/principal\/wp-json\/wp\/v2\/comments?post=45490"}],"version-history":[{"count":0,"href":"https:\/\/www.hoymercedes.com.ar\/principal\/wp-json\/wp\/v2\/posts\/45490\/revisions"}],"wp:featuredmedia":[{"embeddable":true,"href":"https:\/\/www.hoymercedes.com.ar\/principal\/wp-json\/wp\/v2\/media\/45492"}],"wp:attachment":[{"href":"https:\/\/www.hoymercedes.com.ar\/principal\/wp-json\/wp\/v2\/media?parent=45490"}],"wp:term":[{"taxonomy":"category","embeddable":true,"href":"https:\/\/www.hoymercedes.com.ar\/principal\/wp-json\/wp\/v2\/categories?post=45490"},{"taxonomy":"post_tag","embeddable":true,"href":"https:\/\/www.hoymercedes.com.ar\/principal\/wp-json\/wp\/v2\/tags?post=45490"}],"curies":[{"name":"wp","href":"https:\/\/api.w.org\/{rel}","templated":true}]}}