{"id":4551,"date":"2011-05-27T15:32:54","date_gmt":"2011-05-27T15:32:54","guid":{"rendered":"http:\/\/www.hoymercedes.com.ar\/principal\/?p=4551"},"modified":"2011-05-27T15:32:54","modified_gmt":"2011-05-27T15:32:54","slug":"el-dia-24-de-mayo-se-puso-en-marcha-el-observatorio-vial-en-la-prov-de-buenos-aires","status":"publish","type":"post","link":"https:\/\/www.hoymercedes.com.ar\/principal\/2011\/05\/27\/el-dia-24-de-mayo-se-puso-en-marcha-el-observatorio-vial-en-la-prov-de-buenos-aires\/","title":{"rendered":"El d\u00eda 24 de mayo se puso en marcha el observatorio vial en la Prov. de Buenos Aires"},"content":{"rendered":"<figure id=\"attachment_4553\" aria-describedby=\"caption-attachment-4553\" style=\"width: 290px\" class=\"wp-caption alignleft\"><a href=\"https:\/\/www.hoymercedes.com.ar\/principal\/wp-content\/uploads\/2011\/05\/obs-vial.jpg\"><img loading=\"lazy\" decoding=\"async\" data-attachment-id=\"4553\" data-permalink=\"https:\/\/www.hoymercedes.com.ar\/principal\/2011\/05\/27\/el-dia-24-de-mayo-se-puso-en-marcha-el-observatorio-vial-en-la-prov-de-buenos-aires\/obs-vial\/#main\" data-orig-file=\"https:\/\/www.hoymercedes.com.ar\/principal\/wp-content\/uploads\/2011\/05\/obs-vial.jpg\" data-orig-size=\"645,503\" data-comments-opened=\"1\" data-image-meta=\"{&quot;aperture&quot;:&quot;2.8&quot;,&quot;credit&quot;:&quot;&quot;,&quot;camera&quot;:&quot;DSC-W120&quot;,&quot;caption&quot;:&quot;&quot;,&quot;created_timestamp&quot;:&quot;1306249266&quot;,&quot;copyright&quot;:&quot;&quot;,&quot;focal_length&quot;:&quot;5.35&quot;,&quot;iso&quot;:&quot;400&quot;,&quot;shutter_speed&quot;:&quot;0.025&quot;,&quot;title&quot;:&quot;&quot;}\" data-image-title=\"obs-vial\" data-image-description=\"&lt;p&gt;Se lanz\u00f3 el observatorio vial de la provincia&lt;\/p&gt;\n\" data-image-caption=\"\" data-large-file=\"https:\/\/www.hoymercedes.com.ar\/principal\/wp-content\/uploads\/2011\/05\/obs-vial.jpg\" class=\"size-medium wp-image-4553\" title=\"obs-vial\" src=\"https:\/\/www.hoymercedes.com.ar\/principal\/wp-content\/uploads\/2011\/05\/obs-vial-300x233.jpg\" alt=\"\" width=\"300\" height=\"233\" srcset=\"https:\/\/www.hoymercedes.com.ar\/principal\/wp-content\/uploads\/2011\/05\/obs-vial-300x233.jpg 300w, https:\/\/www.hoymercedes.com.ar\/principal\/wp-content\/uploads\/2011\/05\/obs-vial.jpg 645w\" sizes=\"auto, (max-width: 300px) 100vw, 300px\" \/><\/a><figcaption id=\"caption-attachment-4553\" class=\"wp-caption-text\">Se lanz\u00f3 el observatorio vial de la provincia<\/figcaption><\/figure>\n<p>La provincia de Buenos Aires puso en marcha el Observatorio de Seguridad Vial para recabar y juntar toda la informaci\u00f3n sobre siniestralidad en rutas y ciudades para contar con estad\u00edsticas actualizadas y confiables.<\/p>\n<p>Uno de los objetivos prioritarios, a trav\u00e9s del Observatorio Vial es \u00aboptimizar el sistema estad\u00edstico de siniestralidad vial de la provincia\u00bb.<\/p>\n<p>La Provincia de Buenos Aires viene desarrollando una tarea coordinada entre varias \u00e1reas del gobierno y se han firmado convenios de colaboraci\u00f3n entre la Jefatura de Gabinete que conduce Alberto P\u00e9rez, el Ministerio de Infraestructura, de Salud y la cartera de de Justicia y Seguridad.<\/p>\n<p>El Observatorio de Seguridad Vial funcionar\u00e1 bajo la \u00f3rbita de la Direcci\u00f3n Provincial de Pol\u00edtica y Seguridad Vial en base a la informaci\u00f3n suministrada por el Ministerio de Justicia y Seguridad, por la cartera sanitaria y por Infraestructura.<\/p>\n<p>El subsecretario de Gabinete, Juan Pablo Alvarez Echag\u00fce destac\u00f3 en esta \u00e1rea \u00abel trabajo en com\u00fan con la Naci\u00f3n y la Legislatura, adem\u00e1s de los Municipios\u00bb, y asegur\u00f3 que las muertes en hechos viales \u00abson evitables y por ello el gobierno de Daniel Scioli potencia las pol\u00edticas p\u00fablicas en torno a esta problem\u00e1tica\u00bb.<\/p>\n<p>Los reportes recibidos por el Observatorio brindan informaci\u00f3n preestablecida respecto de hechos de tr\u00e1nsito con v\u00edctimas de acuerdo al lugar y momento de ocurrencia, causales, caracter\u00edsticas y tipo de v\u00edctima entre otras variables.<\/p>\n<p>En la Provincia de Buenos Aires los accidentes de tr\u00e1nsito con v\u00edctimas son relevados dentro del \u00e1mbito de cada jurisdicci\u00f3n por la Polic\u00eda de Seguridad y la Polic\u00eda de Seguridad Vial.\u00bbAhora contamos con una herramienta eficaz para analizar la tasa de siniestralidad, los puntos negros, las infracciones y continuar definiendo estrategias para abordar problem\u00e1ticas puntuales\u00bb, palabras del Dr. Emiliano Baloira, al momento de su oratoria.<\/p>\n<p>La unificaci\u00f3n del sistema estad\u00edstico y la implementaci\u00f3n de un mapeo georeferenciado brindar\u00e1 un mayor conocimiento de los hechos en su aspecto cuantitativo y geogr\u00e1fico.<\/p>\n<p>Tambi\u00e9n posibilitar\u00e1 el an\u00e1lisis en profundidad de los indicadores detectados generando un elemento activo que intervenga en la soluci\u00f3n de los problemas viales, especialmente los correspondientes a infraestructura vial.<\/p>\n<p>El lanzamiento del Observatorio tuvo lugar durante un acto en el Sal\u00f3n Dorado de la Casa de Gobierno de la Provincia, y estuvo encabezado por el ministro de Trabajo Oscar Cuartango y los Subsecretarios de Gabinete, Juan Pablo Alvarez Echag\u00fce (Jefatura de Gabinete); de Coordinaci\u00f3n y Atenci\u00f3n de la Salud, Sergio Alejandre (Ministerio de Salud); de Coordinaci\u00f3n Legal, T\u00e9cnica y Administrativa, Julio P\u00e1ngaro (Ministerio de Justicia y Seguridad); el Subsecretario de Obras P\u00fablicas, Mart\u00edn Reppeto (Infraestructura); y el Director Provincial de Pol\u00edtica y Seguridad Vial, Dr. Emiliano Baloira.<\/p>\n<p>Por el Municipio de Mercedes asisti\u00f3  la T\u00e9cnica Nancy Okos, ya que desde el Municipio est\u00e1n planificando y organizando acciones para crear el Observatorio Vial Municipal, en una red que tendr\u00e1 como actores a: Hospital local, Justicia, Polic\u00eda, Bomberos, Compa\u00f1\u00edas de Seguros, Direcci\u00f3n de Tr\u00e1nsito y \u00e1reas municipales con competencia en la problem\u00e1tica vial.<\/p>\n<p>&nbsp;<\/p>\n","protected":false},"excerpt":{"rendered":"<p>La provincia de Buenos Aires puso en marcha el Observatorio de Seguridad Vial para recabar y juntar toda la informaci\u00f3n &#8230; <a title=\"El d\u00eda 24 de mayo se puso en marcha el observatorio vial en la Prov. de Buenos Aires\" class=\"read-more\" href=\"https:\/\/www.hoymercedes.com.ar\/principal\/2011\/05\/27\/el-dia-24-de-mayo-se-puso-en-marcha-el-observatorio-vial-en-la-prov-de-buenos-aires\/\" aria-label=\"Leer m\u00e1s sobre El d\u00eda 24 de mayo se puso en marcha el observatorio vial en la Prov. de Buenos Aires\">Leer m\u00e1s<\/a><\/p>\n","protected":false},"author":1,"featured_media":0,"comment_status":"open","ping_status":"open","sticky":false,"template":"","format":"standard","meta":{"_monsterinsights_skip_tracking":false,"_monsterinsights_sitenote_active":false,"_monsterinsights_sitenote_note":"","_monsterinsights_sitenote_category":0,"jetpack_post_was_ever_published":false,"_jetpack_newsletter_access":"","_jetpack_dont_email_post_to_subs":false,"_jetpack_newsletter_tier_id":0,"_jetpack_memberships_contains_paywalled_content":false,"_jetpack_memberships_contains_paid_content":false,"footnotes":"","jetpack_publicize_message":"","jetpack_publicize_feature_enabled":true,"jetpack_social_post_already_shared":false,"jetpack_social_options":{"image_generator_settings":{"template":"highway","default_image_id":0,"font":"","enabled":false},"version":2},"_wpas_customize_per_network":false},"categories":[8],"tags":[843],"class_list":["post-4551","post","type-post","status-publish","format-standard","hentry","category-sociedad","tag-observatorio-vial","generate-columns","tablet-grid-50","mobile-grid-100","grid-parent","grid-50"],"jetpack_publicize_connections":[],"jetpack_featured_media_url":"","wps_subtitle":"","jetpack_sharing_enabled":true,"_links":{"self":[{"href":"https:\/\/www.hoymercedes.com.ar\/principal\/wp-json\/wp\/v2\/posts\/4551","targetHints":{"allow":["GET"]}}],"collection":[{"href":"https:\/\/www.hoymercedes.com.ar\/principal\/wp-json\/wp\/v2\/posts"}],"about":[{"href":"https:\/\/www.hoymercedes.com.ar\/principal\/wp-json\/wp\/v2\/types\/post"}],"author":[{"embeddable":true,"href":"https:\/\/www.hoymercedes.com.ar\/principal\/wp-json\/wp\/v2\/users\/1"}],"replies":[{"embeddable":true,"href":"https:\/\/www.hoymercedes.com.ar\/principal\/wp-json\/wp\/v2\/comments?post=4551"}],"version-history":[{"count":0,"href":"https:\/\/www.hoymercedes.com.ar\/principal\/wp-json\/wp\/v2\/posts\/4551\/revisions"}],"wp:attachment":[{"href":"https:\/\/www.hoymercedes.com.ar\/principal\/wp-json\/wp\/v2\/media?parent=4551"}],"wp:term":[{"taxonomy":"category","embeddable":true,"href":"https:\/\/www.hoymercedes.com.ar\/principal\/wp-json\/wp\/v2\/categories?post=4551"},{"taxonomy":"post_tag","embeddable":true,"href":"https:\/\/www.hoymercedes.com.ar\/principal\/wp-json\/wp\/v2\/tags?post=4551"}],"curies":[{"name":"wp","href":"https:\/\/api.w.org\/{rel}","templated":true}]}}