{"id":4555,"date":"2011-05-27T15:39:48","date_gmt":"2011-05-27T15:39:48","guid":{"rendered":"http:\/\/www.hoymercedes.com.ar\/principal\/?p=4555"},"modified":"2011-05-27T15:39:48","modified_gmt":"2011-05-27T15:39:48","slug":"celebraron-en-casa-anus-el-cuadragesimo-aniversario-del-pami","status":"publish","type":"post","link":"https:\/\/www.hoymercedes.com.ar\/principal\/2011\/05\/27\/celebraron-en-casa-anus-el-cuadragesimo-aniversario-del-pami\/","title":{"rendered":"Celebraron en Casa Anus el cuadrag\u00e9simo aniversario del PAMI"},"content":{"rendered":"<p>Con la presencia del PAMI central se llev\u00f3 a cabo en el sal\u00f3n de fiestas de calle 20 el acto conmemorativo del aniversario n\u00famero 40 de la creaci\u00f3n del PAMI, es decir el Instituto Nacional de Obras Sociales para Jubilados y Pensionados.<\/p>\n<p>El encuentro cont\u00f3 con la presencia de la totalidad de los representantes de clubes, agrupaciones y centros de Jubilados, pensionados y la tercera edad de nuestra ciudad, San Andr\u00e9s de Giles y Suipacha.<\/p>\n<p>En primer t\u00e9rmino se pudo apreciar un video en el que de manera muy apretada se hace una s\u00edntesis de las principales vivencias del Instituto a lo largo de los cuarenta a\u00f1os de vida.<\/p>\n<p><a href=\"https:\/\/www.hoymercedes.com.ar\/principal\/wp-content\/uploads\/2011\/05\/pamianiversario005.jpg\"><img loading=\"lazy\" decoding=\"async\" data-attachment-id=\"4561\" data-permalink=\"https:\/\/www.hoymercedes.com.ar\/principal\/2011\/05\/27\/celebraron-en-casa-anus-el-cuadragesimo-aniversario-del-pami\/pamianiversario005\/#main\" data-orig-file=\"https:\/\/www.hoymercedes.com.ar\/principal\/wp-content\/uploads\/2011\/05\/pamianiversario005.jpg\" data-orig-size=\"600,450\" data-comments-opened=\"1\" data-image-meta=\"{&quot;aperture&quot;:&quot;2.8&quot;,&quot;credit&quot;:&quot;&quot;,&quot;camera&quot;:&quot;COOLPIX L10&quot;,&quot;caption&quot;:&quot;&quot;,&quot;created_timestamp&quot;:&quot;1306248605&quot;,&quot;copyright&quot;:&quot;Copyright 2006&quot;,&quot;focal_length&quot;:&quot;6.2&quot;,&quot;iso&quot;:&quot;200&quot;,&quot;shutter_speed&quot;:&quot;0.033333333333333&quot;,&quot;title&quot;:&quot;&quot;}\" data-image-title=\"pamianiversario005\" data-image-description=\"\" data-image-caption=\"\" data-large-file=\"https:\/\/www.hoymercedes.com.ar\/principal\/wp-content\/uploads\/2011\/05\/pamianiversario005.jpg\" class=\"aligncenter size-full wp-image-4561\" title=\"pamianiversario005\" src=\"https:\/\/www.hoymercedes.com.ar\/principal\/wp-content\/uploads\/2011\/05\/pamianiversario005.jpg\" alt=\"\" width=\"600\" height=\"450\" \/><\/a><\/p>\n<p>Luego el jefe de la Agencia Mercedes, contador Pablo Perazzo rese\u00f1o la tarea que ha realizado al frente de la misma en sus tres primeros meses de gesti\u00f3n resaltando la posibilidad de contar en un futuro no muy lejano con una sede propia en nuestra ciudad.<\/p>\n<p><a href=\"https:\/\/www.hoymercedes.com.ar\/principal\/wp-content\/uploads\/2011\/05\/pamianiversario0061.jpg\"><img loading=\"lazy\" decoding=\"async\" data-attachment-id=\"4566\" data-permalink=\"https:\/\/www.hoymercedes.com.ar\/principal\/2011\/05\/27\/celebraron-en-casa-anus-el-cuadragesimo-aniversario-del-pami\/pamianiversario006-2\/#main\" data-orig-file=\"https:\/\/www.hoymercedes.com.ar\/principal\/wp-content\/uploads\/2011\/05\/pamianiversario0061.jpg\" data-orig-size=\"600,450\" data-comments-opened=\"1\" data-image-meta=\"{&quot;aperture&quot;:&quot;2.8&quot;,&quot;credit&quot;:&quot;&quot;,&quot;camera&quot;:&quot;COOLPIX L10&quot;,&quot;caption&quot;:&quot;&quot;,&quot;created_timestamp&quot;:&quot;1306248844&quot;,&quot;copyright&quot;:&quot;Copyright 2006&quot;,&quot;focal_length&quot;:&quot;6.2&quot;,&quot;iso&quot;:&quot;400&quot;,&quot;shutter_speed&quot;:&quot;0.016666666666667&quot;,&quot;title&quot;:&quot;&quot;}\" data-image-title=\"pamianiversario006\" data-image-description=\"\" data-image-caption=\"\" data-large-file=\"https:\/\/www.hoymercedes.com.ar\/principal\/wp-content\/uploads\/2011\/05\/pamianiversario0061.jpg\" class=\"aligncenter size-full wp-image-4566\" title=\"pamianiversario006\" src=\"https:\/\/www.hoymercedes.com.ar\/principal\/wp-content\/uploads\/2011\/05\/pamianiversario0061.jpg\" alt=\"\" width=\"600\" height=\"450\" srcset=\"https:\/\/www.hoymercedes.com.ar\/principal\/wp-content\/uploads\/2011\/05\/pamianiversario0061.jpg 600w, https:\/\/www.hoymercedes.com.ar\/principal\/wp-content\/uploads\/2011\/05\/pamianiversario0061-300x225.jpg 300w\" sizes=\"auto, (max-width: 600px) 100vw, 600px\" \/><\/a><\/p>\n<p>Luego se hicieron entrega de distinciones especiales a los m\u00e1ximos referentes de las agrupaciones de jubilados de Mercedes y las dos localidades vecinas ya mencionadas como as\u00ed  tambi\u00e9n a los empleados que vienen desarrollando desde hace tiempo sus actividades en la Agencia local.<\/p>\n<p><a href=\"https:\/\/www.hoymercedes.com.ar\/principal\/wp-content\/uploads\/2011\/05\/pamianiversario009.jpg\"><img loading=\"lazy\" decoding=\"async\" data-attachment-id=\"4565\" data-permalink=\"https:\/\/www.hoymercedes.com.ar\/principal\/2011\/05\/27\/celebraron-en-casa-anus-el-cuadragesimo-aniversario-del-pami\/pamianiversario009\/#main\" data-orig-file=\"https:\/\/www.hoymercedes.com.ar\/principal\/wp-content\/uploads\/2011\/05\/pamianiversario009.jpg\" data-orig-size=\"600,450\" data-comments-opened=\"1\" data-image-meta=\"{&quot;aperture&quot;:&quot;5.2&quot;,&quot;credit&quot;:&quot;&quot;,&quot;camera&quot;:&quot;COOLPIX L10&quot;,&quot;caption&quot;:&quot;&quot;,&quot;created_timestamp&quot;:&quot;1306250796&quot;,&quot;copyright&quot;:&quot;Copyright 2006&quot;,&quot;focal_length&quot;:&quot;18.6&quot;,&quot;iso&quot;:&quot;400&quot;,&quot;shutter_speed&quot;:&quot;0.016666666666667&quot;,&quot;title&quot;:&quot;&quot;}\" data-image-title=\"pamianiversario009\" data-image-description=\"\" data-image-caption=\"\" data-large-file=\"https:\/\/www.hoymercedes.com.ar\/principal\/wp-content\/uploads\/2011\/05\/pamianiversario009.jpg\" class=\"aligncenter size-full wp-image-4565\" title=\"pamianiversario009\" src=\"https:\/\/www.hoymercedes.com.ar\/principal\/wp-content\/uploads\/2011\/05\/pamianiversario009.jpg\" alt=\"\" width=\"600\" height=\"450\" srcset=\"https:\/\/www.hoymercedes.com.ar\/principal\/wp-content\/uploads\/2011\/05\/pamianiversario009.jpg 600w, https:\/\/www.hoymercedes.com.ar\/principal\/wp-content\/uploads\/2011\/05\/pamianiversario009-300x225.jpg 300w\" sizes=\"auto, (max-width: 600px) 100vw, 600px\" \/><\/a><\/p>\n<p>Posteriormente el Gerente de Coordinaci\u00f3n de Acci\u00f3n de las Unidades de Gesti\u00f3n Local (UGL) del PAMI central, Dr. Lu\u00eds Calderado sostuvo que el PAMI era de todos los argentinos y que hay cuatro millones y medio de trabajadores que cuando se jubilen van a tener como obras social a dicho Instituto.<\/p>\n<p><a href=\"https:\/\/www.hoymercedes.com.ar\/principal\/wp-content\/uploads\/2011\/05\/pamianiversario007.jpg\"><img loading=\"lazy\" decoding=\"async\" data-attachment-id=\"4563\" data-permalink=\"https:\/\/www.hoymercedes.com.ar\/principal\/2011\/05\/27\/celebraron-en-casa-anus-el-cuadragesimo-aniversario-del-pami\/pamianiversario007\/#main\" data-orig-file=\"https:\/\/www.hoymercedes.com.ar\/principal\/wp-content\/uploads\/2011\/05\/pamianiversario007.jpg\" data-orig-size=\"600,450\" data-comments-opened=\"1\" data-image-meta=\"{&quot;aperture&quot;:&quot;2.8&quot;,&quot;credit&quot;:&quot;&quot;,&quot;camera&quot;:&quot;COOLPIX L10&quot;,&quot;caption&quot;:&quot;&quot;,&quot;created_timestamp&quot;:&quot;1306249649&quot;,&quot;copyright&quot;:&quot;Copyright 2006&quot;,&quot;focal_length&quot;:&quot;6.2&quot;,&quot;iso&quot;:&quot;400&quot;,&quot;shutter_speed&quot;:&quot;0.016666666666667&quot;,&quot;title&quot;:&quot;&quot;}\" data-image-title=\"pamianiversario007\" data-image-description=\"\" data-image-caption=\"\" data-large-file=\"https:\/\/www.hoymercedes.com.ar\/principal\/wp-content\/uploads\/2011\/05\/pamianiversario007.jpg\" class=\"aligncenter size-full wp-image-4563\" title=\"pamianiversario007\" src=\"https:\/\/www.hoymercedes.com.ar\/principal\/wp-content\/uploads\/2011\/05\/pamianiversario007.jpg\" alt=\"\" width=\"600\" height=\"450\" srcset=\"https:\/\/www.hoymercedes.com.ar\/principal\/wp-content\/uploads\/2011\/05\/pamianiversario007.jpg 600w, https:\/\/www.hoymercedes.com.ar\/principal\/wp-content\/uploads\/2011\/05\/pamianiversario007-300x225.jpg 300w\" sizes=\"auto, (max-width: 600px) 100vw, 600px\" \/><\/a><\/p>\n<p>&nbsp;<\/p>\n<p><a href=\"https:\/\/www.hoymercedes.com.ar\/principal\/wp-content\/uploads\/2011\/05\/pamianiversario008.jpg\"><img loading=\"lazy\" decoding=\"async\" data-attachment-id=\"4564\" data-permalink=\"https:\/\/www.hoymercedes.com.ar\/principal\/2011\/05\/27\/celebraron-en-casa-anus-el-cuadragesimo-aniversario-del-pami\/pamianiversario008\/#main\" data-orig-file=\"https:\/\/www.hoymercedes.com.ar\/principal\/wp-content\/uploads\/2011\/05\/pamianiversario008.jpg\" data-orig-size=\"600,450\" data-comments-opened=\"1\" data-image-meta=\"{&quot;aperture&quot;:&quot;2.8&quot;,&quot;credit&quot;:&quot;&quot;,&quot;camera&quot;:&quot;COOLPIX L10&quot;,&quot;caption&quot;:&quot;&quot;,&quot;created_timestamp&quot;:&quot;1306249852&quot;,&quot;copyright&quot;:&quot;Copyright 2006&quot;,&quot;focal_length&quot;:&quot;6.2&quot;,&quot;iso&quot;:&quot;800&quot;,&quot;shutter_speed&quot;:&quot;0.016666666666667&quot;,&quot;title&quot;:&quot;&quot;}\" data-image-title=\"pamianiversario008\" data-image-description=\"\" data-image-caption=\"\" data-large-file=\"https:\/\/www.hoymercedes.com.ar\/principal\/wp-content\/uploads\/2011\/05\/pamianiversario008.jpg\" class=\"aligncenter size-full wp-image-4564\" title=\"pamianiversario008\" src=\"https:\/\/www.hoymercedes.com.ar\/principal\/wp-content\/uploads\/2011\/05\/pamianiversario008.jpg\" alt=\"\" width=\"600\" height=\"450\" srcset=\"https:\/\/www.hoymercedes.com.ar\/principal\/wp-content\/uploads\/2011\/05\/pamianiversario008.jpg 600w, https:\/\/www.hoymercedes.com.ar\/principal\/wp-content\/uploads\/2011\/05\/pamianiversario008-300x225.jpg 300w\" sizes=\"auto, (max-width: 600px) 100vw, 600px\" \/><\/a><\/p>\n","protected":false},"excerpt":{"rendered":"<p>Con la presencia del PAMI central se llev\u00f3 a cabo en el sal\u00f3n de fiestas de calle 20 el acto &#8230; <a title=\"Celebraron en Casa Anus el cuadrag\u00e9simo aniversario del PAMI\" class=\"read-more\" href=\"https:\/\/www.hoymercedes.com.ar\/principal\/2011\/05\/27\/celebraron-en-casa-anus-el-cuadragesimo-aniversario-del-pami\/\" aria-label=\"Leer m\u00e1s sobre Celebraron en Casa Anus el cuadrag\u00e9simo aniversario del PAMI\">Leer m\u00e1s<\/a><\/p>\n","protected":false},"author":1,"featured_media":0,"comment_status":"open","ping_status":"open","sticky":false,"template":"","format":"standard","meta":{"_monsterinsights_skip_tracking":false,"_monsterinsights_sitenote_active":false,"_monsterinsights_sitenote_note":"","_monsterinsights_sitenote_category":0,"jetpack_post_was_ever_published":false,"_jetpack_newsletter_access":"","_jetpack_dont_email_post_to_subs":false,"_jetpack_newsletter_tier_id":0,"_jetpack_memberships_contains_paywalled_content":false,"_jetpack_memberships_contains_paid_content":false,"footnotes":"","jetpack_publicize_message":"","jetpack_publicize_feature_enabled":true,"jetpack_social_post_already_shared":false,"jetpack_social_options":{"image_generator_settings":{"template":"highway","default_image_id":0,"font":"","enabled":false},"version":2},"_wpas_customize_per_network":false},"categories":[8],"tags":[500],"class_list":["post-4555","post","type-post","status-publish","format-standard","hentry","category-sociedad","tag-pami-mercedes","generate-columns","tablet-grid-50","mobile-grid-100","grid-parent","grid-50"],"jetpack_publicize_connections":[],"jetpack_featured_media_url":"","wps_subtitle":"","jetpack_sharing_enabled":true,"_links":{"self":[{"href":"https:\/\/www.hoymercedes.com.ar\/principal\/wp-json\/wp\/v2\/posts\/4555","targetHints":{"allow":["GET"]}}],"collection":[{"href":"https:\/\/www.hoymercedes.com.ar\/principal\/wp-json\/wp\/v2\/posts"}],"about":[{"href":"https:\/\/www.hoymercedes.com.ar\/principal\/wp-json\/wp\/v2\/types\/post"}],"author":[{"embeddable":true,"href":"https:\/\/www.hoymercedes.com.ar\/principal\/wp-json\/wp\/v2\/users\/1"}],"replies":[{"embeddable":true,"href":"https:\/\/www.hoymercedes.com.ar\/principal\/wp-json\/wp\/v2\/comments?post=4555"}],"version-history":[{"count":0,"href":"https:\/\/www.hoymercedes.com.ar\/principal\/wp-json\/wp\/v2\/posts\/4555\/revisions"}],"wp:attachment":[{"href":"https:\/\/www.hoymercedes.com.ar\/principal\/wp-json\/wp\/v2\/media?parent=4555"}],"wp:term":[{"taxonomy":"category","embeddable":true,"href":"https:\/\/www.hoymercedes.com.ar\/principal\/wp-json\/wp\/v2\/categories?post=4555"},{"taxonomy":"post_tag","embeddable":true,"href":"https:\/\/www.hoymercedes.com.ar\/principal\/wp-json\/wp\/v2\/tags?post=4555"}],"curies":[{"name":"wp","href":"https:\/\/api.w.org\/{rel}","templated":true}]}}