{"id":45557,"date":"2015-10-25T14:02:39","date_gmt":"2015-10-25T17:02:39","guid":{"rendered":"http:\/\/www.hoymercedes.com.ar\/principal\/?p=45557"},"modified":"2015-10-25T16:44:58","modified_gmt":"2015-10-25T19:44:58","slug":"wado-de-pedro-voto-y-dijo-para-los-argentinos-votar-es-una-senal-de-madurez","status":"publish","type":"post","link":"https:\/\/www.hoymercedes.com.ar\/principal\/2015\/10\/25\/wado-de-pedro-voto-y-dijo-para-los-argentinos-votar-es-una-senal-de-madurez\/","title":{"rendered":"Wado De Pedro sufrag\u00f3 y dijo: \u00abPara los argentinos votar es una se\u00f1al de madurez\u00bb"},"content":{"rendered":"<p><span class=\"embed-youtube\" style=\"text-align:center; display: block;\"><iframe loading=\"lazy\" class=\"youtube-player\" width=\"1200\" height=\"675\" src=\"https:\/\/www.youtube.com\/embed\/TsMqrTCs3Qo?version=3&#038;rel=1&#038;showsearch=0&#038;showinfo=1&#038;iv_load_policy=1&#038;fs=1&#038;hl=es-ES&#038;autohide=2&#038;wmode=transparent\" allowfullscreen=\"true\" style=\"border:0;\" sandbox=\"allow-scripts allow-same-origin allow-popups allow-presentation allow-popups-to-escape-sandbox\"><\/iframe><\/span><\/p>\n<p><em><strong>(Telam) \u201cPara los argentinos votar es una se\u00f1al de madurez. Cada vez que el pueblo vota seguimos creciendo como pa\u00eds, como naci\u00f3n, como democracia. Somos una democracia joven y un proceso eleccionario es tambi\u00e9n fortalecer las instituciones\u201d, dijo de Pedro, quien emiti\u00f3 su voto cerca del mediod\u00eda en la escuela 10 <\/strong><strong>d<\/strong><strong>e<\/strong> <strong>su ciudad natal, Mercedes.<\/strong><\/em><\/p>\n<p>\u201cY esto ocurre m\u00e1s all\u00e1 de que tenemos medios como Clar\u00edn, que se la pas\u00f3 ensuciando el proceso electoral inclusive en una ciudad tranquila como es Mercedes -agreg\u00f3-. Junto con uno de los partidos opositores y de manera sincronizada quiso perjudicar a nuestra ciudad. Pero bueno, aunque quieran ensuciar siempre y mantengan la campa\u00f1a hasta \u00faltimo momento, cuando los candidatos no podemos responder, la sociedad est\u00e1 feliz, yendo a votar, eligiendo con tranquilidad por ellos, por su familia, por su futuro\u201d.<\/p>\n<p>El candidato a diputado manifest\u00f3 adem\u00e1s: \u201cA partir de este proceso pol\u00edtico, los presidentes saben que tienen el poder del voto popular para gobernar sin dejar las convicciones en la puerta de la Casa Rosada, como dec\u00eda N\u00e9stor. Saben que tienen el poder de ese voto para resolver los problemas de la gente y no de los empresarios que hacen lobby o de un grupo editorial que presiona permanentemente\u201d.<\/p>\n<p>De Pedro, que arranc\u00f3 la jornada \u201ctomando mate con los compa\u00f1eros y organizando la fiscalizaci\u00f3n\u201d de los comicios, celebr\u00f3 tambi\u00e9n \u201cla gran participaci\u00f3n de la gente que est\u00e1 yendo a votar\u201d.<\/p>\n<p>\u201cEn las PASO, en la provincia de Buenos Aires muchos vecinos no pudieron trasladarse por cuestiones clim\u00e1ticas. En aquellos d\u00edas llovi\u00f3 mucho \u2013-record\u00f3-. Por suerte hoy tenemos un d\u00eda muy lindo, con un sol hermoso, y est\u00e1 saliendo todo en orden\u201d.<\/p>\n<p>El Secretario General de la Presidencia, finalmente, anunci\u00f3 que una vez finalizada la elecci\u00f3n se quedar\u00e1 \u201cunos momentos en Mercedes\u201d y luego viajar\u00e1 a Buenos Aires para instalarse en \u201cel b\u00fanker de nuestros compa\u00f1eros Daniel Scioli, Carlos Zannini, An\u00edbal Fern\u00e1ndez y Mart\u00edn Sabbatella\u201d.<\/p>\n<p>Fuente: <a href=\"http:\/\/www.telam.com.ar\/notas\/201510\/124783-elecciones-wado-de-pedro-clarin-oposicion.html\" target=\"_blank\" rel=\"noopener\">Telam<\/a><\/p>\n","protected":false},"excerpt":{"rendered":"<p>(Telam) \u201cPara los argentinos votar es una se\u00f1al de madurez. Cada vez que el pueblo vota seguimos creciendo como pa\u00eds, &#8230; <a title=\"Wado De Pedro sufrag\u00f3 y dijo: \u00abPara los argentinos votar es una se\u00f1al de madurez\u00bb\" class=\"read-more\" href=\"https:\/\/www.hoymercedes.com.ar\/principal\/2015\/10\/25\/wado-de-pedro-voto-y-dijo-para-los-argentinos-votar-es-una-senal-de-madurez\/\" aria-label=\"Leer m\u00e1s sobre Wado De Pedro sufrag\u00f3 y dijo: \u00abPara los argentinos votar es una se\u00f1al de madurez\u00bb\">Leer m\u00e1s<\/a><\/p>\n","protected":false},"author":1,"featured_media":45558,"comment_status":"open","ping_status":"open","sticky":false,"template":"","format":"standard","meta":{"_monsterinsights_skip_tracking":false,"_monsterinsights_sitenote_active":false,"_monsterinsights_sitenote_note":"","_monsterinsights_sitenote_category":0,"jetpack_post_was_ever_published":false,"_jetpack_newsletter_access":"","_jetpack_dont_email_post_to_subs":false,"_jetpack_newsletter_tier_id":0,"_jetpack_memberships_contains_paywalled_content":false,"_jetpack_memberships_contains_paid_content":false,"footnotes":"","jetpack_publicize_message":"","jetpack_publicize_feature_enabled":true,"jetpack_social_post_already_shared":true,"jetpack_social_options":{"image_generator_settings":{"template":"highway","default_image_id":0,"font":"","enabled":false},"version":2},"_wpas_customize_per_network":false},"categories":[7405],"tags":[8115,281],"class_list":["post-45557","post","type-post","status-publish","format-standard","has-post-thumbnail","hentry","category-cuarta","tag-voto-de-pedro-mercedes","tag-wado-de-pedro","generate-columns","tablet-grid-50","mobile-grid-100","grid-parent","grid-50"],"jetpack_publicize_connections":[],"jetpack_featured_media_url":"https:\/\/www.hoymercedes.com.ar\/principal\/wp-content\/uploads\/2015\/10\/wado.voto_.jpg","wps_subtitle":"Elecciones 2015","jetpack_sharing_enabled":true,"_links":{"self":[{"href":"https:\/\/www.hoymercedes.com.ar\/principal\/wp-json\/wp\/v2\/posts\/45557","targetHints":{"allow":["GET"]}}],"collection":[{"href":"https:\/\/www.hoymercedes.com.ar\/principal\/wp-json\/wp\/v2\/posts"}],"about":[{"href":"https:\/\/www.hoymercedes.com.ar\/principal\/wp-json\/wp\/v2\/types\/post"}],"author":[{"embeddable":true,"href":"https:\/\/www.hoymercedes.com.ar\/principal\/wp-json\/wp\/v2\/users\/1"}],"replies":[{"embeddable":true,"href":"https:\/\/www.hoymercedes.com.ar\/principal\/wp-json\/wp\/v2\/comments?post=45557"}],"version-history":[{"count":0,"href":"https:\/\/www.hoymercedes.com.ar\/principal\/wp-json\/wp\/v2\/posts\/45557\/revisions"}],"wp:featuredmedia":[{"embeddable":true,"href":"https:\/\/www.hoymercedes.com.ar\/principal\/wp-json\/wp\/v2\/media\/45558"}],"wp:attachment":[{"href":"https:\/\/www.hoymercedes.com.ar\/principal\/wp-json\/wp\/v2\/media?parent=45557"}],"wp:term":[{"taxonomy":"category","embeddable":true,"href":"https:\/\/www.hoymercedes.com.ar\/principal\/wp-json\/wp\/v2\/categories?post=45557"},{"taxonomy":"post_tag","embeddable":true,"href":"https:\/\/www.hoymercedes.com.ar\/principal\/wp-json\/wp\/v2\/tags?post=45557"}],"curies":[{"name":"wp","href":"https:\/\/api.w.org\/{rel}","templated":true}]}}