{"id":45607,"date":"2015-10-26T21:48:11","date_gmt":"2015-10-27T00:48:11","guid":{"rendered":"http:\/\/www.hoymercedes.com.ar\/principal\/?p=45607"},"modified":"2015-10-27T23:21:21","modified_gmt":"2015-10-28T02:21:21","slug":"numeros-finales-una-urna-separo-a-ustarroz-de-fal","status":"publish","type":"post","link":"https:\/\/www.hoymercedes.com.ar\/principal\/2015\/10\/26\/numeros-finales-una-urna-separo-a-ustarroz-de-fal\/","title":{"rendered":"N\u00fameros finales: una urna separ\u00f3 a Ustarroz de Fal"},"content":{"rendered":"<p><a href=\"https:\/\/www.hoymercedes.com.ar\/principal\/wp-content\/uploads\/2015\/10\/resultados-finales.png\"><img loading=\"lazy\" decoding=\"async\" data-attachment-id=\"45608\" data-permalink=\"https:\/\/www.hoymercedes.com.ar\/principal\/2015\/10\/26\/numeros-finales-una-urna-separo-a-ustarroz-de-fal\/resultados-finales\/#main\" data-orig-file=\"https:\/\/www.hoymercedes.com.ar\/principal\/wp-content\/uploads\/2015\/10\/resultados-finales.png\" data-orig-size=\"620,300\" data-comments-opened=\"1\" data-image-meta=\"{&quot;aperture&quot;:&quot;0&quot;,&quot;credit&quot;:&quot;&quot;,&quot;camera&quot;:&quot;&quot;,&quot;caption&quot;:&quot;&quot;,&quot;created_timestamp&quot;:&quot;0&quot;,&quot;copyright&quot;:&quot;&quot;,&quot;focal_length&quot;:&quot;0&quot;,&quot;iso&quot;:&quot;0&quot;,&quot;shutter_speed&quot;:&quot;0&quot;,&quot;title&quot;:&quot;&quot;,&quot;orientation&quot;:&quot;0&quot;}\" data-image-title=\"resultados-finales\" data-image-description=\"\" data-image-caption=\"\" data-large-file=\"https:\/\/www.hoymercedes.com.ar\/principal\/wp-content\/uploads\/2015\/10\/resultados-finales.png\" class=\"Img2014 aligncenter wp-image-45608 size-full\" title=\"Resultados Finales Mercedes \" src=\"https:\/\/www.hoymercedes.com.ar\/principal\/wp-content\/uploads\/2015\/10\/resultados-finales.png\" alt=\"resultados-finales\" width=\"620\" height=\"300\" srcset=\"https:\/\/www.hoymercedes.com.ar\/principal\/wp-content\/uploads\/2015\/10\/resultados-finales.png 620w, https:\/\/www.hoymercedes.com.ar\/principal\/wp-content\/uploads\/2015\/10\/resultados-finales-150x73.png 150w, https:\/\/www.hoymercedes.com.ar\/principal\/wp-content\/uploads\/2015\/10\/resultados-finales-290x140.png 290w, https:\/\/www.hoymercedes.com.ar\/principal\/wp-content\/uploads\/2015\/10\/resultados-finales-50x24.png 50w\" sizes=\"auto, (max-width: 620px) 100vw, 620px\" \/><\/a><\/p>\n<p><em><strong>Luego de conocerse los n\u00fameros preliminares en la noche del domingo se difundieron en la p\u00e1gina oficial de la Provincia de Buenos Aires los datos del escrutinio definitivo que mostr\u00f3 \u00a0la diferencia entre Juan Ustarroz y Lucas Fal fue m\u00ednima arribando a lo que podr\u00edamos decir \u201cuna urna\u201d de ventaja.<\/strong><\/em><\/p>\n<p>Con 154 mesas escrutadas equivalentes al 98.09% oficializados la diferencia entre <strong>Ustarroz y Fal es de 384 votos,<\/strong> es decir, una urna y un poco m\u00e1s del promedio de votos por urna en la ciudad. M\u00e1s atr\u00e1s quedaron Marcelo Den\u00e1pole y Pablo Demarco.<\/p>\n<p>En los porcentajes oficiales los datos arrojan que <strong>Juan Ustarroz<\/strong> del Frente para la Victoria alcanz\u00f3 el 43.30%, <strong>Lucas Fal<\/strong> del Frente Cambiemos el 42.36%, <strong>Marcelo Den\u00e1pole<\/strong> de UNA el 11.73% y <strong>Pablo Demarco<\/strong> del Partido Obrero el 2.61%<\/p>\n<p>Ya en t\u00e9rminos de n\u00fameros el resultado del escrutinio definitivo es: <strong>Ustarroz: 17.801 votos, Fal 17.414, Den\u00e1pole 4.821 y Demarco 1074 votos.<\/strong><\/p>\n<p>De esta manera la polarizaci\u00f3n que se preve\u00eda tom\u00f3 niveles hist\u00f3ricos.<\/p>\n<p>Ustarroz y Fal se llevaron el 85.66% de los votos siendo 35.215 votos de los 41.110 positivos emitidos.<\/p>\n<p>Los votos fueron de la siguiente manera en t\u00e9rminos generales:<\/p>\n<p>Afirmativos: 41.110 &#8211; 94,76%<\/p>\n<p>En blanco: 2.003 &#8211; 4,62%<\/p>\n<p>Nulos: 246 &#8211; 0,57%<\/p>\n<p>Recurridos e impugnados: 24 &#8211; 0,05%<\/p>\n<p>&nbsp;<\/p>\n","protected":false},"excerpt":{"rendered":"<p>Luego de conocerse los n\u00fameros preliminares en la noche del domingo se difundieron en la p\u00e1gina oficial de la Provincia &#8230; <a title=\"N\u00fameros finales: una urna separ\u00f3 a Ustarroz de Fal\" class=\"read-more\" href=\"https:\/\/www.hoymercedes.com.ar\/principal\/2015\/10\/26\/numeros-finales-una-urna-separo-a-ustarroz-de-fal\/\" aria-label=\"Leer m\u00e1s sobre N\u00fameros finales: una urna separ\u00f3 a Ustarroz de Fal\">Leer m\u00e1s<\/a><\/p>\n","protected":false},"author":1,"featured_media":45608,"comment_status":"open","ping_status":"open","sticky":false,"template":"","format":"standard","meta":{"_monsterinsights_skip_tracking":false,"_monsterinsights_sitenote_active":false,"_monsterinsights_sitenote_note":"","_monsterinsights_sitenote_category":0,"jetpack_post_was_ever_published":false,"_jetpack_newsletter_access":"","_jetpack_dont_email_post_to_subs":false,"_jetpack_newsletter_tier_id":0,"_jetpack_memberships_contains_paywalled_content":false,"_jetpack_memberships_contains_paid_content":false,"footnotes":"","jetpack_publicize_message":"","jetpack_publicize_feature_enabled":true,"jetpack_social_post_already_shared":true,"jetpack_social_options":{"image_generator_settings":{"template":"highway","default_image_id":0,"font":"","enabled":false},"version":2},"_wpas_customize_per_network":false},"categories":[5],"tags":[8121],"class_list":["post-45607","post","type-post","status-publish","format-standard","has-post-thumbnail","hentry","category-politica","tag-resultados-finales-mercedes","generate-columns","tablet-grid-50","mobile-grid-100","grid-parent","grid-50"],"jetpack_publicize_connections":[],"jetpack_featured_media_url":"https:\/\/www.hoymercedes.com.ar\/principal\/wp-content\/uploads\/2015\/10\/resultados-finales.png","wps_subtitle":"Elecciones 2015","jetpack_sharing_enabled":true,"_links":{"self":[{"href":"https:\/\/www.hoymercedes.com.ar\/principal\/wp-json\/wp\/v2\/posts\/45607","targetHints":{"allow":["GET"]}}],"collection":[{"href":"https:\/\/www.hoymercedes.com.ar\/principal\/wp-json\/wp\/v2\/posts"}],"about":[{"href":"https:\/\/www.hoymercedes.com.ar\/principal\/wp-json\/wp\/v2\/types\/post"}],"author":[{"embeddable":true,"href":"https:\/\/www.hoymercedes.com.ar\/principal\/wp-json\/wp\/v2\/users\/1"}],"replies":[{"embeddable":true,"href":"https:\/\/www.hoymercedes.com.ar\/principal\/wp-json\/wp\/v2\/comments?post=45607"}],"version-history":[{"count":0,"href":"https:\/\/www.hoymercedes.com.ar\/principal\/wp-json\/wp\/v2\/posts\/45607\/revisions"}],"wp:featuredmedia":[{"embeddable":true,"href":"https:\/\/www.hoymercedes.com.ar\/principal\/wp-json\/wp\/v2\/media\/45608"}],"wp:attachment":[{"href":"https:\/\/www.hoymercedes.com.ar\/principal\/wp-json\/wp\/v2\/media?parent=45607"}],"wp:term":[{"taxonomy":"category","embeddable":true,"href":"https:\/\/www.hoymercedes.com.ar\/principal\/wp-json\/wp\/v2\/categories?post=45607"},{"taxonomy":"post_tag","embeddable":true,"href":"https:\/\/www.hoymercedes.com.ar\/principal\/wp-json\/wp\/v2\/tags?post=45607"}],"curies":[{"name":"wp","href":"https:\/\/api.w.org\/{rel}","templated":true}]}}