{"id":45682,"date":"2015-10-30T23:55:05","date_gmt":"2015-10-31T02:55:05","guid":{"rendered":"http:\/\/www.hoymercedes.com.ar\/principal\/?p=45682"},"modified":"2015-11-01T01:20:00","modified_gmt":"2015-11-01T04:20:00","slug":"satisfactoria-prueba-de-la-alarma-preventiva-de-inundaciones","status":"publish","type":"post","link":"https:\/\/www.hoymercedes.com.ar\/principal\/2015\/10\/30\/satisfactoria-prueba-de-la-alarma-preventiva-de-inundaciones\/","title":{"rendered":"Satisfactoria prueba de la alarma preventiva de inundaciones"},"content":{"rendered":"<p><a href=\"https:\/\/www.hoymercedes.com.ar\/principal\/wp-content\/uploads\/2015\/10\/alarma.iglesia.marchetti.jpg\"><img loading=\"lazy\" decoding=\"async\" data-attachment-id=\"45683\" data-permalink=\"https:\/\/www.hoymercedes.com.ar\/principal\/2015\/10\/30\/satisfactoria-prueba-de-la-alarma-preventiva-de-inundaciones\/alarma-iglesia-marchetti\/#main\" data-orig-file=\"https:\/\/www.hoymercedes.com.ar\/principal\/wp-content\/uploads\/2015\/10\/alarma.iglesia.marchetti.jpg\" data-orig-size=\"620,463\" data-comments-opened=\"1\" data-image-meta=\"{&quot;aperture&quot;:&quot;0&quot;,&quot;credit&quot;:&quot;&quot;,&quot;camera&quot;:&quot;&quot;,&quot;caption&quot;:&quot;&quot;,&quot;created_timestamp&quot;:&quot;0&quot;,&quot;copyright&quot;:&quot;&quot;,&quot;focal_length&quot;:&quot;0&quot;,&quot;iso&quot;:&quot;0&quot;,&quot;shutter_speed&quot;:&quot;0&quot;,&quot;title&quot;:&quot;&quot;,&quot;orientation&quot;:&quot;0&quot;}\" data-image-title=\"alarma.iglesia.marchetti\" data-image-description=\"\" data-image-caption=\"\" data-large-file=\"https:\/\/www.hoymercedes.com.ar\/principal\/wp-content\/uploads\/2015\/10\/alarma.iglesia.marchetti.jpg\" class=\"Img2014 aligncenter wp-image-45683 size-full\" title=\"Barrio Marchetti, Alarma preventiva inundaciones\" src=\"https:\/\/www.hoymercedes.com.ar\/principal\/wp-content\/uploads\/2015\/10\/alarma.iglesia.marchetti.jpg\" alt=\"alarma.iglesia.marchetti\" width=\"620\" height=\"463\" srcset=\"https:\/\/www.hoymercedes.com.ar\/principal\/wp-content\/uploads\/2015\/10\/alarma.iglesia.marchetti.jpg 620w, https:\/\/www.hoymercedes.com.ar\/principal\/wp-content\/uploads\/2015\/10\/alarma.iglesia.marchetti-150x112.jpg 150w, https:\/\/www.hoymercedes.com.ar\/principal\/wp-content\/uploads\/2015\/10\/alarma.iglesia.marchetti-290x217.jpg 290w, https:\/\/www.hoymercedes.com.ar\/principal\/wp-content\/uploads\/2015\/10\/alarma.iglesia.marchetti-50x37.jpg 50w\" sizes=\"auto, (max-width: 620px) 100vw, 620px\" \/><\/a><\/p>\n<p><em><strong>Finalmente durante la tarde de \u00e9ste viernes se llev\u00f3 a cabo la puesta en marcha y prueba de funcionamiento y expansi\u00f3n sonora de la alarma-bocina instalada en la capilla de la iglesia del Barrio Marchetti como elemento de prevenci\u00f3n en crecidas del r\u00edo.<\/strong><\/em><\/p>\n<p>La expectativa que despert\u00f3 entre los vecinos fue excelente, remarcaron los funcionarios presentes, que fueron testigos de c\u00f3mo los vecinos empezaban a acercarse en clave positiva hasta el lugar.<\/p>\n<p><a href=\"https:\/\/www.hoymercedes.com.ar\/principal\/wp-content\/uploads\/2015\/10\/mosso-rossi-gines-2.jpg\"><img loading=\"lazy\" decoding=\"async\" data-attachment-id=\"45684\" data-permalink=\"https:\/\/www.hoymercedes.com.ar\/principal\/2015\/10\/30\/satisfactoria-prueba-de-la-alarma-preventiva-de-inundaciones\/mosso-rossi-gines-2\/#main\" data-orig-file=\"https:\/\/www.hoymercedes.com.ar\/principal\/wp-content\/uploads\/2015\/10\/mosso-rossi-gines-2.jpg\" data-orig-size=\"620,465\" data-comments-opened=\"1\" data-image-meta=\"{&quot;aperture&quot;:&quot;0&quot;,&quot;credit&quot;:&quot;&quot;,&quot;camera&quot;:&quot;&quot;,&quot;caption&quot;:&quot;&quot;,&quot;created_timestamp&quot;:&quot;0&quot;,&quot;copyright&quot;:&quot;&quot;,&quot;focal_length&quot;:&quot;0&quot;,&quot;iso&quot;:&quot;0&quot;,&quot;shutter_speed&quot;:&quot;0&quot;,&quot;title&quot;:&quot;&quot;,&quot;orientation&quot;:&quot;0&quot;}\" data-image-title=\"mosso-rossi-gines-2\" data-image-description=\"\" data-image-caption=\"\" data-large-file=\"https:\/\/www.hoymercedes.com.ar\/principal\/wp-content\/uploads\/2015\/10\/mosso-rossi-gines-2.jpg\" class=\"Img20014 aligncenter wp-image-45684 size-full\" title=\"Barrio Marchetti, Alarma preventiva inundaciones\" src=\"https:\/\/www.hoymercedes.com.ar\/principal\/wp-content\/uploads\/2015\/10\/mosso-rossi-gines-2.jpg\" alt=\"mosso-rossi-gines-2\" width=\"620\" height=\"465\" srcset=\"https:\/\/www.hoymercedes.com.ar\/principal\/wp-content\/uploads\/2015\/10\/mosso-rossi-gines-2.jpg 620w, https:\/\/www.hoymercedes.com.ar\/principal\/wp-content\/uploads\/2015\/10\/mosso-rossi-gines-2-150x113.jpg 150w, https:\/\/www.hoymercedes.com.ar\/principal\/wp-content\/uploads\/2015\/10\/mosso-rossi-gines-2-290x218.jpg 290w, https:\/\/www.hoymercedes.com.ar\/principal\/wp-content\/uploads\/2015\/10\/mosso-rossi-gines-2-50x38.jpg 50w\" sizes=\"auto, (max-width: 620px) 100vw, 620px\" \/><\/a><\/p>\n<p>El Coordinador de Infraestructura Municipal, Carlos Mosso, coment\u00f3 que: \u201clos vecinos nos acompa\u00f1aron y se mostraron satisfechos con la medida. La prueba t\u00e9cnica y sonora que realizamos fue positiva. Contamos con el acompa\u00f1amiento de los Bomberos Voluntarios y detectamos que el alcance fue de un kil\u00f3metro\u201d, sostuvo y expres\u00f3 que: \u201cahora faltan desarrollar algunas cuestiones t\u00e9cnicas de su funcionamiento, como se integrar\u00e1 a los sistemas existentes\u201d ante lo cual falta muy poco.<\/p>\n<p>Estuvieron tambi\u00e9n el Director de Seguridad, Esteban Rossi y el Coordinador de Defensa Civil, Melit\u00f3n Gin\u00e9s y el Presidente del Barrio G\u00fcemes Omar Moriconi.<\/p>\n<p>\u201cDeseamos nunca sea utilizada, por supuesto, pero es una medida m\u00e1s de prevenci\u00f3n para los vecinos\u201d, remarc\u00f3 Mosso.<\/p>\n<p><a href=\"https:\/\/www.hoymercedes.com.ar\/principal\/wp-content\/uploads\/2015\/10\/mosso-rossi-gines.jpg\"><img loading=\"lazy\" decoding=\"async\" data-attachment-id=\"45685\" data-permalink=\"https:\/\/www.hoymercedes.com.ar\/principal\/2015\/10\/30\/satisfactoria-prueba-de-la-alarma-preventiva-de-inundaciones\/mosso-rossi-gines\/#main\" data-orig-file=\"https:\/\/www.hoymercedes.com.ar\/principal\/wp-content\/uploads\/2015\/10\/mosso-rossi-gines.jpg\" data-orig-size=\"620,465\" data-comments-opened=\"1\" data-image-meta=\"{&quot;aperture&quot;:&quot;0&quot;,&quot;credit&quot;:&quot;&quot;,&quot;camera&quot;:&quot;&quot;,&quot;caption&quot;:&quot;&quot;,&quot;created_timestamp&quot;:&quot;0&quot;,&quot;copyright&quot;:&quot;&quot;,&quot;focal_length&quot;:&quot;0&quot;,&quot;iso&quot;:&quot;0&quot;,&quot;shutter_speed&quot;:&quot;0&quot;,&quot;title&quot;:&quot;&quot;,&quot;orientation&quot;:&quot;0&quot;}\" data-image-title=\"mosso-rossi-gines\" data-image-description=\"\" data-image-caption=\"\" data-large-file=\"https:\/\/www.hoymercedes.com.ar\/principal\/wp-content\/uploads\/2015\/10\/mosso-rossi-gines.jpg\" class=\"Img2014 aligncenter wp-image-45685 size-full\" title=\"Barrio Marchetti, Alarma preventiva inundaciones\" src=\"https:\/\/www.hoymercedes.com.ar\/principal\/wp-content\/uploads\/2015\/10\/mosso-rossi-gines.jpg\" alt=\"mosso-rossi-gines\" width=\"620\" height=\"465\" srcset=\"https:\/\/www.hoymercedes.com.ar\/principal\/wp-content\/uploads\/2015\/10\/mosso-rossi-gines.jpg 620w, https:\/\/www.hoymercedes.com.ar\/principal\/wp-content\/uploads\/2015\/10\/mosso-rossi-gines-150x113.jpg 150w, https:\/\/www.hoymercedes.com.ar\/principal\/wp-content\/uploads\/2015\/10\/mosso-rossi-gines-290x218.jpg 290w, https:\/\/www.hoymercedes.com.ar\/principal\/wp-content\/uploads\/2015\/10\/mosso-rossi-gines-50x38.jpg 50w\" sizes=\"auto, (max-width: 620px) 100vw, 620px\" \/><\/a><\/p>\n<p>&nbsp;<\/p>\n","protected":false},"excerpt":{"rendered":"<p>Finalmente durante la tarde de \u00e9ste viernes se llev\u00f3 a cabo la puesta en marcha y prueba de funcionamiento y &#8230; <a title=\"Satisfactoria prueba de la alarma preventiva de inundaciones\" class=\"read-more\" href=\"https:\/\/www.hoymercedes.com.ar\/principal\/2015\/10\/30\/satisfactoria-prueba-de-la-alarma-preventiva-de-inundaciones\/\" aria-label=\"Leer m\u00e1s sobre Satisfactoria prueba de la alarma preventiva de inundaciones\">Leer m\u00e1s<\/a><\/p>\n","protected":false},"author":1,"featured_media":45683,"comment_status":"open","ping_status":"open","sticky":false,"template":"","format":"standard","meta":{"_monsterinsights_skip_tracking":false,"_monsterinsights_sitenote_active":false,"_monsterinsights_sitenote_note":"","_monsterinsights_sitenote_category":0,"jetpack_post_was_ever_published":false,"_jetpack_newsletter_access":"","_jetpack_dont_email_post_to_subs":false,"_jetpack_newsletter_tier_id":0,"_jetpack_memberships_contains_paywalled_content":false,"_jetpack_memberships_contains_paid_content":false,"footnotes":"","jetpack_publicize_message":"","jetpack_publicize_feature_enabled":true,"jetpack_social_post_already_shared":true,"jetpack_social_options":{"image_generator_settings":{"template":"highway","default_image_id":0,"font":"","enabled":false},"version":2},"_wpas_customize_per_network":false},"categories":[30],"tags":[8140,623],"class_list":["post-45682","post","type-post","status-publish","format-standard","has-post-thumbnail","hentry","category-municipio","tag-alarma-preventiva-inundaciones","tag-barrio-marchetti","generate-columns","tablet-grid-50","mobile-grid-100","grid-parent","grid-50"],"jetpack_publicize_connections":[],"jetpack_featured_media_url":"https:\/\/www.hoymercedes.com.ar\/principal\/wp-content\/uploads\/2015\/10\/alarma.iglesia.marchetti.jpg","wps_subtitle":"En Barrio Marchetti ","jetpack_sharing_enabled":true,"_links":{"self":[{"href":"https:\/\/www.hoymercedes.com.ar\/principal\/wp-json\/wp\/v2\/posts\/45682","targetHints":{"allow":["GET"]}}],"collection":[{"href":"https:\/\/www.hoymercedes.com.ar\/principal\/wp-json\/wp\/v2\/posts"}],"about":[{"href":"https:\/\/www.hoymercedes.com.ar\/principal\/wp-json\/wp\/v2\/types\/post"}],"author":[{"embeddable":true,"href":"https:\/\/www.hoymercedes.com.ar\/principal\/wp-json\/wp\/v2\/users\/1"}],"replies":[{"embeddable":true,"href":"https:\/\/www.hoymercedes.com.ar\/principal\/wp-json\/wp\/v2\/comments?post=45682"}],"version-history":[{"count":0,"href":"https:\/\/www.hoymercedes.com.ar\/principal\/wp-json\/wp\/v2\/posts\/45682\/revisions"}],"wp:featuredmedia":[{"embeddable":true,"href":"https:\/\/www.hoymercedes.com.ar\/principal\/wp-json\/wp\/v2\/media\/45683"}],"wp:attachment":[{"href":"https:\/\/www.hoymercedes.com.ar\/principal\/wp-json\/wp\/v2\/media?parent=45682"}],"wp:term":[{"taxonomy":"category","embeddable":true,"href":"https:\/\/www.hoymercedes.com.ar\/principal\/wp-json\/wp\/v2\/categories?post=45682"},{"taxonomy":"post_tag","embeddable":true,"href":"https:\/\/www.hoymercedes.com.ar\/principal\/wp-json\/wp\/v2\/tags?post=45682"}],"curies":[{"name":"wp","href":"https:\/\/api.w.org\/{rel}","templated":true}]}}