{"id":45711,"date":"2015-11-01T21:43:39","date_gmt":"2015-11-02T00:43:39","guid":{"rendered":"http:\/\/www.hoymercedes.com.ar\/principal\/?p=45711"},"modified":"2015-11-02T21:38:31","modified_gmt":"2015-11-03T00:38:31","slug":"mercedino-detenido-tras-robo-en-suipacha-y-vuelco-en-acceso-a-la-ciudad","status":"publish","type":"post","link":"https:\/\/www.hoymercedes.com.ar\/principal\/2015\/11\/01\/mercedino-detenido-tras-robo-en-suipacha-y-vuelco-en-acceso-a-la-ciudad\/","title":{"rendered":"Mercedino detenido tras robo en Suipacha y vuelco en acceso a la ciudad"},"content":{"rendered":"<p><a href=\"https:\/\/www.hoymercedes.com.ar\/principal\/wp-content\/uploads\/2015\/11\/robo.camioneta.jpg\"><img loading=\"lazy\" decoding=\"async\" data-attachment-id=\"45712\" data-permalink=\"https:\/\/www.hoymercedes.com.ar\/principal\/2015\/11\/01\/mercedino-detenido-tras-robo-en-suipacha-y-vuelco-en-acceso-a-la-ciudad\/robo-camioneta\/#main\" data-orig-file=\"https:\/\/www.hoymercedes.com.ar\/principal\/wp-content\/uploads\/2015\/11\/robo.camioneta.jpg\" data-orig-size=\"620,349\" data-comments-opened=\"1\" data-image-meta=\"{&quot;aperture&quot;:&quot;0&quot;,&quot;credit&quot;:&quot;&quot;,&quot;camera&quot;:&quot;&quot;,&quot;caption&quot;:&quot;&quot;,&quot;created_timestamp&quot;:&quot;0&quot;,&quot;copyright&quot;:&quot;&quot;,&quot;focal_length&quot;:&quot;0&quot;,&quot;iso&quot;:&quot;0&quot;,&quot;shutter_speed&quot;:&quot;0&quot;,&quot;title&quot;:&quot;&quot;,&quot;orientation&quot;:&quot;0&quot;}\" data-image-title=\"robo.camioneta\" data-image-description=\"\" data-image-caption=\"\" data-large-file=\"https:\/\/www.hoymercedes.com.ar\/principal\/wp-content\/uploads\/2015\/11\/robo.camioneta.jpg\" class=\"Img2014 aligncenter wp-image-45712 size-full\" title=\"Robo camioneta, mercedino detenido, polic\u00eda suipacha, polic\u00eda mercedes \" src=\"https:\/\/www.hoymercedes.com.ar\/principal\/wp-content\/uploads\/2015\/11\/robo.camioneta.jpg\" alt=\"robo.camioneta\" width=\"620\" height=\"349\" srcset=\"https:\/\/www.hoymercedes.com.ar\/principal\/wp-content\/uploads\/2015\/11\/robo.camioneta.jpg 620w, https:\/\/www.hoymercedes.com.ar\/principal\/wp-content\/uploads\/2015\/11\/robo.camioneta-150x84.jpg 150w, https:\/\/www.hoymercedes.com.ar\/principal\/wp-content\/uploads\/2015\/11\/robo.camioneta-290x163.jpg 290w, https:\/\/www.hoymercedes.com.ar\/principal\/wp-content\/uploads\/2015\/11\/robo.camioneta-50x28.jpg 50w\" sizes=\"auto, (max-width: 620px) 100vw, 620px\" \/><\/a><\/p>\n<p><em><strong>En la vecina ciudad de Suipacha se produjo el robo de una camioneta a instancias de un joven mercedino que en la fuga termin\u00f3 volcando en el ingreso a nuestra localidad. Fue aprendido y est\u00e1 a disposici\u00f3n de la Fiscal\u00eda N2 del Departamento Judicial Mercedes.<\/strong><\/em><\/p>\n<p>El hecho se produjo durante la ma\u00f1ana de \u00e9ste domingo.<\/p>\n<p>Un vecino de la localidad de Suipacha se encontraba realizando mandados en su camionera Kangoo Express ptte cwi-950 dejando su veh\u00edculo fuera del supermercado donde estaba. Al salir nota que ya no contaba con su camioneta y r\u00e1pidamente da anuncio a la polic\u00eda. Rub\u00e9n Alberto Coccoza es el propietario de la camioneta que tras ser recuperada fue puesta nuevamente a su disposici\u00f3n.<\/p>\n<p>Presurosamente se genera una persecuci\u00f3n que cuenta con los m\u00f3viles de Suipacha y dando alerta a la Polic\u00eda de Mercedes que se suma al hecho esperando el veh\u00edculo para provocar el llamado \u201ccerrojo\u201d.<\/p>\n<p>La aprensi\u00f3n de qui\u00e9n rob\u00f3 la camioneta finalmente se concreta en nuestra ciudad, muy cerca de la rotonda local donde adem\u00e1s se genera un vuelco dadas las caracter\u00edsticas del manejo impregnado en la huida.<\/p>\n<p>Sobre el detenido el <strong>Comisario Inspector N\u00e9stor Dabi<\/strong> de la ciudad de Suipacha inform\u00f3 que se trabaj\u00f3: \u201ccon colaboraci\u00f3n de la Polic\u00eda Comunal de Mercedes logr\u00e1ndose la aprehensi\u00f3n del sujeto que hab\u00eda sustra\u00eddo dicha camioneta en ruta 5 km 107 trat\u00e1ndose de Emiliano Fernando Zapata de 19 a\u00f1os domiciliado en la localidad de Mercedes quien posee antecedentes penales y quien quedo detenido a disposici\u00f3n de la fiscal\u00eda Nro 2 del Departamento Judicial de Mercedes. Respecto a la camioneta le ser\u00e1 restituida en forma inmediata a su propietario\u201d.<\/p>\n<p>De esta manera el caso qued\u00f3 resuelto y el sujeto detenido.<\/p>\n<p><a href=\"https:\/\/www.hoymercedes.com.ar\/principal\/wp-content\/uploads\/2015\/11\/robo.camioneta-3.jpg\"><img loading=\"lazy\" decoding=\"async\" data-attachment-id=\"45713\" data-permalink=\"https:\/\/www.hoymercedes.com.ar\/principal\/2015\/11\/01\/mercedino-detenido-tras-robo-en-suipacha-y-vuelco-en-acceso-a-la-ciudad\/robo-camioneta-3\/#main\" data-orig-file=\"https:\/\/www.hoymercedes.com.ar\/principal\/wp-content\/uploads\/2015\/11\/robo.camioneta-3.jpg\" data-orig-size=\"620,349\" data-comments-opened=\"1\" data-image-meta=\"{&quot;aperture&quot;:&quot;0&quot;,&quot;credit&quot;:&quot;&quot;,&quot;camera&quot;:&quot;&quot;,&quot;caption&quot;:&quot;&quot;,&quot;created_timestamp&quot;:&quot;0&quot;,&quot;copyright&quot;:&quot;&quot;,&quot;focal_length&quot;:&quot;0&quot;,&quot;iso&quot;:&quot;0&quot;,&quot;shutter_speed&quot;:&quot;0&quot;,&quot;title&quot;:&quot;&quot;,&quot;orientation&quot;:&quot;0&quot;}\" data-image-title=\"robo.camioneta-3\" data-image-description=\"\" data-image-caption=\"\" data-large-file=\"https:\/\/www.hoymercedes.com.ar\/principal\/wp-content\/uploads\/2015\/11\/robo.camioneta-3.jpg\" class=\"Img2014 aligncenter wp-image-45713 size-full\" title=\"Robo camioneta, mercedino detenido, polic\u00eda suipacha, polic\u00eda mercedes\" src=\"https:\/\/www.hoymercedes.com.ar\/principal\/wp-content\/uploads\/2015\/11\/robo.camioneta-3.jpg\" alt=\"robo.camioneta-3\" width=\"620\" height=\"349\" srcset=\"https:\/\/www.hoymercedes.com.ar\/principal\/wp-content\/uploads\/2015\/11\/robo.camioneta-3.jpg 620w, https:\/\/www.hoymercedes.com.ar\/principal\/wp-content\/uploads\/2015\/11\/robo.camioneta-3-150x84.jpg 150w, https:\/\/www.hoymercedes.com.ar\/principal\/wp-content\/uploads\/2015\/11\/robo.camioneta-3-290x163.jpg 290w, https:\/\/www.hoymercedes.com.ar\/principal\/wp-content\/uploads\/2015\/11\/robo.camioneta-3-50x28.jpg 50w\" sizes=\"auto, (max-width: 620px) 100vw, 620px\" \/><\/a><\/p>\n","protected":false},"excerpt":{"rendered":"<p>En la vecina ciudad de Suipacha se produjo el robo de una camioneta a instancias de un joven mercedino que &#8230; <a title=\"Mercedino detenido tras robo en Suipacha y vuelco en acceso a la ciudad\" class=\"read-more\" href=\"https:\/\/www.hoymercedes.com.ar\/principal\/2015\/11\/01\/mercedino-detenido-tras-robo-en-suipacha-y-vuelco-en-acceso-a-la-ciudad\/\" aria-label=\"Leer m\u00e1s sobre Mercedino detenido tras robo en Suipacha y vuelco en acceso a la ciudad\">Leer m\u00e1s<\/a><\/p>\n","protected":false},"author":1,"featured_media":45712,"comment_status":"open","ping_status":"open","sticky":false,"template":"","format":"standard","meta":{"_monsterinsights_skip_tracking":false,"_monsterinsights_sitenote_active":false,"_monsterinsights_sitenote_note":"","_monsterinsights_sitenote_category":0,"jetpack_post_was_ever_published":false,"_jetpack_newsletter_access":"","_jetpack_dont_email_post_to_subs":false,"_jetpack_newsletter_tier_id":0,"_jetpack_memberships_contains_paywalled_content":false,"_jetpack_memberships_contains_paid_content":false,"footnotes":"","jetpack_publicize_message":"","jetpack_publicize_feature_enabled":true,"jetpack_social_post_already_shared":true,"jetpack_social_options":{"image_generator_settings":{"template":"highway","default_image_id":0,"font":"","enabled":false},"version":2},"_wpas_customize_per_network":false},"categories":[85],"tags":[8146,126,5463,8145],"class_list":["post-45711","post","type-post","status-publish","format-standard","has-post-thumbnail","hentry","category-policial","tag-mercedino-detenido","tag-policia-mercedes","tag-policia-suipacha","tag-robo-camioneta","generate-columns","tablet-grid-50","mobile-grid-100","grid-parent","grid-50"],"jetpack_publicize_connections":[],"jetpack_featured_media_url":"https:\/\/www.hoymercedes.com.ar\/principal\/wp-content\/uploads\/2015\/11\/robo.camioneta.jpg","wps_subtitle":"Actuaci\u00f3n policial ","jetpack_sharing_enabled":true,"_links":{"self":[{"href":"https:\/\/www.hoymercedes.com.ar\/principal\/wp-json\/wp\/v2\/posts\/45711","targetHints":{"allow":["GET"]}}],"collection":[{"href":"https:\/\/www.hoymercedes.com.ar\/principal\/wp-json\/wp\/v2\/posts"}],"about":[{"href":"https:\/\/www.hoymercedes.com.ar\/principal\/wp-json\/wp\/v2\/types\/post"}],"author":[{"embeddable":true,"href":"https:\/\/www.hoymercedes.com.ar\/principal\/wp-json\/wp\/v2\/users\/1"}],"replies":[{"embeddable":true,"href":"https:\/\/www.hoymercedes.com.ar\/principal\/wp-json\/wp\/v2\/comments?post=45711"}],"version-history":[{"count":0,"href":"https:\/\/www.hoymercedes.com.ar\/principal\/wp-json\/wp\/v2\/posts\/45711\/revisions"}],"wp:featuredmedia":[{"embeddable":true,"href":"https:\/\/www.hoymercedes.com.ar\/principal\/wp-json\/wp\/v2\/media\/45712"}],"wp:attachment":[{"href":"https:\/\/www.hoymercedes.com.ar\/principal\/wp-json\/wp\/v2\/media?parent=45711"}],"wp:term":[{"taxonomy":"category","embeddable":true,"href":"https:\/\/www.hoymercedes.com.ar\/principal\/wp-json\/wp\/v2\/categories?post=45711"},{"taxonomy":"post_tag","embeddable":true,"href":"https:\/\/www.hoymercedes.com.ar\/principal\/wp-json\/wp\/v2\/tags?post=45711"}],"curies":[{"name":"wp","href":"https:\/\/api.w.org\/{rel}","templated":true}]}}