{"id":4572,"date":"2011-05-28T02:13:00","date_gmt":"2011-05-28T02:13:00","guid":{"rendered":"http:\/\/www.hoymercedes.com.ar\/principal\/?p=4572"},"modified":"2011-06-13T14:07:13","modified_gmt":"2011-06-13T14:07:13","slug":"mario-cafiero-hablo-en-mercedes-de-la-reforma-politica-que-se-deberia-hacer","status":"publish","type":"post","link":"https:\/\/www.hoymercedes.com.ar\/principal\/2011\/05\/28\/mario-cafiero-hablo-en-mercedes-de-la-reforma-politica-que-se-deberia-hacer\/","title":{"rendered":"Mario Cafiero hablo en Mercedes de la reforma pol\u00edtica que se deber\u00eda hacer"},"content":{"rendered":"<p>En las ultimas horas visit\u00f3 nuestra ciudad el dirigente pol\u00edtico Mario Cafiero para participar de un encuentro junto a Proyector Sur, grupo pol\u00edtico  del cual es candidato a gobernador en la Provincia de Buenos Aires en las internas abiertas, obligatorias y simult\u00e1neas del mes de agosto.<\/p>\n<p><a href=\"https:\/\/www.hoymercedes.com.ar\/principal\/wp-content\/uploads\/2011\/05\/cafieroI.jpg\"><img loading=\"lazy\" decoding=\"async\" data-attachment-id=\"4574\" data-permalink=\"https:\/\/www.hoymercedes.com.ar\/principal\/2011\/05\/28\/mario-cafiero-hablo-en-mercedes-de-la-reforma-politica-que-se-deberia-hacer\/cafieroi\/#main\" data-orig-file=\"https:\/\/www.hoymercedes.com.ar\/principal\/wp-content\/uploads\/2011\/05\/cafieroI.jpg\" data-orig-size=\"600,450\" data-comments-opened=\"1\" data-image-meta=\"{&quot;aperture&quot;:&quot;4.2&quot;,&quot;credit&quot;:&quot;&quot;,&quot;camera&quot;:&quot;COOLPIX L10&quot;,&quot;caption&quot;:&quot;&quot;,&quot;created_timestamp&quot;:&quot;1306223526&quot;,&quot;copyright&quot;:&quot;Copyright 2006&quot;,&quot;focal_length&quot;:&quot;12.8&quot;,&quot;iso&quot;:&quot;400&quot;,&quot;shutter_speed&quot;:&quot;0.016666666666667&quot;,&quot;title&quot;:&quot;&quot;}\" data-image-title=\"cafieroI\" data-image-description=\"\" data-image-caption=\"\" data-large-file=\"https:\/\/www.hoymercedes.com.ar\/principal\/wp-content\/uploads\/2011\/05\/cafieroI.jpg\" class=\"aligncenter size-full wp-image-4574\" title=\"cafieroI\" src=\"https:\/\/www.hoymercedes.com.ar\/principal\/wp-content\/uploads\/2011\/05\/cafieroI.jpg\" alt=\"\" width=\"600\" height=\"450\" \/><\/a><\/p>\n<p>El dirigente formulo diversas declaraciones relacionadas con la situaci\u00f3n en general del pa\u00eds como as\u00ed tambi\u00e9n de lo que ocurre en la provincia de la cual es candidato a gobernador sosteniendo entre otros conceptos \u201clos partidos como el nuestro que es nuevo y en construcci\u00f3n, muchas veces aparecen como que tienen buenos diagn\u00f3stico pero no se  involucran con el poder real y sin embargo hoy nosotros tenemos la posibilidad cierta de ganar la Ciudad de Buenos Aires, la principal ciudad de la Argentina, vidriera de todo el pa\u00eds nos guste o no y demostrar en la misma que somos capaces de gestionar de una manera totalmente distinta a lo que nos tienen acostumbrados el PJ, la UCR y Macri que por cierto para mi ha sido un fracaso de gesti\u00f3n muy grande porque se lo vendi\u00f3 como el hombre que iba a reproducir en el estado lo que supuestamente hab\u00eda hecho en Boca y en su empresa y termin\u00f3 mostrando que es un muy mal gestor \u00f3 gerenciador.<\/p>\n<p>Proyecto Sur viene alentando la construcci\u00f3n de una propuesta nacional, tenemos relaciones con importantes figuras de la pol\u00edtica en Santa\u00a0Fe, C\u00f3rdoba y otros sectores para entre todos contar con una formula presidencial que represente este espacio pol\u00edtico y que tendr\u00eda un impulso extraordinario si se ganara la Capital Federal en las pr\u00f3ximas elecciones\u201d.<\/p>\n<p><a href=\"https:\/\/www.hoymercedes.com.ar\/principal\/wp-content\/uploads\/2011\/05\/cafieroPSurII.jpg\"><img loading=\"lazy\" decoding=\"async\" data-attachment-id=\"4575\" data-permalink=\"https:\/\/www.hoymercedes.com.ar\/principal\/2011\/05\/28\/mario-cafiero-hablo-en-mercedes-de-la-reforma-politica-que-se-deberia-hacer\/cafieropsurii\/#main\" data-orig-file=\"https:\/\/www.hoymercedes.com.ar\/principal\/wp-content\/uploads\/2011\/05\/cafieroPSurII.jpg\" data-orig-size=\"600,450\" data-comments-opened=\"1\" data-image-meta=\"{&quot;aperture&quot;:&quot;2.8&quot;,&quot;credit&quot;:&quot;&quot;,&quot;camera&quot;:&quot;COOLPIX L10&quot;,&quot;caption&quot;:&quot;&quot;,&quot;created_timestamp&quot;:&quot;1306223562&quot;,&quot;copyright&quot;:&quot;Copyright 2006&quot;,&quot;focal_length&quot;:&quot;6.2&quot;,&quot;iso&quot;:&quot;400&quot;,&quot;shutter_speed&quot;:&quot;0.016666666666667&quot;,&quot;title&quot;:&quot;&quot;}\" data-image-title=\"cafieroPSurII\" data-image-description=\"\" data-image-caption=\"\" data-large-file=\"https:\/\/www.hoymercedes.com.ar\/principal\/wp-content\/uploads\/2011\/05\/cafieroPSurII.jpg\" class=\"aligncenter size-full wp-image-4575\" title=\"cafieroPSurII\" src=\"https:\/\/www.hoymercedes.com.ar\/principal\/wp-content\/uploads\/2011\/05\/cafieroPSurII.jpg\" alt=\"\" width=\"600\" height=\"450\" srcset=\"https:\/\/www.hoymercedes.com.ar\/principal\/wp-content\/uploads\/2011\/05\/cafieroPSurII.jpg 600w, https:\/\/www.hoymercedes.com.ar\/principal\/wp-content\/uploads\/2011\/05\/cafieroPSurII-300x225.jpg 300w\" sizes=\"auto, (max-width: 600px) 100vw, 600px\" \/><\/a><\/p>\n<p>&nbsp;<\/p>\n<p>M\u00e1s adelante Mario Cafiero se refiri\u00f3  a la necesidad de una reforma pol\u00edtica expresando \u201cen la cuesti\u00f3n electoral hay muchos aspectos en los que debemos trabajar para reformarlos como por ejemplo la representaci\u00f3n de las minor\u00edas, la posibilidad que los nuevos partidos accedan a presentar sus candidatos porque miren lo que hizo Scioli y la UCR en la provincia de Buenos Aires, pusieron en marcha una contra reforma pol\u00edtica proscriptiva por donde se la vea, donde Ud. Tiene que conseguir cerca de treinta mil avales para ser candidato a gobernador o para presentarse en una interna.<\/p>\n<p>Esos avales son para los candidatos y los mismos se resuelven a \u00faltimo momento entonces es casi imposible cumplir con dicho requisito y es por ello que hay una serie de presentaciones judiciales que hemos concretado para decir que directamente hay una maniobra de proscripci\u00f3n, no es que no contemos con esos 30 mil avales, sino que en el tiempo que nos pide reitero es casi imposible llegar a cumplir.<\/p>\n<p>Nosotros pretendemos una reforma pol\u00edtica mucho mas de fondo que tiene que ver con reformar nuestra c\u00e9lula democr\u00e1tica fundamental que es el Municipio, hacer all\u00ed una verdadera transformaci\u00f3n democr\u00e1tica donde los vecinos puedan decidir.<\/p>\n<p>La provincia de Buenos Aires tiene un problema de identidad desde 1880 cuando nuestra Capital pasa a ser la Capital de la Naci\u00f3n y Buenos Aires arm\u00f3 su nueva capital en La Plata pero eso no le devolvi\u00f3 su identidad, nosotros como bonaerenses no nos sentimos como tales, es dif\u00edcil encontrarlos, pero si se encuentra a quienes dicen yo soy de Luj\u00e1n, yo soy de Mercedes, yo soy de Navarro, etc., es decir que se identifican con el lugar y el municipio donde viven entonces nosotros debemos hacer una transformaci\u00f3n para que ese vecino sienta que no solo debe cumplir con la responsabilidad ciudadana de ir a votar cada dos a\u00f1os sino que sienta que puede trabajar por las causas locales, las causas para mejorar la calidad de vida en sus ciudades, que hoy pueda decir que es lo m\u00e1s urgente que se necesita y no como pasa ahora que no pueden hacerlo, esa es la gran reforma que nosotros queremos realizar\u201d.<\/p>\n<p>&nbsp;<\/p>\n","protected":false},"excerpt":{"rendered":"<p>En las ultimas horas visit\u00f3 nuestra ciudad el dirigente pol\u00edtico Mario Cafiero para participar de un encuentro junto a Proyector &#8230; <a title=\"Mario Cafiero hablo en Mercedes de la reforma pol\u00edtica que se deber\u00eda hacer\" class=\"read-more\" href=\"https:\/\/www.hoymercedes.com.ar\/principal\/2011\/05\/28\/mario-cafiero-hablo-en-mercedes-de-la-reforma-politica-que-se-deberia-hacer\/\" aria-label=\"Leer m\u00e1s sobre Mario Cafiero hablo en Mercedes de la reforma pol\u00edtica que se deber\u00eda hacer\">Leer m\u00e1s<\/a><\/p>\n","protected":false},"author":1,"featured_media":0,"comment_status":"open","ping_status":"open","sticky":false,"template":"","format":"standard","meta":{"_monsterinsights_skip_tracking":false,"_monsterinsights_sitenote_active":false,"_monsterinsights_sitenote_note":"","_monsterinsights_sitenote_category":0,"jetpack_post_was_ever_published":false,"_jetpack_newsletter_access":"","_jetpack_dont_email_post_to_subs":false,"_jetpack_newsletter_tier_id":0,"_jetpack_memberships_contains_paywalled_content":false,"_jetpack_memberships_contains_paid_content":false,"footnotes":"","jetpack_publicize_message":"","jetpack_publicize_feature_enabled":true,"jetpack_social_post_already_shared":false,"jetpack_social_options":{"image_generator_settings":{"template":"highway","default_image_id":0,"font":"","enabled":false},"version":2},"_wpas_customize_per_network":false},"categories":[5],"tags":[845,109],"class_list":["post-4572","post","type-post","status-publish","format-standard","hentry","category-politica","tag-mario-cafiero","tag-proyecto-sur-mercedes","generate-columns","tablet-grid-50","mobile-grid-100","grid-parent","grid-50"],"jetpack_publicize_connections":[],"jetpack_featured_media_url":"","wps_subtitle":"","jetpack_sharing_enabled":true,"_links":{"self":[{"href":"https:\/\/www.hoymercedes.com.ar\/principal\/wp-json\/wp\/v2\/posts\/4572","targetHints":{"allow":["GET"]}}],"collection":[{"href":"https:\/\/www.hoymercedes.com.ar\/principal\/wp-json\/wp\/v2\/posts"}],"about":[{"href":"https:\/\/www.hoymercedes.com.ar\/principal\/wp-json\/wp\/v2\/types\/post"}],"author":[{"embeddable":true,"href":"https:\/\/www.hoymercedes.com.ar\/principal\/wp-json\/wp\/v2\/users\/1"}],"replies":[{"embeddable":true,"href":"https:\/\/www.hoymercedes.com.ar\/principal\/wp-json\/wp\/v2\/comments?post=4572"}],"version-history":[{"count":0,"href":"https:\/\/www.hoymercedes.com.ar\/principal\/wp-json\/wp\/v2\/posts\/4572\/revisions"}],"wp:attachment":[{"href":"https:\/\/www.hoymercedes.com.ar\/principal\/wp-json\/wp\/v2\/media?parent=4572"}],"wp:term":[{"taxonomy":"category","embeddable":true,"href":"https:\/\/www.hoymercedes.com.ar\/principal\/wp-json\/wp\/v2\/categories?post=4572"},{"taxonomy":"post_tag","embeddable":true,"href":"https:\/\/www.hoymercedes.com.ar\/principal\/wp-json\/wp\/v2\/tags?post=4572"}],"curies":[{"name":"wp","href":"https:\/\/api.w.org\/{rel}","templated":true}]}}