{"id":45756,"date":"2015-11-05T01:26:40","date_gmt":"2015-11-05T04:26:40","guid":{"rendered":"http:\/\/www.hoymercedes.com.ar\/principal\/?p=45756"},"modified":"2015-11-30T20:40:22","modified_gmt":"2015-11-30T23:40:22","slug":"archivo-prisma-y-una-valiosa-apuesta-a-la-cultura-historica","status":"publish","type":"post","link":"https:\/\/www.hoymercedes.com.ar\/principal\/2015\/11\/05\/archivo-prisma-y-una-valiosa-apuesta-a-la-cultura-historica\/","title":{"rendered":"Archivo \u201cPrisma\u201d y una valiosa apuesta a la cultura hist\u00f3rica"},"content":{"rendered":"<p><a href=\"https:\/\/www.hoymercedes.com.ar\/principal\/wp-content\/uploads\/2015\/11\/archivoprisma.png\"><img loading=\"lazy\" decoding=\"async\" data-attachment-id=\"45757\" data-permalink=\"https:\/\/www.hoymercedes.com.ar\/principal\/2015\/11\/05\/archivo-prisma-y-una-valiosa-apuesta-a-la-cultura-historica\/archivoprisma\/#main\" data-orig-file=\"https:\/\/www.hoymercedes.com.ar\/principal\/wp-content\/uploads\/2015\/11\/archivoprisma.png\" data-orig-size=\"620,368\" data-comments-opened=\"1\" data-image-meta=\"{&quot;aperture&quot;:&quot;0&quot;,&quot;credit&quot;:&quot;&quot;,&quot;camera&quot;:&quot;&quot;,&quot;caption&quot;:&quot;&quot;,&quot;created_timestamp&quot;:&quot;0&quot;,&quot;copyright&quot;:&quot;&quot;,&quot;focal_length&quot;:&quot;0&quot;,&quot;iso&quot;:&quot;0&quot;,&quot;shutter_speed&quot;:&quot;0&quot;,&quot;title&quot;:&quot;&quot;,&quot;orientation&quot;:&quot;0&quot;}\" data-image-title=\"archivoprisma\" data-image-description=\"\" data-image-caption=\"\" data-large-file=\"https:\/\/www.hoymercedes.com.ar\/principal\/wp-content\/uploads\/2015\/11\/archivoprisma.png\" class=\"Img2014 aligncenter wp-image-45757 size-full\" title=\"Archivo Prisma\" src=\"https:\/\/www.hoymercedes.com.ar\/principal\/wp-content\/uploads\/2015\/11\/archivoprisma.png\" alt=\"archivoprisma\" width=\"620\" height=\"368\" srcset=\"https:\/\/www.hoymercedes.com.ar\/principal\/wp-content\/uploads\/2015\/11\/archivoprisma.png 620w, https:\/\/www.hoymercedes.com.ar\/principal\/wp-content\/uploads\/2015\/11\/archivoprisma-150x89.png 150w, https:\/\/www.hoymercedes.com.ar\/principal\/wp-content\/uploads\/2015\/11\/archivoprisma-290x172.png 290w, https:\/\/www.hoymercedes.com.ar\/principal\/wp-content\/uploads\/2015\/11\/archivoprisma-50x30.png 50w\" sizes=\"auto, (max-width: 620px) 100vw, 620px\" \/><\/a><\/p>\n<p><strong>Por LD \/\u00a0<\/strong><\/p>\n<p><em><strong>Tiempo atr\u00e1s se hizo el anuncio oficial. Ahora es una realidad. Argentina cuenta con un nuevo espacio de documentaci\u00f3n hist\u00f3rica abierto para todos. Es un elemento de elevado valor cultural, ciudadano y de recreaci\u00f3n. Se trata del archivo \u201cPrisma\u201d que se lanz\u00f3 a instancias del Estado Nacional.<\/strong><\/em><\/p>\n<p>Sin demasiados pre\u00e1mbulos se debe decir que es un gran avance de difusi\u00f3n de la historia nacional, democratizando contenidos poni\u00e9ndolos al alcance de todos.<\/p>\n<p>Desde 1920 hay im\u00e1genes, audios, datos, no s\u00f3lo de producci\u00f3n nacional, sino tambi\u00e9n, y de gran importancia, desde medios del exterior.<\/p>\n<p>Por ejemplo, se vieron las im\u00e1genes del anuncio del cierre de la Universidad Nacional de Luj\u00e1n, donde el Ministro Llerena Amadeo presenta el asunto como si fuese un \u201csalto cualitativo\u201d y no un \u201cCierre\u201d, una clausura, un golpe m\u00e1s de la dictadura. Un Ministro cat\u00f3lico y ortodoxo sin el valor de usar la palabra \u201ccierre\u201d. Tambi\u00e9n a Monz\u00f3n en comunicaci\u00f3n con Lanusse, tras la pelea con Griffith, 1971, como tantos otros.<\/p>\n<p>Cientos de videos. Destacados momentos de nuestra vida nacional liberados.<\/p>\n<p>La historia tambi\u00e9n se construye de \u00e9sta manera.<\/p>\n<p>Se la puede visitar en\u00a0<a href=\"http:\/\/www.archivoprisma.com.ar\/\" target=\"_blank\" rel=\"noopener\">www.archivoprisma.com.ar<\/a><\/p>\n<p><span class=\"embed-youtube\" style=\"text-align:center; display: block;\"><iframe loading=\"lazy\" class=\"youtube-player\" width=\"1200\" height=\"675\" src=\"https:\/\/www.youtube.com\/embed\/SZaabijJJuk?version=3&#038;rel=1&#038;showsearch=0&#038;showinfo=1&#038;iv_load_policy=1&#038;fs=1&#038;hl=es-ES&#038;autohide=2&#038;wmode=transparent\" allowfullscreen=\"true\" style=\"border:0;\" sandbox=\"allow-scripts allow-same-origin allow-popups allow-presentation allow-popups-to-escape-sandbox\"><\/iframe><\/span><\/p>\n","protected":false},"excerpt":{"rendered":"<p>Por LD \/\u00a0 Tiempo atr\u00e1s se hizo el anuncio oficial. Ahora es una realidad. Argentina cuenta con un nuevo espacio &#8230; <a title=\"Archivo \u201cPrisma\u201d y una valiosa apuesta a la cultura hist\u00f3rica\" class=\"read-more\" href=\"https:\/\/www.hoymercedes.com.ar\/principal\/2015\/11\/05\/archivo-prisma-y-una-valiosa-apuesta-a-la-cultura-historica\/\" aria-label=\"Leer m\u00e1s sobre Archivo \u201cPrisma\u201d y una valiosa apuesta a la cultura hist\u00f3rica\">Leer m\u00e1s<\/a><\/p>\n","protected":false},"author":1,"featured_media":45757,"comment_status":"open","ping_status":"open","sticky":false,"template":"","format":"standard","meta":{"_monsterinsights_skip_tracking":false,"_monsterinsights_sitenote_active":false,"_monsterinsights_sitenote_note":"","_monsterinsights_sitenote_category":0,"jetpack_post_was_ever_published":false,"_jetpack_newsletter_access":"","_jetpack_dont_email_post_to_subs":false,"_jetpack_newsletter_tier_id":0,"_jetpack_memberships_contains_paywalled_content":false,"_jetpack_memberships_contains_paid_content":false,"footnotes":"","jetpack_publicize_message":"","jetpack_publicize_feature_enabled":true,"jetpack_social_post_already_shared":true,"jetpack_social_options":{"image_generator_settings":{"template":"highway","default_image_id":0,"font":"","enabled":false},"version":2},"_wpas_customize_per_network":false},"categories":[8237,1],"tags":[8156],"class_list":["post-45756","post","type-post","status-publish","format-standard","has-post-thumbnail","hentry","category-destacado","category-opinion","tag-archivo-prisma","generate-columns","tablet-grid-50","mobile-grid-100","grid-parent","grid-50"],"jetpack_publicize_connections":[],"jetpack_featured_media_url":"https:\/\/www.hoymercedes.com.ar\/principal\/wp-content\/uploads\/2015\/11\/archivoprisma.png","wps_subtitle":"Para todos los argentinos","jetpack_sharing_enabled":true,"_links":{"self":[{"href":"https:\/\/www.hoymercedes.com.ar\/principal\/wp-json\/wp\/v2\/posts\/45756","targetHints":{"allow":["GET"]}}],"collection":[{"href":"https:\/\/www.hoymercedes.com.ar\/principal\/wp-json\/wp\/v2\/posts"}],"about":[{"href":"https:\/\/www.hoymercedes.com.ar\/principal\/wp-json\/wp\/v2\/types\/post"}],"author":[{"embeddable":true,"href":"https:\/\/www.hoymercedes.com.ar\/principal\/wp-json\/wp\/v2\/users\/1"}],"replies":[{"embeddable":true,"href":"https:\/\/www.hoymercedes.com.ar\/principal\/wp-json\/wp\/v2\/comments?post=45756"}],"version-history":[{"count":0,"href":"https:\/\/www.hoymercedes.com.ar\/principal\/wp-json\/wp\/v2\/posts\/45756\/revisions"}],"wp:featuredmedia":[{"embeddable":true,"href":"https:\/\/www.hoymercedes.com.ar\/principal\/wp-json\/wp\/v2\/media\/45757"}],"wp:attachment":[{"href":"https:\/\/www.hoymercedes.com.ar\/principal\/wp-json\/wp\/v2\/media?parent=45756"}],"wp:term":[{"taxonomy":"category","embeddable":true,"href":"https:\/\/www.hoymercedes.com.ar\/principal\/wp-json\/wp\/v2\/categories?post=45756"},{"taxonomy":"post_tag","embeddable":true,"href":"https:\/\/www.hoymercedes.com.ar\/principal\/wp-json\/wp\/v2\/tags?post=45756"}],"curies":[{"name":"wp","href":"https:\/\/api.w.org\/{rel}","templated":true}]}}