{"id":45915,"date":"2015-11-15T23:42:31","date_gmt":"2015-11-16T02:42:31","guid":{"rendered":"http:\/\/www.hoymercedes.com.ar\/principal\/?p=45915"},"modified":"2015-11-30T20:38:47","modified_gmt":"2015-11-30T23:38:47","slug":"la-oportunidad-que-tiene-el-intendente-electo-la-aprovechara","status":"publish","type":"post","link":"https:\/\/www.hoymercedes.com.ar\/principal\/2015\/11\/15\/la-oportunidad-que-tiene-el-intendente-electo-la-aprovechara\/","title":{"rendered":"La oportunidad que tiene el intendente electo \u00bfla aprovechar\u00e1?"},"content":{"rendered":"<p>&nbsp;<\/p>\n<p><strong>Por LD<\/strong><\/p>\n<p>El intendente electo tiene una oportunidad casi \u00fanica. Una de esas oportunidades que se dan cada quince o veinte a\u00f1os. En sus manos, en su firma, en quienes lo influencian est\u00e1 la posibilidad de dar un cambio real a la ciudad.<\/p>\n<p>Dif\u00edcilmente logre el intendente electo y su grupo de trabajo, concretar todo lo expuesto en el plan de gesti\u00f3n difundido antes de la elecci\u00f3n, sin embargo, hay algo que si puede realizar: un cambio institucional y moral.<\/p>\n<p>Desde hace un mes, aproximadamente, el intendente Selva tiene las renuncias firmadas de sus secretarios, directores y coordinadores. Todas esas \u00e1reas el intendente electo deber\u00e1 cubrirlas. Ser\u00e1 tal vez el primer indicio de lo que vendr\u00e1. Si el intendente electo deja un funcionario del selvismo en su staff ser\u00e1 su decisi\u00f3n. Marcar\u00e1 as\u00ed como empieza su gesti\u00f3n: con la mirada en el futuro anim\u00e1ndose a crear o con el pie en el lodo del pasado.<\/p>\n<p>\u00bfPor qu\u00e9 es importante su grupo de funcionarios? Porque ser\u00e1n los gestores directos sobre las necesidades y potencialidades concretas de la ciudad. Son sus manos, ojos e ideas extendidos.<\/p>\n<p>Haciendo futurolog\u00eda podr\u00eda decirse que la ciudadan\u00eda le perdonar\u00eda que no termine una rotonda o no renueve una luminaria. Lo que no le indultar\u00eda es no dar un cambio genuino. M\u00e1s del 80% de la ciudad eligi\u00f3 una propuesta distinta a la actual gesti\u00f3n. Eso es un dato para examinar.<\/p>\n<p>D\u00edas atr\u00e1s nos recomendaban leer un post de Hern\u00e1n Casciari titulado \u201cPajaritos en la jaula gigante\u201d. El escrito tiene eje en el conservadurismo vern\u00e1culo y c\u00f3mo la \u00faltima elecci\u00f3n le gan\u00f3 \u201cde una buena vez\u201d. El intendente electo deber\u00e1 lidiar tambi\u00e9n con las trampas del pasado para tambi\u00e9n mostrarle al creativo escritor que no quedar\u00e1 encerrado en la jaula gigante.<\/p>\n<p>Falta muy poco para empezar a ver las decisiones de gesti\u00f3n de ahora controlador del Poder Ejecutivo. Habr\u00e1 que ver si lo hace para el lado del futuro o para el lado de las pr\u00e1cticas del pasado.<\/p>\n<p>Es una oportunidad.<\/p>\n<p>&nbsp;<\/p>\n<p>&nbsp;<\/p>\n","protected":false},"excerpt":{"rendered":"<p>&nbsp; Por LD El intendente electo tiene una oportunidad casi \u00fanica. Una de esas oportunidades que se dan cada quince &#8230; <a title=\"La oportunidad que tiene el intendente electo \u00bfla aprovechar\u00e1?\" class=\"read-more\" href=\"https:\/\/www.hoymercedes.com.ar\/principal\/2015\/11\/15\/la-oportunidad-que-tiene-el-intendente-electo-la-aprovechara\/\" aria-label=\"Leer m\u00e1s sobre La oportunidad que tiene el intendente electo \u00bfla aprovechar\u00e1?\">Leer m\u00e1s<\/a><\/p>\n","protected":false},"author":1,"featured_media":38619,"comment_status":"open","ping_status":"open","sticky":false,"template":"","format":"standard","meta":{"_monsterinsights_skip_tracking":false,"_monsterinsights_sitenote_active":false,"_monsterinsights_sitenote_note":"","_monsterinsights_sitenote_category":0,"jetpack_post_was_ever_published":false,"_jetpack_newsletter_access":"","_jetpack_dont_email_post_to_subs":false,"_jetpack_newsletter_tier_id":0,"_jetpack_memberships_contains_paywalled_content":false,"_jetpack_memberships_contains_paid_content":false,"footnotes":"","jetpack_publicize_message":"","jetpack_publicize_feature_enabled":true,"jetpack_social_post_already_shared":true,"jetpack_social_options":{"image_generator_settings":{"template":"highway","default_image_id":0,"font":"","enabled":false},"version":2},"_wpas_customize_per_network":false},"categories":[8237,1],"tags":[585],"class_list":["post-45915","post","type-post","status-publish","format-standard","has-post-thumbnail","hentry","category-destacado","category-opinion","tag-juan-ustarroz","generate-columns","tablet-grid-50","mobile-grid-100","grid-parent","grid-50"],"jetpack_publicize_connections":[],"jetpack_featured_media_url":"https:\/\/www.hoymercedes.com.ar\/principal\/wp-content\/uploads\/2014\/12\/ustarroz-juan-findea\u00f1o.jpg","wps_subtitle":"Desde el 10 de diciembre","jetpack_sharing_enabled":true,"_links":{"self":[{"href":"https:\/\/www.hoymercedes.com.ar\/principal\/wp-json\/wp\/v2\/posts\/45915","targetHints":{"allow":["GET"]}}],"collection":[{"href":"https:\/\/www.hoymercedes.com.ar\/principal\/wp-json\/wp\/v2\/posts"}],"about":[{"href":"https:\/\/www.hoymercedes.com.ar\/principal\/wp-json\/wp\/v2\/types\/post"}],"author":[{"embeddable":true,"href":"https:\/\/www.hoymercedes.com.ar\/principal\/wp-json\/wp\/v2\/users\/1"}],"replies":[{"embeddable":true,"href":"https:\/\/www.hoymercedes.com.ar\/principal\/wp-json\/wp\/v2\/comments?post=45915"}],"version-history":[{"count":0,"href":"https:\/\/www.hoymercedes.com.ar\/principal\/wp-json\/wp\/v2\/posts\/45915\/revisions"}],"wp:featuredmedia":[{"embeddable":true,"href":"https:\/\/www.hoymercedes.com.ar\/principal\/wp-json\/wp\/v2\/media\/38619"}],"wp:attachment":[{"href":"https:\/\/www.hoymercedes.com.ar\/principal\/wp-json\/wp\/v2\/media?parent=45915"}],"wp:term":[{"taxonomy":"category","embeddable":true,"href":"https:\/\/www.hoymercedes.com.ar\/principal\/wp-json\/wp\/v2\/categories?post=45915"},{"taxonomy":"post_tag","embeddable":true,"href":"https:\/\/www.hoymercedes.com.ar\/principal\/wp-json\/wp\/v2\/tags?post=45915"}],"curies":[{"name":"wp","href":"https:\/\/api.w.org\/{rel}","templated":true}]}}