{"id":45937,"date":"2015-11-16T13:13:05","date_gmt":"2015-11-16T16:13:05","guid":{"rendered":"http:\/\/www.hoymercedes.com.ar\/principal\/?p=45937"},"modified":"2015-11-16T14:07:45","modified_gmt":"2015-11-16T17:07:45","slug":"se-realizara-un-torneo-regional-infantil-de-atletismo","status":"publish","type":"post","link":"https:\/\/www.hoymercedes.com.ar\/principal\/2015\/11\/16\/se-realizara-un-torneo-regional-infantil-de-atletismo\/","title":{"rendered":"Se realizar\u00e1 torneo regional infantil de atletismo"},"content":{"rendered":"<p>El pr\u00f3ximo s\u00e1bado 21 de noviembre a partir de las 9,00 hs se desarrollar\u00e1 en la pista Miguel Iribarren del predio del Mart\u00edn Rodriguez el torneo final de atletismo regional infantil. En este caso estar\u00e1 reservado para las categor\u00edas cadetes (2000 -2001) Infantiles (2002-2003) y pre-infantiles(2004-2005) y podr\u00e1n participar varones y mujeres.<\/p>\n<p>La organizaci\u00f3n a cargo de la <strong>Direcci\u00f3n de Deportes<\/strong> que luego del exitoso campeonato de penales prepara este evento uno de los \u00faltimos de la gesti\u00f3n que tiene como objetivo cerrar el a\u00f1o atl\u00e9tico de las competencias regionales. Como siempre la inscripci\u00f3n libre y gratuita y se cursaron las invitaciones a las vecinas ciudades de Suipacha, Chivilcoy, Lujan, Lobos, San Andr\u00e9s de Giles, \u00a0y Navarro, en el orden local se invit\u00f3 a los alumnos del Cef 40 y a todos aquellos ni\u00f1os y j\u00f3venes que quieran participar.<\/p>\n<p>El torneo est\u00e1 previsto iniciarse a las 9,00 hs y finalizar aproximadamente a las 13,00 hs.<\/p>\n<p>Las categor\u00edas cadetes participan en pruebas individuales de 100 metros, salto en largo y 1500 mts en cambio los infantiles participan en prueba combinadas de 80 metros, lanzamiento de bala y 1200 metros y los m\u00e1s chicos los pre- infantiles lo har\u00e1 en 60 metros , salto en largo y lanzamiento de la jabalina pl\u00e1stica.<\/p>\n<p>Para mayor informaci\u00f3n se puede consultar en la Direcci\u00f3n de Deportes calle 9 y 6 o al tel. 434369.<\/p>\n","protected":false},"excerpt":{"rendered":"<p>El pr\u00f3ximo s\u00e1bado 21 de noviembre a partir de las 9,00 hs se desarrollar\u00e1 en la pista Miguel Iribarren del &#8230; <a title=\"Se realizar\u00e1 torneo regional infantil de atletismo\" class=\"read-more\" href=\"https:\/\/www.hoymercedes.com.ar\/principal\/2015\/11\/16\/se-realizara-un-torneo-regional-infantil-de-atletismo\/\" aria-label=\"Leer m\u00e1s sobre Se realizar\u00e1 torneo regional infantil de atletismo\">Leer m\u00e1s<\/a><\/p>\n","protected":false},"author":1,"featured_media":0,"comment_status":"open","ping_status":"open","sticky":false,"template":"","format":"standard","meta":{"_monsterinsights_skip_tracking":false,"_monsterinsights_sitenote_active":false,"_monsterinsights_sitenote_note":"","_monsterinsights_sitenote_category":0,"jetpack_post_was_ever_published":false,"_jetpack_newsletter_access":"","_jetpack_dont_email_post_to_subs":false,"_jetpack_newsletter_tier_id":0,"_jetpack_memberships_contains_paywalled_content":false,"_jetpack_memberships_contains_paid_content":false,"footnotes":"","jetpack_publicize_message":"","jetpack_publicize_feature_enabled":true,"jetpack_social_post_already_shared":true,"jetpack_social_options":{"image_generator_settings":{"template":"highway","default_image_id":0,"font":"","enabled":false},"version":2},"_wpas_customize_per_network":false},"categories":[21],"tags":[777],"class_list":["post-45937","post","type-post","status-publish","format-standard","hentry","category-deportes","tag-direccion-de-deportes","generate-columns","tablet-grid-50","mobile-grid-100","grid-parent","grid-50"],"jetpack_publicize_connections":[],"jetpack_featured_media_url":"","wps_subtitle":"Para los m\u00e1s chicos...","jetpack_sharing_enabled":true,"_links":{"self":[{"href":"https:\/\/www.hoymercedes.com.ar\/principal\/wp-json\/wp\/v2\/posts\/45937","targetHints":{"allow":["GET"]}}],"collection":[{"href":"https:\/\/www.hoymercedes.com.ar\/principal\/wp-json\/wp\/v2\/posts"}],"about":[{"href":"https:\/\/www.hoymercedes.com.ar\/principal\/wp-json\/wp\/v2\/types\/post"}],"author":[{"embeddable":true,"href":"https:\/\/www.hoymercedes.com.ar\/principal\/wp-json\/wp\/v2\/users\/1"}],"replies":[{"embeddable":true,"href":"https:\/\/www.hoymercedes.com.ar\/principal\/wp-json\/wp\/v2\/comments?post=45937"}],"version-history":[{"count":0,"href":"https:\/\/www.hoymercedes.com.ar\/principal\/wp-json\/wp\/v2\/posts\/45937\/revisions"}],"wp:attachment":[{"href":"https:\/\/www.hoymercedes.com.ar\/principal\/wp-json\/wp\/v2\/media?parent=45937"}],"wp:term":[{"taxonomy":"category","embeddable":true,"href":"https:\/\/www.hoymercedes.com.ar\/principal\/wp-json\/wp\/v2\/categories?post=45937"},{"taxonomy":"post_tag","embeddable":true,"href":"https:\/\/www.hoymercedes.com.ar\/principal\/wp-json\/wp\/v2\/tags?post=45937"}],"curies":[{"name":"wp","href":"https:\/\/api.w.org\/{rel}","templated":true}]}}