{"id":4597,"date":"2011-05-29T17:34:17","date_gmt":"2011-05-29T17:34:17","guid":{"rendered":"http:\/\/www.hoymercedes.com.ar\/principal\/?p=4597"},"modified":"2011-05-29T17:34:17","modified_gmt":"2011-05-29T17:34:17","slug":"el-jefe-del-scio-externo-de-la-comunal-mercedes-fallecio-esta-madrugada","status":"publish","type":"post","link":"https:\/\/www.hoymercedes.com.ar\/principal\/2011\/05\/29\/el-jefe-del-scio-externo-de-la-comunal-mercedes-fallecio-esta-madrugada\/","title":{"rendered":"El Jefe del scio externo  de la  comunal Mercedes falleci\u00f3 esta madrugada"},"content":{"rendered":"<p>Poco despues de las 05.30 hs de la madrugada de este Sabado se conocia la noticia: Personal policial de la Comsiaria de Lujan 2da ( Jauregui) daba cuenta que en en Ruta Nacional N\u00ba 5 Km 80 cerca de Olivera se habia producido un accidente automovilistico, al llegar al lugar encuentran  un autom\u00f3vil  marca  Peugeot  206,  dominio  EEB 452 el que era conducido   por  el  Oficial Principal  ALTUNA  ARIEL  JOAQUIN de 29  a\u00f1os de  edad,  domiciliado en Chivilcoy, el cual   lo  hacia  sin acompa\u00f1antes   circulando en  direcci\u00f3n  Lujan- Mercedes,  y  por   motivos  que  se  tratan de establecer colisiono  desde   atr\u00e1s a  cami\u00f3n marca  Ford  7000  con acoplado   el cual  circulaba   en la  misma   direcci\u00f3n que  el  rodado  peugeot  206,     a  raiz   del impacto  el Oficial Principal   ALTUNA ARIEL  falleci\u00f3  en el acto.<\/p>\n<p>Interviene la  UFI nro. 14  del  Dpto. Judicial  Mercedes en causa caratulada Homicidio Culposo. Los restos del Funcionario Policial son velados en la Localidad de Chivilcoy y seran inhumados en el cementerio de esa Localidad a las 10 hs de este Domingo, Actualmente ALTUNA era el Jefe del Servicio Externo de la Estacion de Policia Comunal Mercedes. Hondo pesar en las filas policiales ante esta irreparable perdida, como ser humano y profesional de su trabajo.<\/p>\n<p><span style=\"color: #888888;\">Fuente: Polic\u00eda Mercedes<\/span><\/p>\n","protected":false},"excerpt":{"rendered":"<p>Poco despues de las 05.30 hs de la madrugada de este Sabado se conocia la noticia: Personal policial de la &#8230; <a title=\"El Jefe del scio externo  de la  comunal Mercedes falleci\u00f3 esta madrugada\" class=\"read-more\" href=\"https:\/\/www.hoymercedes.com.ar\/principal\/2011\/05\/29\/el-jefe-del-scio-externo-de-la-comunal-mercedes-fallecio-esta-madrugada\/\" aria-label=\"Leer m\u00e1s sobre El Jefe del scio externo  de la  comunal Mercedes falleci\u00f3 esta madrugada\">Leer m\u00e1s<\/a><\/p>\n","protected":false},"author":1,"featured_media":0,"comment_status":"open","ping_status":"open","sticky":false,"template":"","format":"standard","meta":{"_monsterinsights_skip_tracking":false,"_monsterinsights_sitenote_active":false,"_monsterinsights_sitenote_note":"","_monsterinsights_sitenote_category":0,"jetpack_post_was_ever_published":false,"_jetpack_newsletter_access":"","_jetpack_dont_email_post_to_subs":false,"_jetpack_newsletter_tier_id":0,"_jetpack_memberships_contains_paywalled_content":false,"_jetpack_memberships_contains_paid_content":false,"footnotes":"","jetpack_publicize_message":"","jetpack_publicize_feature_enabled":true,"jetpack_social_post_already_shared":false,"jetpack_social_options":{"image_generator_settings":{"template":"highway","default_image_id":0,"font":"","enabled":false},"version":2},"_wpas_customize_per_network":false},"categories":[85],"tags":[121,126],"class_list":["post-4597","post","type-post","status-publish","format-standard","hentry","category-policial","tag-accidente-de-transito","tag-policia-mercedes","generate-columns","tablet-grid-50","mobile-grid-100","grid-parent","grid-50"],"jetpack_publicize_connections":[],"jetpack_featured_media_url":"","wps_subtitle":"","jetpack_sharing_enabled":true,"_links":{"self":[{"href":"https:\/\/www.hoymercedes.com.ar\/principal\/wp-json\/wp\/v2\/posts\/4597","targetHints":{"allow":["GET"]}}],"collection":[{"href":"https:\/\/www.hoymercedes.com.ar\/principal\/wp-json\/wp\/v2\/posts"}],"about":[{"href":"https:\/\/www.hoymercedes.com.ar\/principal\/wp-json\/wp\/v2\/types\/post"}],"author":[{"embeddable":true,"href":"https:\/\/www.hoymercedes.com.ar\/principal\/wp-json\/wp\/v2\/users\/1"}],"replies":[{"embeddable":true,"href":"https:\/\/www.hoymercedes.com.ar\/principal\/wp-json\/wp\/v2\/comments?post=4597"}],"version-history":[{"count":0,"href":"https:\/\/www.hoymercedes.com.ar\/principal\/wp-json\/wp\/v2\/posts\/4597\/revisions"}],"wp:attachment":[{"href":"https:\/\/www.hoymercedes.com.ar\/principal\/wp-json\/wp\/v2\/media?parent=4597"}],"wp:term":[{"taxonomy":"category","embeddable":true,"href":"https:\/\/www.hoymercedes.com.ar\/principal\/wp-json\/wp\/v2\/categories?post=4597"},{"taxonomy":"post_tag","embeddable":true,"href":"https:\/\/www.hoymercedes.com.ar\/principal\/wp-json\/wp\/v2\/tags?post=4597"}],"curies":[{"name":"wp","href":"https:\/\/api.w.org\/{rel}","templated":true}]}}