{"id":4603,"date":"2011-05-29T17:40:02","date_gmt":"2011-05-29T17:40:02","guid":{"rendered":"http:\/\/www.hoymercedes.com.ar\/principal\/?p=4603"},"modified":"2011-05-29T17:40:02","modified_gmt":"2011-05-29T17:40:02","slug":"la-justicia-convalido-a-micheli-al-frente-de-la-cta","status":"publish","type":"post","link":"https:\/\/www.hoymercedes.com.ar\/principal\/2011\/05\/29\/la-justicia-convalido-a-micheli-al-frente-de-la-cta\/","title":{"rendered":"La justicia convalid\u00f3 a Micheli al frente de la CTA"},"content":{"rendered":"<p>Informe de la CTA en relaci\u00f3n a las autoridades de la Central:<\/p>\n<p><em>En nombre y representaci\u00f3n del Bloque Organizativo-Gremial-Interior-Territorial de CTA Nacional nos dirigimos a ustedes para informarles que hoy resolvi\u00f3 en el Juzgado Nacional del trabajo n\u00famero 26 a cargo del juez Pablo Candal la legitimaci\u00f3n de Pablo Micheli como secretario General de la Central de los Trabajadores de la Argentina (CTA). <\/em><\/p>\n<p><em>Micheli asegur\u00f3 esta tarde en conferencia de prensa que la disposici\u00f3n judicial convalida las elecciones complementarias realizadas en la CTA que gan\u00f3 la Lista 1 Germ\u00e1n Abdala el pasado 9 de diciembre y de las que Hugo Yasky decidi\u00f3 no participar. \u00abAdem\u00e1s, la resoluci\u00f3n de pr\u00f3rroga que hab\u00eda firmado el ministro (Carlos) Tomada queda invalidada\u00bb, explic\u00f3.<\/em><\/p>\n<p><span style=\"color: #888888;\">Fuente: CTA<\/span><\/p>\n","protected":false},"excerpt":{"rendered":"<p>Informe de la CTA en relaci\u00f3n a las autoridades de la Central: En nombre y representaci\u00f3n del Bloque Organizativo-Gremial-Interior-Territorial de &#8230; <a title=\"La justicia convalid\u00f3 a Micheli al frente de la CTA\" class=\"read-more\" href=\"https:\/\/www.hoymercedes.com.ar\/principal\/2011\/05\/29\/la-justicia-convalido-a-micheli-al-frente-de-la-cta\/\" aria-label=\"Leer m\u00e1s sobre La justicia convalid\u00f3 a Micheli al frente de la CTA\">Leer m\u00e1s<\/a><\/p>\n","protected":false},"author":1,"featured_media":0,"comment_status":"open","ping_status":"open","sticky":false,"template":"","format":"standard","meta":{"_monsterinsights_skip_tracking":false,"_monsterinsights_sitenote_active":false,"_monsterinsights_sitenote_note":"","_monsterinsights_sitenote_category":0,"jetpack_post_was_ever_published":false,"_jetpack_newsletter_access":"","_jetpack_dont_email_post_to_subs":false,"_jetpack_newsletter_tier_id":0,"_jetpack_memberships_contains_paywalled_content":false,"_jetpack_memberships_contains_paid_content":false,"footnotes":"","jetpack_publicize_message":"","jetpack_publicize_feature_enabled":true,"jetpack_social_post_already_shared":false,"jetpack_social_options":{"image_generator_settings":{"template":"highway","default_image_id":0,"font":"","enabled":false},"version":2},"_wpas_customize_per_network":false},"categories":[8],"tags":[415],"class_list":["post-4603","post","type-post","status-publish","format-standard","hentry","category-sociedad","tag-cta","generate-columns","tablet-grid-50","mobile-grid-100","grid-parent","grid-50"],"jetpack_publicize_connections":[],"jetpack_featured_media_url":"","wps_subtitle":"","jetpack_sharing_enabled":true,"_links":{"self":[{"href":"https:\/\/www.hoymercedes.com.ar\/principal\/wp-json\/wp\/v2\/posts\/4603","targetHints":{"allow":["GET"]}}],"collection":[{"href":"https:\/\/www.hoymercedes.com.ar\/principal\/wp-json\/wp\/v2\/posts"}],"about":[{"href":"https:\/\/www.hoymercedes.com.ar\/principal\/wp-json\/wp\/v2\/types\/post"}],"author":[{"embeddable":true,"href":"https:\/\/www.hoymercedes.com.ar\/principal\/wp-json\/wp\/v2\/users\/1"}],"replies":[{"embeddable":true,"href":"https:\/\/www.hoymercedes.com.ar\/principal\/wp-json\/wp\/v2\/comments?post=4603"}],"version-history":[{"count":0,"href":"https:\/\/www.hoymercedes.com.ar\/principal\/wp-json\/wp\/v2\/posts\/4603\/revisions"}],"wp:attachment":[{"href":"https:\/\/www.hoymercedes.com.ar\/principal\/wp-json\/wp\/v2\/media?parent=4603"}],"wp:term":[{"taxonomy":"category","embeddable":true,"href":"https:\/\/www.hoymercedes.com.ar\/principal\/wp-json\/wp\/v2\/categories?post=4603"},{"taxonomy":"post_tag","embeddable":true,"href":"https:\/\/www.hoymercedes.com.ar\/principal\/wp-json\/wp\/v2\/tags?post=4603"}],"curies":[{"name":"wp","href":"https:\/\/api.w.org\/{rel}","templated":true}]}}