{"id":4607,"date":"2011-05-29T18:32:47","date_gmt":"2011-05-29T18:32:47","guid":{"rendered":"http:\/\/www.hoymercedes.com.ar\/principal\/?p=4607"},"modified":"2011-05-29T18:32:47","modified_gmt":"2011-05-29T18:32:47","slug":"el-desfile-civico-militar-sera-el-proximo-20-de-junio","status":"publish","type":"post","link":"https:\/\/www.hoymercedes.com.ar\/principal\/2011\/05\/29\/el-desfile-civico-militar-sera-el-proximo-20-de-junio\/","title":{"rendered":"El desfile c\u00edvico-militar ser\u00e1  el pr\u00f3ximo 20 de Junio"},"content":{"rendered":"<p>Comenzar\u00e1 desde las 13.30 horas en Av. 29. El acto protocolar por el \u201cD\u00eda de la Bandera\u201d ser\u00e1 a las 9 horas en Plaza Belgrano.<\/p>\n<p>El pasado 25 de Mayo estaba prevista la realizaci\u00f3n del tradicional desfile c\u00edvico-militar, la cual por cuestiones clim\u00e1ticas no pudo llevarse adelante y desde la Municipalidad de Mercedes conjuntamente con el Consejo Escolar y las \u00e1reas de inspecci\u00f3n de las escuelas p\u00fablicas y privadas determinaron que el mismo tendr\u00e1 lugar el lunes 20 de Junio en el marco de los festejos por el \u201cD\u00eda de la Bandera\u201d desde las 13.30 horas en el trayecto habitual sobre Avenida 29 de 30 a 22.<\/p>\n<p>En este sentido el Presidente del Consejo Escolar, Oscar Filipin; el Inspector de DIPREGEP, Alberto Teijeiro; la Inspectora del nivel Secundario, Adriana Miravalles y el Jefe de Prensa, Protocolo y Relaciones Institucionales de la Municipalidad, Pablo Vera De Bonis determinaron el orden de pasada de las instituciones y las actividades extras que tendr\u00e1 la edici\u00f3n 2011 del desfile c\u00edvico-militar.<\/p>\n<p>En esta ocasi\u00f3n estar\u00e1n presentes centros de jubilados del Partido, interpretaciones especiales de los cuerpos de danzas y una jura masiva a la Bandera Argentina por parte de los alumnos de 4\u00ba grado.<\/p>\n<p>Desde temprano en Plaza San Mart\u00edn la Direcci\u00f3n de Planeamiento y Producci\u00f3n a trav\u00e9s del \u00e1rea de APES organiza la feria de artesanos e instituciones. Adem\u00e1s la Secretaria de Desarrollo Social pondr\u00e1 a disposici\u00f3n juegos para ni\u00f1os, j\u00f3venes y toda la familia.<\/p>\n<p>En este sentido todas las escuelas e instituciones que necesiten canalizar alguna inquietud pueden acercarse hasta la Direcci\u00f3n Prensa, Protocolo y Relaciones Institucionales (calle 26 N\u00ba 711).<\/p>\n<p><strong>Acto Protocolar por el \u201cD\u00eda de la Bandera\u201d<\/strong><\/p>\n<p>En este sentido informaron que las actividades protocolares por el \u201cD\u00eda de la Bandera\u201d se llevar\u00e1n adelante desde las 8.30 horas con la recepci\u00f3n de autoridades y abanderados en el Hospital Blas L. Dubarry, posteriormente trasladarse hasta Plaza Belgrano para el correspondiente izamiento de la Bandera Nacional, colocaci\u00f3n de ofrendas florales y las palabras alusivas.<\/p>\n<p>&nbsp;<\/p>\n","protected":false},"excerpt":{"rendered":"<p>Comenzar\u00e1 desde las 13.30 horas en Av. 29. El acto protocolar por el \u201cD\u00eda de la Bandera\u201d ser\u00e1 a las &#8230; <a title=\"El desfile c\u00edvico-militar ser\u00e1  el pr\u00f3ximo 20 de Junio\" class=\"read-more\" href=\"https:\/\/www.hoymercedes.com.ar\/principal\/2011\/05\/29\/el-desfile-civico-militar-sera-el-proximo-20-de-junio\/\" aria-label=\"Leer m\u00e1s sobre El desfile c\u00edvico-militar ser\u00e1  el pr\u00f3ximo 20 de Junio\">Leer m\u00e1s<\/a><\/p>\n","protected":false},"author":1,"featured_media":0,"comment_status":"open","ping_status":"open","sticky":false,"template":"","format":"standard","meta":{"_monsterinsights_skip_tracking":false,"_monsterinsights_sitenote_active":false,"_monsterinsights_sitenote_note":"","_monsterinsights_sitenote_category":0,"jetpack_post_was_ever_published":false,"_jetpack_newsletter_access":"","_jetpack_dont_email_post_to_subs":false,"_jetpack_newsletter_tier_id":0,"_jetpack_memberships_contains_paywalled_content":false,"_jetpack_memberships_contains_paid_content":false,"footnotes":"","jetpack_publicize_message":"","jetpack_publicize_feature_enabled":true,"jetpack_social_post_already_shared":false,"jetpack_social_options":{"image_generator_settings":{"template":"highway","default_image_id":0,"font":"","enabled":false},"version":2},"_wpas_customize_per_network":false},"categories":[30],"tags":[849],"class_list":["post-4607","post","type-post","status-publish","format-standard","hentry","category-municipio","tag-desfile-mercedes","generate-columns","tablet-grid-50","mobile-grid-100","grid-parent","grid-50"],"jetpack_publicize_connections":[],"jetpack_featured_media_url":"","wps_subtitle":"","jetpack_sharing_enabled":true,"_links":{"self":[{"href":"https:\/\/www.hoymercedes.com.ar\/principal\/wp-json\/wp\/v2\/posts\/4607","targetHints":{"allow":["GET"]}}],"collection":[{"href":"https:\/\/www.hoymercedes.com.ar\/principal\/wp-json\/wp\/v2\/posts"}],"about":[{"href":"https:\/\/www.hoymercedes.com.ar\/principal\/wp-json\/wp\/v2\/types\/post"}],"author":[{"embeddable":true,"href":"https:\/\/www.hoymercedes.com.ar\/principal\/wp-json\/wp\/v2\/users\/1"}],"replies":[{"embeddable":true,"href":"https:\/\/www.hoymercedes.com.ar\/principal\/wp-json\/wp\/v2\/comments?post=4607"}],"version-history":[{"count":0,"href":"https:\/\/www.hoymercedes.com.ar\/principal\/wp-json\/wp\/v2\/posts\/4607\/revisions"}],"wp:attachment":[{"href":"https:\/\/www.hoymercedes.com.ar\/principal\/wp-json\/wp\/v2\/media?parent=4607"}],"wp:term":[{"taxonomy":"category","embeddable":true,"href":"https:\/\/www.hoymercedes.com.ar\/principal\/wp-json\/wp\/v2\/categories?post=4607"},{"taxonomy":"post_tag","embeddable":true,"href":"https:\/\/www.hoymercedes.com.ar\/principal\/wp-json\/wp\/v2\/tags?post=4607"}],"curies":[{"name":"wp","href":"https:\/\/api.w.org\/{rel}","templated":true}]}}