{"id":46086,"date":"2015-11-25T23:41:58","date_gmt":"2015-11-26T02:41:58","guid":{"rendered":"http:\/\/www.hoymercedes.com.ar\/principal\/?p=46086"},"modified":"2015-11-30T20:19:32","modified_gmt":"2015-11-30T23:19:32","slug":"patricia-barbieri-remarco-el-valor-de-la-consulta-e-interaccion-ante-actos-de-violencia","status":"publish","type":"post","link":"https:\/\/www.hoymercedes.com.ar\/principal\/2015\/11\/25\/patricia-barbieri-remarco-el-valor-de-la-consulta-e-interaccion-ante-actos-de-violencia\/","title":{"rendered":"Patricia Barbieri remarc\u00f3 el valor de la consulta e interacci\u00f3n ante actos de violencia"},"content":{"rendered":"<p><a href=\"https:\/\/www.hoymercedes.com.ar\/principal\/wp-content\/uploads\/2015\/11\/patriciabarbieri.jpg\"><img loading=\"lazy\" decoding=\"async\" data-attachment-id=\"46087\" data-permalink=\"https:\/\/www.hoymercedes.com.ar\/principal\/2015\/11\/25\/patricia-barbieri-remarco-el-valor-de-la-consulta-e-interaccion-ante-actos-de-violencia\/patriciabarbieri\/#main\" data-orig-file=\"https:\/\/www.hoymercedes.com.ar\/principal\/wp-content\/uploads\/2015\/11\/patriciabarbieri.jpg\" data-orig-size=\"620,637\" data-comments-opened=\"1\" data-image-meta=\"{&quot;aperture&quot;:&quot;0&quot;,&quot;credit&quot;:&quot;&quot;,&quot;camera&quot;:&quot;&quot;,&quot;caption&quot;:&quot;&quot;,&quot;created_timestamp&quot;:&quot;0&quot;,&quot;copyright&quot;:&quot;&quot;,&quot;focal_length&quot;:&quot;0&quot;,&quot;iso&quot;:&quot;0&quot;,&quot;shutter_speed&quot;:&quot;0&quot;,&quot;title&quot;:&quot;&quot;,&quot;orientation&quot;:&quot;0&quot;}\" data-image-title=\"patriciabarbieri\" data-image-description=\"\" data-image-caption=\"\" data-large-file=\"https:\/\/www.hoymercedes.com.ar\/principal\/wp-content\/uploads\/2015\/11\/patriciabarbieri.jpg\" class=\"Img2014 aligncenter wp-image-46087 size-full\" src=\"https:\/\/www.hoymercedes.com.ar\/principal\/wp-content\/uploads\/2015\/11\/patriciabarbieri.jpg\" alt=\"patriciabarbieri\" width=\"620\" height=\"637\" srcset=\"https:\/\/www.hoymercedes.com.ar\/principal\/wp-content\/uploads\/2015\/11\/patriciabarbieri.jpg 620w, https:\/\/www.hoymercedes.com.ar\/principal\/wp-content\/uploads\/2015\/11\/patriciabarbieri-146x150.jpg 146w, https:\/\/www.hoymercedes.com.ar\/principal\/wp-content\/uploads\/2015\/11\/patriciabarbieri-603x620.jpg 603w, https:\/\/www.hoymercedes.com.ar\/principal\/wp-content\/uploads\/2015\/11\/patriciabarbieri-282x290.jpg 282w, https:\/\/www.hoymercedes.com.ar\/principal\/wp-content\/uploads\/2015\/11\/patriciabarbieri-50x50.jpg 50w\" sizes=\"auto, (max-width: 620px) 100vw, 620px\" \/><\/a><\/p>\n<p><em><strong>La Psic\u00f3loga Patricia Barbieri dialog\u00f3 con nuestro medio en el d\u00eda internacional de la lucha contra la violencia. La especialista coment\u00f3 la constante necesidad de estar \u201calerta\u201d y las diferencias modalidades de violencia con las que convivimos y muchas veces tenemos naturalizadas en el andar cotidiano e institucional.<\/strong><\/em><\/p>\n<p>\u201cEstamos realizando actividades en la plaza, como en a\u00f1os anteriores, en el d\u00eda internacional de la violencia, que incluye la que padecen las mujeres, pero, tambi\u00e9n los hombres, los ni\u00f1os, los abuelos, es decir, todos. La sociedad tiene m\u00faltiples comportamientos violentos que muchas veces pasamos por alto dado que estamos acostumbrados. En particular la mujer lo padece m\u00e1s ya que claramente es una sociedad patriarcal, machista, y se llega a tal grado que muchas veces termina en femicidios\u201d, sostuvo la profesional.<\/p>\n<p><a href=\"https:\/\/www.hoymercedes.com.ar\/principal\/wp-content\/uploads\/2015\/11\/dia-no-violencia-2015-.jpg\"><img loading=\"lazy\" decoding=\"async\" data-attachment-id=\"46088\" data-permalink=\"https:\/\/www.hoymercedes.com.ar\/principal\/2015\/11\/25\/patricia-barbieri-remarco-el-valor-de-la-consulta-e-interaccion-ante-actos-de-violencia\/dia-no-violencia-2015\/#main\" data-orig-file=\"https:\/\/www.hoymercedes.com.ar\/principal\/wp-content\/uploads\/2015\/11\/dia-no-violencia-2015-.jpg\" data-orig-size=\"620,465\" data-comments-opened=\"1\" data-image-meta=\"{&quot;aperture&quot;:&quot;2.6&quot;,&quot;credit&quot;:&quot;&quot;,&quot;camera&quot;:&quot;SM-G360M&quot;,&quot;caption&quot;:&quot;&quot;,&quot;created_timestamp&quot;:&quot;1448451653&quot;,&quot;copyright&quot;:&quot;&quot;,&quot;focal_length&quot;:&quot;3.31&quot;,&quot;iso&quot;:&quot;80&quot;,&quot;shutter_speed&quot;:&quot;0.00251256281407&quot;,&quot;title&quot;:&quot;&quot;,&quot;orientation&quot;:&quot;0&quot;}\" data-image-title=\"dia-no-violencia-2015-\" data-image-description=\"\" data-image-caption=\"\" data-large-file=\"https:\/\/www.hoymercedes.com.ar\/principal\/wp-content\/uploads\/2015\/11\/dia-no-violencia-2015-.jpg\" class=\"Img2014 aligncenter wp-image-46088 size-full\" src=\"https:\/\/www.hoymercedes.com.ar\/principal\/wp-content\/uploads\/2015\/11\/dia-no-violencia-2015-.jpg\" alt=\"dia-no-violencia-2015-\" width=\"620\" height=\"465\" srcset=\"https:\/\/www.hoymercedes.com.ar\/principal\/wp-content\/uploads\/2015\/11\/dia-no-violencia-2015-.jpg 620w, https:\/\/www.hoymercedes.com.ar\/principal\/wp-content\/uploads\/2015\/11\/dia-no-violencia-2015--150x113.jpg 150w, https:\/\/www.hoymercedes.com.ar\/principal\/wp-content\/uploads\/2015\/11\/dia-no-violencia-2015--290x218.jpg 290w, https:\/\/www.hoymercedes.com.ar\/principal\/wp-content\/uploads\/2015\/11\/dia-no-violencia-2015--50x38.jpg 50w\" sizes=\"auto, (max-width: 620px) 100vw, 620px\" \/><\/a><\/p>\n<p>\u201cDurante todo el a\u00f1o trabajamos en asistencia, asesoramiento, acompa\u00f1amiento en las denuncias. Desde el Departamento de Asistencia a la V\u00edctima de la Direcci\u00f3n de Salud por a\u00f1os fuimos una fuente constante de consulta. Ahora para bien de la sociedad contamos con la Comisaria de la Mujer y desde all\u00ed todo el a\u00f1o desarrollamos actividades en conjunto, interdisciplinariamente\u201d coment\u00f3 Barbieri.<\/p>\n<p>Consultada sobre los puntos de atenci\u00f3n al p\u00fablico mencion\u00f3 algo de suma importante y es que \u201cen el Departamento de Asistencia a la Victima damos atenci\u00f3n integral y psicol\u00f3gica totalmente gratis. Muchas veces una mujer no tiene presente las diferentes formas de violencia que padece. Sociales, econ\u00f3micas, institucionales, ps\u00edquicas y f\u00edsicas\u201d coment\u00f3 la licenciada Patricia Barbieri diciendo que: \u201ctodos los d\u00edas sin importar la altura del a\u00f1o efectuamos las atenciones. Ahora estamos en el edificio de 29 entre 34 y 36 junto a la comisaria de la mujer. Quiero dejar en claro que todo el equipo trabaja sin necesidad de que la v\u00edctima haga una denuncia, nosotros asesoramos, acompa\u00f1amos, buscamos develar cuestiones que no est\u00e1n presentes y que pueden estar haciendo da\u00f1o\u201d afirm\u00f3.<\/p>\n<p>Desde hace tiempo el Departamento de Atenci\u00f3n a la V\u00edctima de la Direcci\u00f3n de Salud es una de las \u00e1reas de Mercedes que m\u00e1s trabaja en el tema, siendo tomado como referencia local por organismos nacionales y provinciales, invitado a jornadas, congresos y siendo parte de las redes de protecci\u00f3n y atenci\u00f3n.<\/p>\n<p><a href=\"https:\/\/www.hoymercedes.com.ar\/principal\/wp-content\/uploads\/2015\/11\/dia-no-violencia-2015-1.jpg\"><img loading=\"lazy\" decoding=\"async\" data-attachment-id=\"46089\" data-permalink=\"https:\/\/www.hoymercedes.com.ar\/principal\/2015\/11\/25\/patricia-barbieri-remarco-el-valor-de-la-consulta-e-interaccion-ante-actos-de-violencia\/dia-no-violencia-2015-1\/#main\" data-orig-file=\"https:\/\/www.hoymercedes.com.ar\/principal\/wp-content\/uploads\/2015\/11\/dia-no-violencia-2015-1.jpg\" data-orig-size=\"620,465\" data-comments-opened=\"1\" data-image-meta=\"{&quot;aperture&quot;:&quot;2.6&quot;,&quot;credit&quot;:&quot;&quot;,&quot;camera&quot;:&quot;SM-G360M&quot;,&quot;caption&quot;:&quot;&quot;,&quot;created_timestamp&quot;:&quot;1448451649&quot;,&quot;copyright&quot;:&quot;&quot;,&quot;focal_length&quot;:&quot;3.31&quot;,&quot;iso&quot;:&quot;80&quot;,&quot;shutter_speed&quot;:&quot;0.00085910652921&quot;,&quot;title&quot;:&quot;&quot;,&quot;orientation&quot;:&quot;0&quot;}\" data-image-title=\"dia-no-violencia-2015-1\" data-image-description=\"\" data-image-caption=\"\" data-large-file=\"https:\/\/www.hoymercedes.com.ar\/principal\/wp-content\/uploads\/2015\/11\/dia-no-violencia-2015-1.jpg\" class=\"Img2014 aligncenter wp-image-46089 size-full\" src=\"https:\/\/www.hoymercedes.com.ar\/principal\/wp-content\/uploads\/2015\/11\/dia-no-violencia-2015-1.jpg\" alt=\"dia-no-violencia-2015-1\" width=\"620\" height=\"465\" srcset=\"https:\/\/www.hoymercedes.com.ar\/principal\/wp-content\/uploads\/2015\/11\/dia-no-violencia-2015-1.jpg 620w, https:\/\/www.hoymercedes.com.ar\/principal\/wp-content\/uploads\/2015\/11\/dia-no-violencia-2015-1-150x113.jpg 150w, https:\/\/www.hoymercedes.com.ar\/principal\/wp-content\/uploads\/2015\/11\/dia-no-violencia-2015-1-290x218.jpg 290w, https:\/\/www.hoymercedes.com.ar\/principal\/wp-content\/uploads\/2015\/11\/dia-no-violencia-2015-1-50x38.jpg 50w\" sizes=\"auto, (max-width: 620px) 100vw, 620px\" \/><\/a><\/p>\n<p><a href=\"https:\/\/www.hoymercedes.com.ar\/principal\/wp-content\/uploads\/2015\/11\/dia-no-violencia-2015-3.jpg\"><img loading=\"lazy\" decoding=\"async\" data-attachment-id=\"46090\" data-permalink=\"https:\/\/www.hoymercedes.com.ar\/principal\/2015\/11\/25\/patricia-barbieri-remarco-el-valor-de-la-consulta-e-interaccion-ante-actos-de-violencia\/dia-no-violencia-2015-3\/#main\" data-orig-file=\"https:\/\/www.hoymercedes.com.ar\/principal\/wp-content\/uploads\/2015\/11\/dia-no-violencia-2015-3.jpg\" data-orig-size=\"620,465\" data-comments-opened=\"1\" data-image-meta=\"{&quot;aperture&quot;:&quot;2.6&quot;,&quot;credit&quot;:&quot;&quot;,&quot;camera&quot;:&quot;SM-G360M&quot;,&quot;caption&quot;:&quot;&quot;,&quot;created_timestamp&quot;:&quot;1448451950&quot;,&quot;copyright&quot;:&quot;&quot;,&quot;focal_length&quot;:&quot;3.31&quot;,&quot;iso&quot;:&quot;80&quot;,&quot;shutter_speed&quot;:&quot;0.0020325203252&quot;,&quot;title&quot;:&quot;&quot;,&quot;orientation&quot;:&quot;0&quot;}\" data-image-title=\"dia-no-violencia-2015-3\" data-image-description=\"\" data-image-caption=\"\" data-large-file=\"https:\/\/www.hoymercedes.com.ar\/principal\/wp-content\/uploads\/2015\/11\/dia-no-violencia-2015-3.jpg\" class=\"Img2014 aligncenter wp-image-46090 size-full\" src=\"https:\/\/www.hoymercedes.com.ar\/principal\/wp-content\/uploads\/2015\/11\/dia-no-violencia-2015-3.jpg\" alt=\"dia-no-violencia-2015-3\" width=\"620\" height=\"465\" srcset=\"https:\/\/www.hoymercedes.com.ar\/principal\/wp-content\/uploads\/2015\/11\/dia-no-violencia-2015-3.jpg 620w, https:\/\/www.hoymercedes.com.ar\/principal\/wp-content\/uploads\/2015\/11\/dia-no-violencia-2015-3-150x113.jpg 150w, https:\/\/www.hoymercedes.com.ar\/principal\/wp-content\/uploads\/2015\/11\/dia-no-violencia-2015-3-290x218.jpg 290w, https:\/\/www.hoymercedes.com.ar\/principal\/wp-content\/uploads\/2015\/11\/dia-no-violencia-2015-3-50x38.jpg 50w\" sizes=\"auto, (max-width: 620px) 100vw, 620px\" \/><\/a><\/p>\n<p>&nbsp;<\/p>\n","protected":false},"excerpt":{"rendered":"<p>La Psic\u00f3loga Patricia Barbieri dialog\u00f3 con nuestro medio en el d\u00eda internacional de la lucha contra la violencia. La especialista &#8230; <a title=\"Patricia Barbieri remarc\u00f3 el valor de la consulta e interacci\u00f3n ante actos de violencia\" class=\"read-more\" href=\"https:\/\/www.hoymercedes.com.ar\/principal\/2015\/11\/25\/patricia-barbieri-remarco-el-valor-de-la-consulta-e-interaccion-ante-actos-de-violencia\/\" aria-label=\"Leer m\u00e1s sobre Patricia Barbieri remarc\u00f3 el valor de la consulta e interacci\u00f3n ante actos de violencia\">Leer m\u00e1s<\/a><\/p>\n","protected":false},"author":1,"featured_media":46087,"comment_status":"open","ping_status":"open","sticky":false,"template":"","format":"standard","meta":{"_monsterinsights_skip_tracking":false,"_monsterinsights_sitenote_active":false,"_monsterinsights_sitenote_note":"","_monsterinsights_sitenote_category":0,"jetpack_post_was_ever_published":false,"_jetpack_newsletter_access":"","_jetpack_dont_email_post_to_subs":false,"_jetpack_newsletter_tier_id":0,"_jetpack_memberships_contains_paywalled_content":false,"_jetpack_memberships_contains_paid_content":false,"footnotes":"","jetpack_publicize_message":"","jetpack_publicize_feature_enabled":true,"jetpack_social_post_already_shared":true,"jetpack_social_options":{"image_generator_settings":{"template":"highway","default_image_id":0,"font":"","enabled":false},"version":2},"_wpas_customize_per_network":false},"categories":[8237,8],"tags":[8229,7422,8238],"class_list":["post-46086","post","type-post","status-publish","format-standard","has-post-thumbnail","hentry","category-destacado","category-sociedad","tag-dia-internacional-contra-la-violencia","tag-ni-una-menos-mercedes","tag-patricia-barbieri","generate-columns","tablet-grid-50","mobile-grid-100","grid-parent","grid-50"],"jetpack_publicize_connections":[],"jetpack_featured_media_url":"https:\/\/www.hoymercedes.com.ar\/principal\/wp-content\/uploads\/2015\/11\/patriciabarbieri.jpg","wps_subtitle":"Dia contra la violencia","jetpack_sharing_enabled":true,"_links":{"self":[{"href":"https:\/\/www.hoymercedes.com.ar\/principal\/wp-json\/wp\/v2\/posts\/46086","targetHints":{"allow":["GET"]}}],"collection":[{"href":"https:\/\/www.hoymercedes.com.ar\/principal\/wp-json\/wp\/v2\/posts"}],"about":[{"href":"https:\/\/www.hoymercedes.com.ar\/principal\/wp-json\/wp\/v2\/types\/post"}],"author":[{"embeddable":true,"href":"https:\/\/www.hoymercedes.com.ar\/principal\/wp-json\/wp\/v2\/users\/1"}],"replies":[{"embeddable":true,"href":"https:\/\/www.hoymercedes.com.ar\/principal\/wp-json\/wp\/v2\/comments?post=46086"}],"version-history":[{"count":0,"href":"https:\/\/www.hoymercedes.com.ar\/principal\/wp-json\/wp\/v2\/posts\/46086\/revisions"}],"wp:featuredmedia":[{"embeddable":true,"href":"https:\/\/www.hoymercedes.com.ar\/principal\/wp-json\/wp\/v2\/media\/46087"}],"wp:attachment":[{"href":"https:\/\/www.hoymercedes.com.ar\/principal\/wp-json\/wp\/v2\/media?parent=46086"}],"wp:term":[{"taxonomy":"category","embeddable":true,"href":"https:\/\/www.hoymercedes.com.ar\/principal\/wp-json\/wp\/v2\/categories?post=46086"},{"taxonomy":"post_tag","embeddable":true,"href":"https:\/\/www.hoymercedes.com.ar\/principal\/wp-json\/wp\/v2\/tags?post=46086"}],"curies":[{"name":"wp","href":"https:\/\/api.w.org\/{rel}","templated":true}]}}