{"id":4610,"date":"2011-05-30T01:35:36","date_gmt":"2011-05-30T01:35:36","guid":{"rendered":"http:\/\/www.hoymercedes.com.ar\/principal\/?p=4610"},"modified":"2011-05-30T01:35:36","modified_gmt":"2011-05-30T01:35:36","slug":"futbol-solidario-crece-el-compromiso-de-las-instituciones-que-participan","status":"publish","type":"post","link":"https:\/\/www.hoymercedes.com.ar\/principal\/2011\/05\/30\/futbol-solidario-crece-el-compromiso-de-las-instituciones-que-participan\/","title":{"rendered":"F\u00fatbol Solidario: Crece el compromiso de las instituciones que participan"},"content":{"rendered":"<figure id=\"attachment_4612\" aria-describedby=\"caption-attachment-4612\" style=\"width: 290px\" class=\"wp-caption alignleft\"><a href=\"https:\/\/www.hoymercedes.com.ar\/principal\/wp-content\/uploads\/2011\/05\/Institucionesfutbol2011.jpg\"><img loading=\"lazy\" decoding=\"async\" data-attachment-id=\"4612\" data-permalink=\"https:\/\/www.hoymercedes.com.ar\/principal\/2011\/05\/30\/futbol-solidario-crece-el-compromiso-de-las-instituciones-que-participan\/institucionesfutbol2011\/#main\" data-orig-file=\"https:\/\/www.hoymercedes.com.ar\/principal\/wp-content\/uploads\/2011\/05\/Institucionesfutbol2011.jpg\" data-orig-size=\"400,142\" data-comments-opened=\"1\" data-image-meta=\"{&quot;aperture&quot;:&quot;3.5&quot;,&quot;credit&quot;:&quot;&quot;,&quot;camera&quot;:&quot;KODAK EASYSHARE Z915 DIGITAL CAMERA&quot;,&quot;caption&quot;:&quot;&quot;,&quot;created_timestamp&quot;:&quot;1230847966&quot;,&quot;copyright&quot;:&quot;&quot;,&quot;focal_length&quot;:&quot;6.2&quot;,&quot;iso&quot;:&quot;200&quot;,&quot;shutter_speed&quot;:&quot;0.033333333333333&quot;,&quot;title&quot;:&quot;&quot;}\" data-image-title=\"Institucionesfutbol2011\" data-image-description=\"\" data-image-caption=\"\" data-large-file=\"https:\/\/www.hoymercedes.com.ar\/principal\/wp-content\/uploads\/2011\/05\/Institucionesfutbol2011.jpg\" class=\"size-medium wp-image-4612\" title=\"Institucionesfutbol2011\" src=\"https:\/\/www.hoymercedes.com.ar\/principal\/wp-content\/uploads\/2011\/05\/Institucionesfutbol2011-300x106.jpg\" alt=\"\" width=\"300\" height=\"106\" srcset=\"https:\/\/www.hoymercedes.com.ar\/principal\/wp-content\/uploads\/2011\/05\/Institucionesfutbol2011-300x106.jpg 300w, https:\/\/www.hoymercedes.com.ar\/principal\/wp-content\/uploads\/2011\/05\/Institucionesfutbol2011.jpg 400w\" sizes=\"auto, (max-width: 300px) 100vw, 300px\" \/><\/a><figcaption id=\"caption-attachment-4612\" class=\"wp-caption-text\">F\u00fatbol solidario 2011<\/figcaption><\/figure>\n<p>Se trata del Cuerpo de Bomberos Voluntarios, el CEPT N\u00ba 4 (destinado a Franco Cernada) y el Hospital Blas L. Dubarry. Adem\u00e1s la Municipalidad de Mercedes, la Fundaci\u00f3n LU.CA.S., el Consejo Escolar y el Colegio de Farmac\u00e9uticos.<\/p>\n<p>El pr\u00f3ximo 26 de junio desde las 12.30 horas (horario de apertura del Estadio de la Liga Mercedina de F\u00fatbol) tendr\u00e1 lugar la 4\u00ba edici\u00f3n del denominado F\u00fatbol Solidario, para esta oportunidad varias instituciones comprometidas con la ciudad se sumaron al proyecto y comenzaron el camino hacia el objetivo.<\/p>\n<p>En esta ocasi\u00f3n est\u00e1 participando el Cuerpo de Bomberos Voluntarios de Mercedes, el personal hace un esfuerzo admirable y desde la Comisi\u00f3n Directiva invitan a los j\u00f3venes a sumarse. Los fondos recaudados mediante el evento ser\u00e1n destinados al funcionamiento del Cuartel y otras metas. Al frente del trabajo se encuentran el Presidente de la Comisi\u00f3n, Pedro Di Cecco; el Jefe del Cuartel, Roberto Ferrari y el responsable de Relaciones Institucionales, Ricardo Paredes.<\/p>\n<p>&nbsp;<\/p>\n<p>Tambi\u00e9n dicen presentes desde el CEPT N\u00ba 4, el establecimiento educativo de la zona rural se encuentra atravesando una dif\u00edcil situaci\u00f3n luego que el joven alumno Franco Cernada sufriera un accidente trabajando en el campo y producto del hecho le tuvieron que amputar una pierna. \u201cEl dolor es inmenso\u201d dice el profesor, Mariano P\u00e9rez quien junto al apoyo constante por parte del Director, Julio Cesar en nombre de todo el cuerpo docente, alumnos y padres de la comunidad educativa trabajan para poder lograr recaudar fondos y as\u00ed costear las operaciones y el correspondiente tratamiento.<\/p>\n<p>El Hospital Blas L. Dubarry se suma a la iniciativa con la mirada puesta en seguir creciendo y all\u00ed estar\u00e1n los fondos obtenidos en la subasta del 22 de junio, el centro de salud d\u00eda a d\u00eda atiende las demandas de mercedinas y vecinos de ciudades aleda\u00f1as. Est\u00e1n representados por el Director, Rodolfo Principi; el Presidente de la Cooperadora, Rosendo Rubiero junto a Cesar Sanmart\u00edn, \u201cTito\u201d Montenegro y otros colaboradores voluntarios.<\/p>\n<p>Desde el plano externo la Comisi\u00f3n Organizadora del F\u00fatbol Solidario tiene la colaboraci\u00f3n de la Municipalidad de Mercedes a trav\u00e9s de su Intendente, Carlos Selva y desde el Consejo Escolar su Presidente, Oscar Filipin. Adem\u00e1s el Presidente del Colegio de Farmac\u00e9uticos, Carlos Milhomme dispuso que las entradas anticipadas se vendan en todas las farmacias del Partido; al igual que en las instituciones que participan del evento, la Municipalidad de Mercedes (Direcci\u00f3n de Turismo), la C\u00e1mara Econ\u00f3mica Mercedina, el Consejo Escolar, Chelen Libros, La Catedral de Siempre, Tiempos de Papel y Bar El Cabildo.<\/p>\n<p>Un p\u00e1rrafo aparte para el trabajo que hacen desde la Fundaci\u00f3n LU.CA.S. (Luj\u00e1n Camino Solidario), perteneciente al reconocido jugador profesional, Lucas Castroman.<\/p>\n<p><span style=\"color: #888888;\">Fuente: Organizaci\u00f3n<\/span><\/p>\n<p>&nbsp;<\/p>\n","protected":false},"excerpt":{"rendered":"<p>Se trata del Cuerpo de Bomberos Voluntarios, el CEPT N\u00ba 4 (destinado a Franco Cernada) y el Hospital Blas L. &#8230; <a title=\"F\u00fatbol Solidario: Crece el compromiso de las instituciones que participan\" class=\"read-more\" href=\"https:\/\/www.hoymercedes.com.ar\/principal\/2011\/05\/30\/futbol-solidario-crece-el-compromiso-de-las-instituciones-que-participan\/\" aria-label=\"Leer m\u00e1s sobre F\u00fatbol Solidario: Crece el compromiso de las instituciones que participan\">Leer m\u00e1s<\/a><\/p>\n","protected":false},"author":1,"featured_media":0,"comment_status":"open","ping_status":"open","sticky":false,"template":"","format":"standard","meta":{"_monsterinsights_skip_tracking":false,"_monsterinsights_sitenote_active":false,"_monsterinsights_sitenote_note":"","_monsterinsights_sitenote_category":0,"jetpack_post_was_ever_published":false,"_jetpack_newsletter_access":"","_jetpack_dont_email_post_to_subs":false,"_jetpack_newsletter_tier_id":0,"_jetpack_memberships_contains_paywalled_content":false,"_jetpack_memberships_contains_paid_content":false,"footnotes":"","jetpack_publicize_message":"","jetpack_publicize_feature_enabled":true,"jetpack_social_post_already_shared":false,"jetpack_social_options":{"image_generator_settings":{"template":"highway","default_image_id":0,"font":"","enabled":false},"version":2},"_wpas_customize_per_network":false},"categories":[8],"tags":[800],"class_list":["post-4610","post","type-post","status-publish","format-standard","hentry","category-sociedad","tag-futbol-solidario","generate-columns","tablet-grid-50","mobile-grid-100","grid-parent","grid-50"],"jetpack_publicize_connections":[],"jetpack_featured_media_url":"","wps_subtitle":"","jetpack_sharing_enabled":true,"_links":{"self":[{"href":"https:\/\/www.hoymercedes.com.ar\/principal\/wp-json\/wp\/v2\/posts\/4610","targetHints":{"allow":["GET"]}}],"collection":[{"href":"https:\/\/www.hoymercedes.com.ar\/principal\/wp-json\/wp\/v2\/posts"}],"about":[{"href":"https:\/\/www.hoymercedes.com.ar\/principal\/wp-json\/wp\/v2\/types\/post"}],"author":[{"embeddable":true,"href":"https:\/\/www.hoymercedes.com.ar\/principal\/wp-json\/wp\/v2\/users\/1"}],"replies":[{"embeddable":true,"href":"https:\/\/www.hoymercedes.com.ar\/principal\/wp-json\/wp\/v2\/comments?post=4610"}],"version-history":[{"count":0,"href":"https:\/\/www.hoymercedes.com.ar\/principal\/wp-json\/wp\/v2\/posts\/4610\/revisions"}],"wp:attachment":[{"href":"https:\/\/www.hoymercedes.com.ar\/principal\/wp-json\/wp\/v2\/media?parent=4610"}],"wp:term":[{"taxonomy":"category","embeddable":true,"href":"https:\/\/www.hoymercedes.com.ar\/principal\/wp-json\/wp\/v2\/categories?post=4610"},{"taxonomy":"post_tag","embeddable":true,"href":"https:\/\/www.hoymercedes.com.ar\/principal\/wp-json\/wp\/v2\/tags?post=4610"}],"curies":[{"name":"wp","href":"https:\/\/api.w.org\/{rel}","templated":true}]}}