{"id":46107,"date":"2015-11-28T20:41:06","date_gmt":"2015-11-28T23:41:06","guid":{"rendered":"http:\/\/www.hoymercedes.com.ar\/principal\/?p=46107"},"modified":"2015-11-28T20:42:36","modified_gmt":"2015-11-28T23:42:36","slug":"walter-yacare-sequeira-combatire-en-alemania","status":"publish","type":"post","link":"https:\/\/www.hoymercedes.com.ar\/principal\/2015\/11\/28\/walter-yacare-sequeira-combatire-en-alemania\/","title":{"rendered":"Walter \u00abYacar\u00e9\u00bb Sequeira combatir\u00e9 en Alemania"},"content":{"rendered":"<p>&nbsp;<\/p>\n<p><a class=\"Img3024\" href=\"https:\/\/www.hoymercedes.com.ar\/principal\/wp-content\/uploads\/2015\/11\/yacar\u00e9-entrenamiento.jpg\" rel=\"Walter Yacar\u00e9 Sequeira, pelea en alemanai, Avni Yildirim \"><img loading=\"lazy\" decoding=\"async\" data-attachment-id=\"46108\" data-permalink=\"https:\/\/www.hoymercedes.com.ar\/principal\/2015\/11\/28\/walter-yacare-sequeira-combatire-en-alemania\/yacare-entrenamiento\/#main\" data-orig-file=\"https:\/\/www.hoymercedes.com.ar\/principal\/wp-content\/uploads\/2015\/11\/yacar\u00e9-entrenamiento.jpg\" data-orig-size=\"620,414\" data-comments-opened=\"1\" data-image-meta=\"{&quot;aperture&quot;:&quot;0&quot;,&quot;credit&quot;:&quot;&quot;,&quot;camera&quot;:&quot;&quot;,&quot;caption&quot;:&quot;&quot;,&quot;created_timestamp&quot;:&quot;0&quot;,&quot;copyright&quot;:&quot;&quot;,&quot;focal_length&quot;:&quot;0&quot;,&quot;iso&quot;:&quot;0&quot;,&quot;shutter_speed&quot;:&quot;0&quot;,&quot;title&quot;:&quot;&quot;,&quot;orientation&quot;:&quot;0&quot;}\" data-image-title=\"yacar\u00e9-entrenamiento\" data-image-description=\"\" data-image-caption=\"\" data-large-file=\"https:\/\/www.hoymercedes.com.ar\/principal\/wp-content\/uploads\/2015\/11\/yacar\u00e9-entrenamiento.jpg\" class=\"aligncenter wp-image-46108 size-full\" src=\"https:\/\/www.hoymercedes.com.ar\/principal\/wp-content\/uploads\/2015\/11\/yacar\u00e9-entrenamiento.jpg\" alt=\"yacar\u00e9-entrenamiento\" width=\"620\" height=\"414\" srcset=\"https:\/\/www.hoymercedes.com.ar\/principal\/wp-content\/uploads\/2015\/11\/yacar\u00e9-entrenamiento.jpg 620w, https:\/\/www.hoymercedes.com.ar\/principal\/wp-content\/uploads\/2015\/11\/yacar\u00e9-entrenamiento-150x100.jpg 150w, https:\/\/www.hoymercedes.com.ar\/principal\/wp-content\/uploads\/2015\/11\/yacar\u00e9-entrenamiento-290x194.jpg 290w, https:\/\/www.hoymercedes.com.ar\/principal\/wp-content\/uploads\/2015\/11\/yacar\u00e9-entrenamiento-50x33.jpg 50w\" sizes=\"auto, (max-width: 620px) 100vw, 620px\" \/><\/a><br \/>\n<em><strong>En la jornada del \u00faltimo mi\u00e9rcoles 25 el reconocido promotor Sampson Lewkowicz (quien manejara a \u201cMaravilla\u201d Mart\u00ednez) comunic\u00f3 por intermedio de su colega Carlos Tello la fecha para la pr\u00f3xima presentaci\u00f3n internacional de Walter Sequeira.<\/strong><\/em><br \/>\nEl venidero s\u00e1bado 20 de febrero de 2015, en sitio a confirmar,\u00a0 el Yacar\u00e9\u201d enfrentar\u00e1 al turco Avni Yildirim en una velada que trasmitir\u00e1 TyC Sports desde Alemania. Entre Sequeira 17 &#8211; (12 KO) \u2013 2 y Yildirim 7 (4 KO) ser\u00e1n 10 vueltas (3\u2019x1\u2019).<br \/>\nEl pupilo de\u00a0 \u201cCharly\u201d Rodr\u00edguez viene de ganar por KO 1 ante el colombiano Evert Bravo en C\u00f3rdoba donde adem\u00e1s retuvo el t\u00edtulo CMB Latino Mediopesado. Del otro lado, el rival, que se muestra invicto, con 24 a\u00f1os viene de triunfar en 12 vueltas el \u00faltimo 11 de octubre ante Bernard Donfack en Alemania y antes de 20 de febrero, el pr\u00f3ximo 18 de diciembre, se medir\u00e1 ante el finland\u00e9s Janne Forsman, ese d\u00eda expondr\u00e1 su t\u00edtulo de Plata Internacional CMB y estar\u00e1 en juego tambi\u00e9n el de Eurasia Pac\u00edfico del CMB en la categor\u00eda Mediopesado, ambos.<br \/>\nDe esta manera Sequeira tendr\u00e1 por primer a vez un combate fuera del pa\u00eds, arrancando sus entrenamientos el pr\u00f3ximo lunes en el gimnasio CITA de calle 21 en Mercedes, para luego trasladarse a Buenos Aires, como siempre a las \u00f3rdenes de \u201cCharly\u201d Rodr\u00edguez que ha depositado grandes esperanzas en el futuro del p\u00fagil del barrio Calvillo.<br \/>\nPara llega a esta importante chance el equipo Charly Box cuenta con el apoyo del Banco Macro, Porto Pizza y Hotel Crist\u00f3foro Colombo y NC Mecanizados.<\/p>\n","protected":false},"excerpt":{"rendered":"<p>&nbsp; En la jornada del \u00faltimo mi\u00e9rcoles 25 el reconocido promotor Sampson Lewkowicz (quien manejara a \u201cMaravilla\u201d Mart\u00ednez) comunic\u00f3 por &#8230; <a title=\"Walter \u00abYacar\u00e9\u00bb Sequeira combatir\u00e9 en Alemania\" class=\"read-more\" href=\"https:\/\/www.hoymercedes.com.ar\/principal\/2015\/11\/28\/walter-yacare-sequeira-combatire-en-alemania\/\" aria-label=\"Leer m\u00e1s sobre Walter \u00abYacar\u00e9\u00bb Sequeira combatir\u00e9 en Alemania\">Leer m\u00e1s<\/a><\/p>\n","protected":false},"author":1,"featured_media":46108,"comment_status":"open","ping_status":"open","sticky":false,"template":"","format":"standard","meta":{"_monsterinsights_skip_tracking":false,"_monsterinsights_sitenote_active":false,"_monsterinsights_sitenote_note":"","_monsterinsights_sitenote_category":0,"jetpack_post_was_ever_published":false,"_jetpack_newsletter_access":"","_jetpack_dont_email_post_to_subs":false,"_jetpack_newsletter_tier_id":0,"_jetpack_memberships_contains_paywalled_content":false,"_jetpack_memberships_contains_paid_content":false,"footnotes":"","jetpack_publicize_message":"","jetpack_publicize_feature_enabled":true,"jetpack_social_post_already_shared":true,"jetpack_social_options":{"image_generator_settings":{"template":"highway","default_image_id":0,"font":"","enabled":false},"version":2},"_wpas_customize_per_network":false},"categories":[21],"tags":[8233,8232,3806],"class_list":["post-46107","post","type-post","status-publish","format-standard","has-post-thumbnail","hentry","category-deportes","tag-avni-yildirim","tag-pelea-en-alemanai","tag-walter-yacare-sequeira","generate-columns","tablet-grid-50","mobile-grid-100","grid-parent","grid-50"],"jetpack_publicize_connections":[],"jetpack_featured_media_url":"https:\/\/www.hoymercedes.com.ar\/principal\/wp-content\/uploads\/2015\/11\/yacar\u00e9-entrenamiento.jpg","wps_subtitle":"El mercedino a nivel internacional","jetpack_sharing_enabled":true,"_links":{"self":[{"href":"https:\/\/www.hoymercedes.com.ar\/principal\/wp-json\/wp\/v2\/posts\/46107","targetHints":{"allow":["GET"]}}],"collection":[{"href":"https:\/\/www.hoymercedes.com.ar\/principal\/wp-json\/wp\/v2\/posts"}],"about":[{"href":"https:\/\/www.hoymercedes.com.ar\/principal\/wp-json\/wp\/v2\/types\/post"}],"author":[{"embeddable":true,"href":"https:\/\/www.hoymercedes.com.ar\/principal\/wp-json\/wp\/v2\/users\/1"}],"replies":[{"embeddable":true,"href":"https:\/\/www.hoymercedes.com.ar\/principal\/wp-json\/wp\/v2\/comments?post=46107"}],"version-history":[{"count":0,"href":"https:\/\/www.hoymercedes.com.ar\/principal\/wp-json\/wp\/v2\/posts\/46107\/revisions"}],"wp:featuredmedia":[{"embeddable":true,"href":"https:\/\/www.hoymercedes.com.ar\/principal\/wp-json\/wp\/v2\/media\/46108"}],"wp:attachment":[{"href":"https:\/\/www.hoymercedes.com.ar\/principal\/wp-json\/wp\/v2\/media?parent=46107"}],"wp:term":[{"taxonomy":"category","embeddable":true,"href":"https:\/\/www.hoymercedes.com.ar\/principal\/wp-json\/wp\/v2\/categories?post=46107"},{"taxonomy":"post_tag","embeddable":true,"href":"https:\/\/www.hoymercedes.com.ar\/principal\/wp-json\/wp\/v2\/tags?post=46107"}],"curies":[{"name":"wp","href":"https:\/\/api.w.org\/{rel}","templated":true}]}}