{"id":46161,"date":"2015-12-01T00:36:31","date_gmt":"2015-12-01T03:36:31","guid":{"rendered":"http:\/\/www.hoymercedes.com.ar\/principal\/?p=46161"},"modified":"2015-12-01T00:36:31","modified_gmt":"2015-12-01T03:36:31","slug":"el-museo-de-ciencias-carlos-ameghino-continua-acrecentando-su-colecciones","status":"publish","type":"post","link":"https:\/\/www.hoymercedes.com.ar\/principal\/2015\/12\/01\/el-museo-de-ciencias-carlos-ameghino-continua-acrecentando-su-colecciones\/","title":{"rendered":"El Museo de Ciencias \u00abCarlos Ameghino\u00bb contin\u00faa acrecentando su colecciones"},"content":{"rendered":"<figure id=\"attachment_46162\" aria-describedby=\"caption-attachment-46162\" style=\"width: 610px\" class=\"wp-caption aligncenter\"><a href=\"https:\/\/www.hoymercedes.com.ar\/principal\/wp-content\/uploads\/2015\/12\/museo-amedhino.jpg\"><img loading=\"lazy\" decoding=\"async\" data-attachment-id=\"46162\" data-permalink=\"https:\/\/www.hoymercedes.com.ar\/principal\/2015\/12\/01\/el-museo-de-ciencias-carlos-ameghino-continua-acrecentando-su-colecciones\/museo-amedhino\/#main\" data-orig-file=\"https:\/\/www.hoymercedes.com.ar\/principal\/wp-content\/uploads\/2015\/12\/museo-amedhino.jpg\" data-orig-size=\"620,465\" data-comments-opened=\"1\" data-image-meta=\"{&quot;aperture&quot;:&quot;0&quot;,&quot;credit&quot;:&quot;&quot;,&quot;camera&quot;:&quot;&quot;,&quot;caption&quot;:&quot;&quot;,&quot;created_timestamp&quot;:&quot;0&quot;,&quot;copyright&quot;:&quot;Copyright 2009&quot;,&quot;focal_length&quot;:&quot;0&quot;,&quot;iso&quot;:&quot;0&quot;,&quot;shutter_speed&quot;:&quot;0&quot;,&quot;title&quot;:&quot;&quot;,&quot;orientation&quot;:&quot;0&quot;}\" data-image-title=\"museo-amedhino\" data-image-description=\"\" data-image-caption=\"\" data-large-file=\"https:\/\/www.hoymercedes.com.ar\/principal\/wp-content\/uploads\/2015\/12\/museo-amedhino.jpg\" class=\"wp-image-46162 size-full\" src=\"https:\/\/www.hoymercedes.com.ar\/principal\/wp-content\/uploads\/2015\/12\/museo-amedhino.jpg\" alt=\"museo-amedhino\" width=\"620\" height=\"465\" srcset=\"https:\/\/www.hoymercedes.com.ar\/principal\/wp-content\/uploads\/2015\/12\/museo-amedhino.jpg 620w, https:\/\/www.hoymercedes.com.ar\/principal\/wp-content\/uploads\/2015\/12\/museo-amedhino-150x113.jpg 150w\" sizes=\"auto, (max-width: 620px) 100vw, 620px\" \/><\/a><figcaption id=\"caption-attachment-46162\" class=\"wp-caption-text\">Aporte al Ameghino Mar\u00edn &#8211; Museo de Ciencias Naturales<\/figcaption><\/figure>\n<p>En el d\u00eda de ayer, mi\u00e9rcoles 25 de noviembre, recibimos la donaci\u00f3n de una importante colecci\u00f3n de materiales, de parte del se\u00f1or Alfredo Magad\u00e1n. Se trata de 65 restos f\u00f3siles de megamam\u00edferos extinguidos, una cola de tibur\u00f3n bacota, y dos cajas con caparazones y valvas de moluscos. Cabe destacar que el a\u00f1o pasado, el mismo Marcelo Magad\u00e1n hizo la donaci\u00f3n de su colecci\u00f3n mayor, compuesta de 246 f\u00f3siles, algunos de los cuales ya se encuentran expuestos en la nueva \u00abSala de Megafauna Pampeana\u00bb inaugurada recientemente con motivo del 50\u00b0 aniversario de la municipalizaci\u00f3n del Museo.<br \/>\nLa numerosa colecci\u00f3n procede de la costa atl\u00e1ntica bonaerense y ha sido el producto de la recolecci\u00f3n a lo largo de 20 a\u00f1os. Le agradecemos mucho por su compromiso en la protecci\u00f3n del patrimonio, y por confiar en nuestro Museo para depositar la colecci\u00f3n. Comenzamos ahora en la etapa de identificaci\u00f3n, catalogaci\u00f3n y conservaci\u00f3n preventiva de estos nuevos materiales.<br \/>\nAprovechamos la oportunidad para invitar a toda la comunidad mercedina a cercarse al Museo, a conocer nuestro funcionamiento y a participar de las distintas actividades.<\/p>\n","protected":false},"excerpt":{"rendered":"<p>En el d\u00eda de ayer, mi\u00e9rcoles 25 de noviembre, recibimos la donaci\u00f3n de una importante colecci\u00f3n de materiales, de parte &#8230; <a title=\"El Museo de Ciencias \u00abCarlos Ameghino\u00bb contin\u00faa acrecentando su colecciones\" class=\"read-more\" href=\"https:\/\/www.hoymercedes.com.ar\/principal\/2015\/12\/01\/el-museo-de-ciencias-carlos-ameghino-continua-acrecentando-su-colecciones\/\" aria-label=\"Leer m\u00e1s sobre El Museo de Ciencias \u00abCarlos Ameghino\u00bb contin\u00faa acrecentando su colecciones\">Leer m\u00e1s<\/a><\/p>\n","protected":false},"author":1,"featured_media":46162,"comment_status":"open","ping_status":"open","sticky":false,"template":"","format":"standard","meta":{"_monsterinsights_skip_tracking":false,"_monsterinsights_sitenote_active":false,"_monsterinsights_sitenote_note":"","_monsterinsights_sitenote_category":0,"jetpack_post_was_ever_published":false,"_jetpack_newsletter_access":"","_jetpack_dont_email_post_to_subs":false,"_jetpack_newsletter_tier_id":0,"_jetpack_memberships_contains_paywalled_content":false,"_jetpack_memberships_contains_paid_content":false,"footnotes":"","jetpack_publicize_message":"","jetpack_publicize_feature_enabled":true,"jetpack_social_post_already_shared":true,"jetpack_social_options":{"image_generator_settings":{"template":"highway","default_image_id":0,"font":"","enabled":false},"version":2},"_wpas_customize_per_network":false},"categories":[104],"tags":[8242,7307],"class_list":["post-46161","post","type-post","status-publish","format-standard","has-post-thumbnail","hentry","category-cultura","tag-ameghino-mariin","tag-museo-de-ciencias-naturales","generate-columns","tablet-grid-50","mobile-grid-100","grid-parent","grid-50"],"jetpack_publicize_connections":[],"jetpack_featured_media_url":"https:\/\/www.hoymercedes.com.ar\/principal\/wp-content\/uploads\/2015\/12\/museo-amedhino.jpg","wps_subtitle":"Ciencia, cultura e historia","jetpack_sharing_enabled":true,"_links":{"self":[{"href":"https:\/\/www.hoymercedes.com.ar\/principal\/wp-json\/wp\/v2\/posts\/46161","targetHints":{"allow":["GET"]}}],"collection":[{"href":"https:\/\/www.hoymercedes.com.ar\/principal\/wp-json\/wp\/v2\/posts"}],"about":[{"href":"https:\/\/www.hoymercedes.com.ar\/principal\/wp-json\/wp\/v2\/types\/post"}],"author":[{"embeddable":true,"href":"https:\/\/www.hoymercedes.com.ar\/principal\/wp-json\/wp\/v2\/users\/1"}],"replies":[{"embeddable":true,"href":"https:\/\/www.hoymercedes.com.ar\/principal\/wp-json\/wp\/v2\/comments?post=46161"}],"version-history":[{"count":0,"href":"https:\/\/www.hoymercedes.com.ar\/principal\/wp-json\/wp\/v2\/posts\/46161\/revisions"}],"wp:featuredmedia":[{"embeddable":true,"href":"https:\/\/www.hoymercedes.com.ar\/principal\/wp-json\/wp\/v2\/media\/46162"}],"wp:attachment":[{"href":"https:\/\/www.hoymercedes.com.ar\/principal\/wp-json\/wp\/v2\/media?parent=46161"}],"wp:term":[{"taxonomy":"category","embeddable":true,"href":"https:\/\/www.hoymercedes.com.ar\/principal\/wp-json\/wp\/v2\/categories?post=46161"},{"taxonomy":"post_tag","embeddable":true,"href":"https:\/\/www.hoymercedes.com.ar\/principal\/wp-json\/wp\/v2\/tags?post=46161"}],"curies":[{"name":"wp","href":"https:\/\/api.w.org\/{rel}","templated":true}]}}