{"id":46179,"date":"2015-12-01T01:23:02","date_gmt":"2015-12-01T04:23:02","guid":{"rendered":"http:\/\/www.hoymercedes.com.ar\/principal\/?p=46179"},"modified":"2015-12-01T01:23:02","modified_gmt":"2015-12-01T04:23:02","slug":"trocha-y-el-fronton-buscaran-ser-rivales-de-club-mercedes","status":"publish","type":"post","link":"https:\/\/www.hoymercedes.com.ar\/principal\/2015\/12\/01\/trocha-y-el-fronton-buscaran-ser-rivales-de-club-mercedes\/","title":{"rendered":"Trocha y El Front\u00f3n buscar\u00e1n ser rivales de Club Mercedes"},"content":{"rendered":"<figure id=\"attachment_46180\" aria-describedby=\"caption-attachment-46180\" style=\"width: 610px\" class=\"wp-caption aligncenter\"><a href=\"https:\/\/www.hoymercedes.com.ar\/principal\/wp-content\/uploads\/2015\/12\/final-final.jpg\"><img loading=\"lazy\" decoding=\"async\" data-attachment-id=\"46180\" data-permalink=\"https:\/\/www.hoymercedes.com.ar\/principal\/2015\/12\/01\/trocha-y-el-fronton-buscaran-ser-rivales-de-club-mercedes\/final-final\/#main\" data-orig-file=\"https:\/\/www.hoymercedes.com.ar\/principal\/wp-content\/uploads\/2015\/12\/final-final.jpg\" data-orig-size=\"842,1191\" data-comments-opened=\"1\" data-image-meta=\"{&quot;aperture&quot;:&quot;0&quot;,&quot;credit&quot;:&quot;&quot;,&quot;camera&quot;:&quot;&quot;,&quot;caption&quot;:&quot;&quot;,&quot;created_timestamp&quot;:&quot;0&quot;,&quot;copyright&quot;:&quot;&quot;,&quot;focal_length&quot;:&quot;0&quot;,&quot;iso&quot;:&quot;0&quot;,&quot;shutter_speed&quot;:&quot;0&quot;,&quot;title&quot;:&quot;&quot;,&quot;orientation&quot;:&quot;1&quot;}\" data-image-title=\"final-final\" data-image-description=\"\" data-image-caption=\"\" data-large-file=\"https:\/\/www.hoymercedes.com.ar\/principal\/wp-content\/uploads\/2015\/12\/final-final-724x1024.jpg\" class=\"wp-image-46180\" src=\"https:\/\/www.hoymercedes.com.ar\/principal\/wp-content\/uploads\/2015\/12\/final-final.jpg\" alt=\"final-final\" width=\"620\" height=\"877\" srcset=\"https:\/\/www.hoymercedes.com.ar\/principal\/wp-content\/uploads\/2015\/12\/final-final.jpg 842w, https:\/\/www.hoymercedes.com.ar\/principal\/wp-content\/uploads\/2015\/12\/final-final-106x150.jpg 106w, https:\/\/www.hoymercedes.com.ar\/principal\/wp-content\/uploads\/2015\/12\/final-final-438x620.jpg 438w, https:\/\/www.hoymercedes.com.ar\/principal\/wp-content\/uploads\/2015\/12\/final-final-724x1024.jpg 724w\" sizes=\"auto, (max-width: 620px) 100vw, 620px\" \/><\/a><figcaption id=\"caption-attachment-46180\" class=\"wp-caption-text\">La gran final ser\u00e1 transmitida, en vivo, como todo el torneo por Fm La Tribuna, 103.5Mhz<\/figcaption><\/figure>\n<p><strong>Por Ariel Musante \/ Este mi\u00e9rcoles desde las 21.20 se jugar\u00e1 en cancha de la Liga Mercedina la primera final del torneo Clausura de Primera Divisi\u00f3n, que buscar\u00e1 el ganador del semestre para enfrentar al blanquinegro, que se qued\u00f3 con el Apertura. Adem\u00e1s, est\u00e1 en juego una plaza al Federal C 2017.<\/strong><\/p>\n<p>En San Andr\u00e9s de Giles y Mercedes se jugaron las dos semifinales del torneo Clausura. El Front\u00f3n, mejor clasificado entre los siete que jugaron la Liguilla, elimin\u00f3 en su cancha a Juventud de Suipacha al vencerlo por 4 a 2, en un tr\u00e1mite que se defini\u00f3 en el primer tiempo tras el 3 a 1 con el que se fueron al descanso. Adem\u00e1s, por agredir a un rival, Mauro Correa, volante ofensivo del lechero, se fue expulsado a los 39 minutos de juego.<\/p>\n<p>Los goles de la victoria del cuadro dirigido por Germ\u00e1n Stopiello fueron convertidos por Alejandro Abua\u00edn en dos ocasiones (uno de penal), Oscar Zapata y Pedro Gussoni, tambi\u00e9n de penal. El descuento en el primer tiempo para los de Suipacha lo marc\u00f3 Daniel Mu\u00f1oz con un remate desde 40 metros y en el inicio del complemento, Cristopher Torres hab\u00eda puesto el 3 a 2.<\/p>\n<p>En cuanto a Trocha, fue local en la Liga Mercedina por tener ventaja deportiva ante Pabell\u00f3n Argentino de Marcos Paz y en un partido en el que no supo aprovechar alguno de los mano a mano que tuvo, termin\u00f3 empatando cero a cero. Sin embargo, al haber sido uno de los mejores clasificados, pas\u00f3 por ventaja deportiva.<\/p>\n<p>Ahora se viene la final del Clausura, que dejar\u00e1 a un equipo clasificado al torneo Federal C de enero de 2017 (El Front\u00f3n y Mercedes clasificaron al de 2016). M\u00e1s all\u00e1 de ese objetivo, el que salga ganador, jugar\u00e1 la final de la temporada ante Club Mercedes, que obtuvo el Apertura y en este semestre qued\u00f3 eliminado en cuartos de final. Se jugar\u00e1 a partido de ida y vuelta, sin ventaja deportiva. Durante la tarde la polic\u00eda confirmar\u00e1 que el partido se jugar\u00e1 este mi\u00e9rcoles a las 21.30\u00a0en cancha de la Liga Mercedina, aunque cabe la posibilidad de que tambi\u00e9n sea el jueves a la misma hora, mientras que todav\u00eda no se sabe qu\u00e9 d\u00eda del fin de semana largo ser\u00e1 la revancha, en la ciudad de San Andr\u00e9s de Giles.<\/p>\n","protected":false},"excerpt":{"rendered":"<p>Por Ariel Musante \/ Este mi\u00e9rcoles desde las 21.20 se jugar\u00e1 en cancha de la Liga Mercedina la primera final &#8230; <a title=\"Trocha y El Front\u00f3n buscar\u00e1n ser rivales de Club Mercedes\" class=\"read-more\" href=\"https:\/\/www.hoymercedes.com.ar\/principal\/2015\/12\/01\/trocha-y-el-fronton-buscaran-ser-rivales-de-club-mercedes\/\" aria-label=\"Leer m\u00e1s sobre Trocha y El Front\u00f3n buscar\u00e1n ser rivales de Club Mercedes\">Leer m\u00e1s<\/a><\/p>\n","protected":false},"author":1,"featured_media":46180,"comment_status":"open","ping_status":"open","sticky":false,"template":"","format":"standard","meta":{"_monsterinsights_skip_tracking":false,"_monsterinsights_sitenote_active":false,"_monsterinsights_sitenote_note":"","_monsterinsights_sitenote_category":0,"jetpack_post_was_ever_published":false,"_jetpack_newsletter_access":"","_jetpack_dont_email_post_to_subs":false,"_jetpack_newsletter_tier_id":0,"_jetpack_memberships_contains_paywalled_content":false,"_jetpack_memberships_contains_paid_content":false,"footnotes":"","jetpack_publicize_message":"","jetpack_publicize_feature_enabled":true,"jetpack_social_post_already_shared":true,"jetpack_social_options":{"image_generator_settings":{"template":"highway","default_image_id":0,"font":"","enabled":false},"version":2},"_wpas_customize_per_network":false},"categories":[21],"tags":[1812,8247,515,1379],"class_list":["post-46179","post","type-post","status-publish","format-standard","has-post-thumbnail","hentry","category-deportes","tag-el-fronton","tag-final","tag-fm-la-tribuna","tag-trocha","generate-columns","tablet-grid-50","mobile-grid-100","grid-parent","grid-50"],"jetpack_publicize_connections":[],"jetpack_featured_media_url":"https:\/\/www.hoymercedes.com.ar\/principal\/wp-content\/uploads\/2015\/12\/final-final.jpg","wps_subtitle":"Primera divisi\u00f3n","jetpack_sharing_enabled":true,"_links":{"self":[{"href":"https:\/\/www.hoymercedes.com.ar\/principal\/wp-json\/wp\/v2\/posts\/46179","targetHints":{"allow":["GET"]}}],"collection":[{"href":"https:\/\/www.hoymercedes.com.ar\/principal\/wp-json\/wp\/v2\/posts"}],"about":[{"href":"https:\/\/www.hoymercedes.com.ar\/principal\/wp-json\/wp\/v2\/types\/post"}],"author":[{"embeddable":true,"href":"https:\/\/www.hoymercedes.com.ar\/principal\/wp-json\/wp\/v2\/users\/1"}],"replies":[{"embeddable":true,"href":"https:\/\/www.hoymercedes.com.ar\/principal\/wp-json\/wp\/v2\/comments?post=46179"}],"version-history":[{"count":0,"href":"https:\/\/www.hoymercedes.com.ar\/principal\/wp-json\/wp\/v2\/posts\/46179\/revisions"}],"wp:featuredmedia":[{"embeddable":true,"href":"https:\/\/www.hoymercedes.com.ar\/principal\/wp-json\/wp\/v2\/media\/46180"}],"wp:attachment":[{"href":"https:\/\/www.hoymercedes.com.ar\/principal\/wp-json\/wp\/v2\/media?parent=46179"}],"wp:term":[{"taxonomy":"category","embeddable":true,"href":"https:\/\/www.hoymercedes.com.ar\/principal\/wp-json\/wp\/v2\/categories?post=46179"},{"taxonomy":"post_tag","embeddable":true,"href":"https:\/\/www.hoymercedes.com.ar\/principal\/wp-json\/wp\/v2\/tags?post=46179"}],"curies":[{"name":"wp","href":"https:\/\/api.w.org\/{rel}","templated":true}]}}