{"id":4625,"date":"2011-05-30T01:58:55","date_gmt":"2011-05-30T01:58:55","guid":{"rendered":"http:\/\/www.hoymercedes.com.ar\/principal\/?p=4625"},"modified":"2011-05-30T01:58:55","modified_gmt":"2011-05-30T01:58:55","slug":"proyectan-construir-un-estacionamiento-en-local-de-24-e-29-y-31","status":"publish","type":"post","link":"https:\/\/www.hoymercedes.com.ar\/principal\/2011\/05\/30\/proyectan-construir-un-estacionamiento-en-local-de-24-e-29-y-31\/","title":{"rendered":"Proyectan construir un estacionamiento en local de 24 e\/ 29 y 31"},"content":{"rendered":"<figure id=\"attachment_4627\" aria-describedby=\"caption-attachment-4627\" style=\"width: 290px\" class=\"wp-caption alignleft\"><a href=\"https:\/\/www.hoymercedes.com.ar\/principal\/wp-content\/uploads\/2011\/05\/nuevoestacionamiento.jpg\"><img loading=\"lazy\" decoding=\"async\" data-attachment-id=\"4627\" data-permalink=\"https:\/\/www.hoymercedes.com.ar\/principal\/2011\/05\/30\/proyectan-construir-un-estacionamiento-en-local-de-24-e-29-y-31\/nuevoestacionamiento\/#main\" data-orig-file=\"https:\/\/www.hoymercedes.com.ar\/principal\/wp-content\/uploads\/2011\/05\/nuevoestacionamiento.jpg\" data-orig-size=\"300,225\" data-comments-opened=\"1\" data-image-meta=\"{&quot;aperture&quot;:&quot;2.8&quot;,&quot;credit&quot;:&quot;&quot;,&quot;camera&quot;:&quot;COOLPIX L10&quot;,&quot;caption&quot;:&quot;&quot;,&quot;created_timestamp&quot;:&quot;1306312081&quot;,&quot;copyright&quot;:&quot;Copyright 2006&quot;,&quot;focal_length&quot;:&quot;6.2&quot;,&quot;iso&quot;:&quot;64&quot;,&quot;shutter_speed&quot;:&quot;0.0038314176245211&quot;,&quot;title&quot;:&quot;&quot;}\" data-image-title=\"nuevoestacionamiento\" data-image-description=\"\" data-image-caption=\"&lt;p&gt;Local donde se construye estacionamiento.&lt;\/p&gt;\n\" data-large-file=\"https:\/\/www.hoymercedes.com.ar\/principal\/wp-content\/uploads\/2011\/05\/nuevoestacionamiento.jpg\" class=\"size-full wp-image-4627\" title=\"nuevoestacionamiento\" src=\"https:\/\/www.hoymercedes.com.ar\/principal\/wp-content\/uploads\/2011\/05\/nuevoestacionamiento.jpg\" alt=\"\" width=\"300\" height=\"225\" \/><\/a><figcaption id=\"caption-attachment-4627\" class=\"wp-caption-text\">Local donde se construye estacionamiento.<\/figcaption><\/figure>\n<p>Quienes habitualmente recorren la calle 24 desde 29 a 31 seguramente han podido observar como en los \u00faltimos d\u00edas ha dado comienzo a una serie de trabajos, concretamente de refacci\u00f3n, en el local que tuvo como \u00faltimo destino un restaurante de comidas chinas y argentinas, tipo tenedor libre,  que funcion\u00f3 por un  tiempo no muy prolongado y al decidir sus responsables  cerrarlo qued\u00f3 dicho local en un virtual estado de abandono resultando el lugar  elegido por muchos para hacer todo tipo de pegatina de afiches publicitarios ya sean pol\u00edticos o de locales bailables de nuestra ciudad y la zona dando al sector una vista muy poco digna para el centro de la ciudad<\/p>\n<p>De acuerdo  a los datos proporcionados en el lugar por una de las personas que se encuentra dirigiendo las refacciones la idea, que parti\u00f3 del Arzobispado Mercedes-Lujan propietario del lugar como as\u00ed tambi\u00e9n de la vivienda continua, es de construir un estacionamiento de veh\u00edculos que pueda funcionar a lo largo de las 24 horas y adem\u00e1s una cochera que no solo serpia utilizada para guardar los autom\u00f3viles del mismo sino tambi\u00e9n para veh\u00edculos particulares.<\/p>\n<p>La idea de acuerdo a lo manifestado por la persona a cargo del lugar \u201ces hacer un estacionamiento que tanta falta hace en el centro de Mercedes debido a que nunca ha contado con un lugar espec\u00edfico por ejemplo para que la gran cantidad de profesionales que llegan a diario a Mercedes especialmente al \u00e1mbito judicial puedan saber que dejan sus autos en un lugar seguro porque se contar\u00e1 con una guardia permanente y al mismo tiempo habr\u00e1 un sector destinado a cocheras para todos aquellos que no dispongan de un espacio adecuado en sus viviendas para poder guardar de noche sus autos\u201d.<\/p>\n<p>La informaci\u00f3n fue posteriormente confirmada en la Direcci\u00f3n de Planeamiento de la comuna cuyos responsables sostuvieron que se estaban realizando en dicha \u00e1rea los tr\u00e1mites necesarios desde el Arzobispado para poder concretar la idea de abrir un estacionamiento teniendo en cuenta las necesidades reales que se presentan en el micro centro de la ciudad por lo cual ellos ve\u00edan como muy positiva la idea recordando que hubo varios intentos para poder utilizar el terreno que se encuentra sin construcci\u00f3n alguna en la esquina de 29 y 26 pero ninguno de ellos finalmente tuvo la consistencia necesaria para concretarse de manera efectiva.<\/p>\n<p>En el lugar donde se realiza la obra no se suministr\u00f3 la informaci\u00f3n relacionada acerca del tiempo que demorar\u00e1 dejar todo en condiciones para poder comenzar a trabajar con la propuesta de manera directa.<\/p>\n<p>&nbsp;<\/p>\n","protected":false},"excerpt":{"rendered":"<p>Quienes habitualmente recorren la calle 24 desde 29 a 31 seguramente han podido observar como en los \u00faltimos d\u00edas ha &#8230; <a title=\"Proyectan construir un estacionamiento en local de 24 e\/ 29 y 31\" class=\"read-more\" href=\"https:\/\/www.hoymercedes.com.ar\/principal\/2011\/05\/30\/proyectan-construir-un-estacionamiento-en-local-de-24-e-29-y-31\/\" aria-label=\"Leer m\u00e1s sobre Proyectan construir un estacionamiento en local de 24 e\/ 29 y 31\">Leer m\u00e1s<\/a><\/p>\n","protected":false},"author":1,"featured_media":0,"comment_status":"open","ping_status":"open","sticky":false,"template":"","format":"standard","meta":{"_monsterinsights_skip_tracking":false,"_monsterinsights_sitenote_active":false,"_monsterinsights_sitenote_note":"","_monsterinsights_sitenote_category":0,"jetpack_post_was_ever_published":false,"_jetpack_newsletter_access":"","_jetpack_dont_email_post_to_subs":false,"_jetpack_newsletter_tier_id":0,"_jetpack_memberships_contains_paywalled_content":false,"_jetpack_memberships_contains_paid_content":false,"footnotes":"","jetpack_publicize_message":"","jetpack_publicize_feature_enabled":true,"jetpack_social_post_already_shared":false,"jetpack_social_options":{"image_generator_settings":{"template":"highway","default_image_id":0,"font":"","enabled":false},"version":2},"_wpas_customize_per_network":false},"categories":[8],"tags":[10],"class_list":["post-4625","post","type-post","status-publish","format-standard","hentry","category-sociedad","tag-mercedes","generate-columns","tablet-grid-50","mobile-grid-100","grid-parent","grid-50"],"jetpack_publicize_connections":[],"jetpack_featured_media_url":"","wps_subtitle":"","jetpack_sharing_enabled":true,"_links":{"self":[{"href":"https:\/\/www.hoymercedes.com.ar\/principal\/wp-json\/wp\/v2\/posts\/4625","targetHints":{"allow":["GET"]}}],"collection":[{"href":"https:\/\/www.hoymercedes.com.ar\/principal\/wp-json\/wp\/v2\/posts"}],"about":[{"href":"https:\/\/www.hoymercedes.com.ar\/principal\/wp-json\/wp\/v2\/types\/post"}],"author":[{"embeddable":true,"href":"https:\/\/www.hoymercedes.com.ar\/principal\/wp-json\/wp\/v2\/users\/1"}],"replies":[{"embeddable":true,"href":"https:\/\/www.hoymercedes.com.ar\/principal\/wp-json\/wp\/v2\/comments?post=4625"}],"version-history":[{"count":0,"href":"https:\/\/www.hoymercedes.com.ar\/principal\/wp-json\/wp\/v2\/posts\/4625\/revisions"}],"wp:attachment":[{"href":"https:\/\/www.hoymercedes.com.ar\/principal\/wp-json\/wp\/v2\/media?parent=4625"}],"wp:term":[{"taxonomy":"category","embeddable":true,"href":"https:\/\/www.hoymercedes.com.ar\/principal\/wp-json\/wp\/v2\/categories?post=4625"},{"taxonomy":"post_tag","embeddable":true,"href":"https:\/\/www.hoymercedes.com.ar\/principal\/wp-json\/wp\/v2\/tags?post=4625"}],"curies":[{"name":"wp","href":"https:\/\/api.w.org\/{rel}","templated":true}]}}