{"id":46266,"date":"2015-12-04T12:58:08","date_gmt":"2015-12-04T15:58:08","guid":{"rendered":"http:\/\/www.hoymercedes.com.ar\/principal\/?p=46266"},"modified":"2015-12-04T12:58:08","modified_gmt":"2015-12-04T15:58:08","slug":"trocha-se-quedo-con-la-primera-final-en-el-ultimo-tiro","status":"publish","type":"post","link":"https:\/\/www.hoymercedes.com.ar\/principal\/2015\/12\/04\/trocha-se-quedo-con-la-primera-final-en-el-ultimo-tiro\/","title":{"rendered":"Trocha se qued\u00f3 con la primera final en el \u00faltimo tiro"},"content":{"rendered":"<p><a href=\"https:\/\/www.hoymercedes.com.ar\/principal\/wp-content\/uploads\/2015\/12\/tribuna-lunes.jpg\"><img loading=\"lazy\" decoding=\"async\" data-attachment-id=\"46267\" data-permalink=\"https:\/\/www.hoymercedes.com.ar\/principal\/2015\/12\/04\/trocha-se-quedo-con-la-primera-final-en-el-ultimo-tiro\/tribuna-lunes\/#main\" data-orig-file=\"https:\/\/www.hoymercedes.com.ar\/principal\/wp-content\/uploads\/2015\/12\/tribuna-lunes.jpg\" data-orig-size=\"620,438\" data-comments-opened=\"1\" data-image-meta=\"{&quot;aperture&quot;:&quot;0&quot;,&quot;credit&quot;:&quot;&quot;,&quot;camera&quot;:&quot;&quot;,&quot;caption&quot;:&quot;&quot;,&quot;created_timestamp&quot;:&quot;0&quot;,&quot;copyright&quot;:&quot;&quot;,&quot;focal_length&quot;:&quot;0&quot;,&quot;iso&quot;:&quot;0&quot;,&quot;shutter_speed&quot;:&quot;0&quot;,&quot;title&quot;:&quot;&quot;,&quot;orientation&quot;:&quot;0&quot;}\" data-image-title=\"tribuna-lunes\" data-image-description=\"\" data-image-caption=\"\" data-large-file=\"https:\/\/www.hoymercedes.com.ar\/principal\/wp-content\/uploads\/2015\/12\/tribuna-lunes.jpg\" class=\"aligncenter size-full wp-image-46267\" src=\"https:\/\/www.hoymercedes.com.ar\/principal\/wp-content\/uploads\/2015\/12\/tribuna-lunes.jpg\" alt=\"tribuna-lunes\" width=\"620\" height=\"438\" srcset=\"https:\/\/www.hoymercedes.com.ar\/principal\/wp-content\/uploads\/2015\/12\/tribuna-lunes.jpg 620w, https:\/\/www.hoymercedes.com.ar\/principal\/wp-content\/uploads\/2015\/12\/tribuna-lunes-150x106.jpg 150w, https:\/\/www.hoymercedes.com.ar\/principal\/wp-content\/uploads\/2015\/12\/tribuna-lunes-140x100.jpg 140w\" sizes=\"auto, (max-width: 620px) 100vw, 620px\" \/><\/a><\/p>\n<p><strong>Por Ariel Musante \/<\/strong><\/p>\n<p><a href=\"https:\/\/twitter.com\/fmlatribuna\" target=\"_blank\" rel=\"noopener\">@fmlatrina<\/a>\u00a0\/<br \/>\nEl equipo dirigido por Mat\u00edas M\u00f3dolo acert\u00f3 en la \u00faltima jugada y derrot\u00f3 a El Front\u00f3n en el partido de ida para ver qui\u00e9n gana el Clausura. La revancha, sin ventaja deportiva, se jugar\u00e1 el pr\u00f3ximo lunes en San Andr\u00e9s de Giles.<br \/>\nEn cancha de la Liga Mercedina se jug\u00f3 la primera final del torneo Clausura, que dar\u00e1 a Trocha o El Front\u00f3n el acceso a jugar el Federal C en enero de 2017. Los dos equipos mostraron buen juego y tuvo goles en el final de cada tiempo. El partido de vuelta se jugar\u00e1 este lunes 7 desde las 17.30 en el \u00abTito Crosetti\u00bb de San Andr\u00e9s de Giles.<br \/>\nFue un partido tal como se esperaba, con buen juego por ambos lados y con El Front\u00f3n, fiel a su estilo, de querer predominar el juego y de seguir con la racha victoriosa ante la \u00abCarbonilla\u00bb como ocurri\u00f3 en el Apertura y Clausura. Adem\u00e1s, el pasado de ambos los marc\u00f3 como los mejores del semestre y sin dudas que eso ayud\u00f3 a que los espectadores pudieran ver un interesante partido.<br \/>\nM\u00e1s all\u00e1 de que la visita fue la primera que propuso, con el correr de los primeros minutos Trocha logr\u00f3 equilibrar el mediocampo y tras una asistencia de Reyne, Piemonte en el \u00e1rea chica abri\u00f3 el marcador para los mercedinos que luego empezaron a ser apretados por los embates visitantes. Sin embargo, los de Stopiello nunca perdieron el norte y antes del final del primer tiempo lograron el empate a trav\u00e9s de su goleador Abua\u00edn.<br \/>\nEn el segundo tiempo los dos aburrieron y las situaciones de gol escasearon. Sin embargo, De Almeida lo vio bien ubicado a Facundo M\u00f3dolo para asistirlo y que el volante central, que volv\u00eda tras la expulsi\u00f3n, pudiera darle la victoria a su equipo cuando todo parec\u00eda que se mor\u00eda en empate.<br \/>\nAhora, se viene la definici\u00f3n. El que salga victorioso ganar\u00e1 el segundo semestre del a\u00f1o y, adem\u00e1s, el pasaje al Federal C 2017 y jugar\u00e1 en los pr\u00f3ximos dos fines de semana la final de la temporada ante Club Mercedes.<\/p>\n","protected":false},"excerpt":{"rendered":"<p>Por Ariel Musante \/ @fmlatrina\u00a0\/ El equipo dirigido por Mat\u00edas M\u00f3dolo acert\u00f3 en la \u00faltima jugada y derrot\u00f3 a El &#8230; <a title=\"Trocha se qued\u00f3 con la primera final en el \u00faltimo tiro\" class=\"read-more\" href=\"https:\/\/www.hoymercedes.com.ar\/principal\/2015\/12\/04\/trocha-se-quedo-con-la-primera-final-en-el-ultimo-tiro\/\" aria-label=\"Leer m\u00e1s sobre Trocha se qued\u00f3 con la primera final en el \u00faltimo tiro\">Leer m\u00e1s<\/a><\/p>\n","protected":false},"author":1,"featured_media":46267,"comment_status":"open","ping_status":"open","sticky":false,"template":"","format":"standard","meta":{"_monsterinsights_skip_tracking":false,"_monsterinsights_sitenote_active":false,"_monsterinsights_sitenote_note":"","_monsterinsights_sitenote_category":0,"jetpack_post_was_ever_published":false,"_jetpack_newsletter_access":"","_jetpack_dont_email_post_to_subs":false,"_jetpack_newsletter_tier_id":0,"_jetpack_memberships_contains_paywalled_content":false,"_jetpack_memberships_contains_paid_content":false,"footnotes":"","jetpack_publicize_message":"","jetpack_publicize_feature_enabled":true,"jetpack_social_post_already_shared":true,"jetpack_social_options":{"image_generator_settings":{"template":"highway","default_image_id":0,"font":"","enabled":false},"version":2},"_wpas_customize_per_network":false},"categories":[21],"tags":[8266,1901,8265],"class_list":["post-46266","post","type-post","status-publish","format-standard","has-post-thumbnail","hentry","category-deportes","tag-final-liga","tag-liga-mercedina","tag-trocha-fronton","generate-columns","tablet-grid-50","mobile-grid-100","grid-parent","grid-50"],"jetpack_publicize_connections":[],"jetpack_featured_media_url":"https:\/\/www.hoymercedes.com.ar\/principal\/wp-content\/uploads\/2015\/12\/tribuna-lunes.jpg","wps_subtitle":"Liga mercedina","jetpack_sharing_enabled":true,"_links":{"self":[{"href":"https:\/\/www.hoymercedes.com.ar\/principal\/wp-json\/wp\/v2\/posts\/46266","targetHints":{"allow":["GET"]}}],"collection":[{"href":"https:\/\/www.hoymercedes.com.ar\/principal\/wp-json\/wp\/v2\/posts"}],"about":[{"href":"https:\/\/www.hoymercedes.com.ar\/principal\/wp-json\/wp\/v2\/types\/post"}],"author":[{"embeddable":true,"href":"https:\/\/www.hoymercedes.com.ar\/principal\/wp-json\/wp\/v2\/users\/1"}],"replies":[{"embeddable":true,"href":"https:\/\/www.hoymercedes.com.ar\/principal\/wp-json\/wp\/v2\/comments?post=46266"}],"version-history":[{"count":0,"href":"https:\/\/www.hoymercedes.com.ar\/principal\/wp-json\/wp\/v2\/posts\/46266\/revisions"}],"wp:featuredmedia":[{"embeddable":true,"href":"https:\/\/www.hoymercedes.com.ar\/principal\/wp-json\/wp\/v2\/media\/46267"}],"wp:attachment":[{"href":"https:\/\/www.hoymercedes.com.ar\/principal\/wp-json\/wp\/v2\/media?parent=46266"}],"wp:term":[{"taxonomy":"category","embeddable":true,"href":"https:\/\/www.hoymercedes.com.ar\/principal\/wp-json\/wp\/v2\/categories?post=46266"},{"taxonomy":"post_tag","embeddable":true,"href":"https:\/\/www.hoymercedes.com.ar\/principal\/wp-json\/wp\/v2\/tags?post=46266"}],"curies":[{"name":"wp","href":"https:\/\/api.w.org\/{rel}","templated":true}]}}