{"id":46309,"date":"2015-12-08T21:13:40","date_gmt":"2015-12-09T00:13:40","guid":{"rendered":"http:\/\/www.hoymercedes.com.ar\/principal\/?p=46309"},"modified":"2015-12-08T22:30:03","modified_gmt":"2015-12-09T01:30:03","slug":"merecedes-en-encuentro-de-representantes-de-la-uduv-en-concejo-deliberante-de-chacabuco","status":"publish","type":"post","link":"https:\/\/www.hoymercedes.com.ar\/principal\/2015\/12\/08\/merecedes-en-encuentro-de-representantes-de-la-uduv-en-concejo-deliberante-de-chacabuco\/","title":{"rendered":"Mercedes en encuentro de representantes de la UDUV en Concejo Deliberante de Chacabuco"},"content":{"rendered":"<p><a href=\"https:\/\/www.hoymercedes.com.ar\/principal\/wp-content\/uploads\/2015\/12\/uduv-chacabuco.jpg\"><img loading=\"lazy\" decoding=\"async\" data-attachment-id=\"46310\" data-permalink=\"https:\/\/www.hoymercedes.com.ar\/principal\/2015\/12\/08\/merecedes-en-encuentro-de-representantes-de-la-uduv-en-concejo-deliberante-de-chacabuco\/uduv-chacabuco\/#main\" data-orig-file=\"https:\/\/www.hoymercedes.com.ar\/principal\/wp-content\/uploads\/2015\/12\/uduv-chacabuco.jpg\" data-orig-size=\"620,309\" data-comments-opened=\"1\" data-image-meta=\"{&quot;aperture&quot;:&quot;0&quot;,&quot;credit&quot;:&quot;&quot;,&quot;camera&quot;:&quot;&quot;,&quot;caption&quot;:&quot;&quot;,&quot;created_timestamp&quot;:&quot;0&quot;,&quot;copyright&quot;:&quot;&quot;,&quot;focal_length&quot;:&quot;0&quot;,&quot;iso&quot;:&quot;0&quot;,&quot;shutter_speed&quot;:&quot;0&quot;,&quot;title&quot;:&quot;&quot;,&quot;orientation&quot;:&quot;0&quot;}\" data-image-title=\"uduv-chacabuco\" data-image-description=\"\" data-image-caption=\"\" data-large-file=\"https:\/\/www.hoymercedes.com.ar\/principal\/wp-content\/uploads\/2015\/12\/uduv-chacabuco.jpg\" class=\"aligncenter size-full wp-image-46310\" src=\"https:\/\/www.hoymercedes.com.ar\/principal\/wp-content\/uploads\/2015\/12\/uduv-chacabuco.jpg\" alt=\"uduv-chacabuco\" width=\"620\" height=\"309\" srcset=\"https:\/\/www.hoymercedes.com.ar\/principal\/wp-content\/uploads\/2015\/12\/uduv-chacabuco.jpg 620w, https:\/\/www.hoymercedes.com.ar\/principal\/wp-content\/uploads\/2015\/12\/uduv-chacabuco-150x75.jpg 150w\" sizes=\"auto, (max-width: 620px) 100vw, 620px\" \/><\/a><\/p>\n<p><strong>Una importante reuni\u00f3n se llev\u00f3 a cabo en Chacabuco con representaci\u00f3n mercedina. Fue el s\u00e1bado 5 en horas del mediod\u00eda. Tal cual estuviera previsto, asistieron referentes de las 3 principales Rutas Nacionales, RN5, RN7, y RN8, que cruzan el norte de la provincia de Buenos Aires.<\/strong><\/p>\n<p>Se encontraron all\u00ed presentes, activos luchadores de la seguridad vial, por una mejor infraestructura vial. Convocados por las Rutas, entre ellos estuvieron representantes de\u00a0la Mesa Vecinal\u00a0de Mercedes (RN5), Miembros de Vecinos Autoconvocados por la\u00a0 Autov\u00eda Giles-Jun\u00edn de Chacabuco (RN7) y referentes de los VAA8 Vecinos Autoconvocados Autopista 8 (RN8).<\/p>\n<p>Se escucharon todas las voces. Se compartieron sensaciones sobre lo no hecho por los Gobiernos salientes, y por la inminente esperanza ante los nuevos Gobiernos entrantes, Nacional y Provincial, y fundamentalmente sobre las pol\u00edticas de inversiones viales que han prometido.<\/p>\n<p>Se labr\u00f3 un acta la cual cont\u00f3 con el apoyo un\u00e1nime de los presentes, donde los puntos principales aprobados, son los aqu\u00ed presentados:<\/p>\n<p>1. Solicitar una inmediata audiencia con el nuevo Administrador General de Vialidad Nacional y Provincial.<\/p>\n<p>2. Solicitar un plan integrador con una Red Federal de Autopistas.<\/p>\n<p>3. Capitalizar al Pa\u00eds invirtiendo en Autopistas y mantenimientos de Rutas. Todo lo recaudado con fines espec\u00edficos para ello, entre esos ingresos p\u00fablicos, el fondo generado por el cobro del impuesto a los combustibles.<\/p>\n<p>4. Utilizar esos ingresos p\u00fablicos y suspender el cobro de tarifas de peajes en las rutas nacionales, ya que son verdaderas estafas tipificadas como inconstitucionales, antiecon\u00f3micas, e in\u00fatiles que no han podido evitar las muertes en las rutas<\/p>\n<p>5. Dotar de un mayor presupuesto a\u00a0la Agencia Nacional de Seguridad Vial (ANSV), sumando los empleados de las empresas concesionarias de peajes, transformando las cabinas de peajes existentes en las rutas nacionales en verdaderos centros oficiales de control de documentaci\u00f3n, transporte, cargas, y pesaje<\/p>\n<p>6. Instalar como materia obligatoria en los niveles primarios y secundarios la \u201cseguridad vial\u201d acorde a\u00a0la Ley\u00a0Nacional\u00a0de Tr\u00e1nsito, educando generaciones por un mejor futuro vial<\/p>\n<p>7. Generar un centro oficial de estad\u00edsticas de accidentolog\u00eda en rutas nacionales y provinciales.<\/p>\n<p>8. Sancionar la \u201cLey de Emergencia Vial para las Rutas 5,7, y 8 con se encuentra en Comisi\u00f3n de Transporte en\u00a0la C\u00e1mara\u00a0de Diputados desde el mes de julio p\/p, bajo los expedientes\u00a04216\/2015 (RN5), 4028\/2015 (RN7), y 4027\/2015 (RN8).<\/p>\n<p>9. Proponer que\u00a0la UDUV\u00a0sea veedores de los cumplimientos de las obras de infraestructura Vial, acordes a las licitaciones p\u00fablicas y compromisos de gobierno prometidos a lo largo de este a\u00f1o.<\/p>\n<p>10.\u00a0Que se concluyan todas las obras viales seg\u00fan las promesas de campa\u00f1a, principalmente las Autopistas reclamadas por\u00a0la UDUV\u00a0para esta zona norte de\u00a0la Provincia\u00a0como son: AU5 Lujan-Carlos Casares; AU7 Lujan-Jun\u00edn, y\u00a0la AU8 Pilar-Pergamino.<\/p>\n<p>11. Pedimos comunicaci\u00f3n directa con Vialidad Nacional y Provincial para resolver r\u00e1pidamente problemas de urgencia que en cualquier ruta se sucedan.<\/p>\n<p>\u00abAgradecemos al Presidente del HCD Dr. Claudio Geloso y a los vecinos de Chacabuco por ser nuevamente excelentes anfitriones\u00bb, remarcaron desde la Uni\u00f3n de Usuarios Viales<\/p>\n<figure id=\"attachment_46311\" aria-describedby=\"caption-attachment-46311\" style=\"width: 610px\" class=\"wp-caption aligncenter\"><a href=\"https:\/\/www.hoymercedes.com.ar\/principal\/wp-content\/uploads\/2015\/12\/uduv-chacabuco-2.jpg\"><img loading=\"lazy\" decoding=\"async\" data-attachment-id=\"46311\" data-permalink=\"https:\/\/www.hoymercedes.com.ar\/principal\/2015\/12\/08\/merecedes-en-encuentro-de-representantes-de-la-uduv-en-concejo-deliberante-de-chacabuco\/uduv-chacabuco-2\/#main\" data-orig-file=\"https:\/\/www.hoymercedes.com.ar\/principal\/wp-content\/uploads\/2015\/12\/uduv-chacabuco-2.jpg\" data-orig-size=\"620,349\" data-comments-opened=\"1\" data-image-meta=\"{&quot;aperture&quot;:&quot;0&quot;,&quot;credit&quot;:&quot;&quot;,&quot;camera&quot;:&quot;&quot;,&quot;caption&quot;:&quot;&quot;,&quot;created_timestamp&quot;:&quot;0&quot;,&quot;copyright&quot;:&quot;&quot;,&quot;focal_length&quot;:&quot;0&quot;,&quot;iso&quot;:&quot;0&quot;,&quot;shutter_speed&quot;:&quot;0&quot;,&quot;title&quot;:&quot;&quot;,&quot;orientation&quot;:&quot;0&quot;}\" data-image-title=\"uduv-chacabuco-2\" data-image-description=\"\" data-image-caption=\"\" data-large-file=\"https:\/\/www.hoymercedes.com.ar\/principal\/wp-content\/uploads\/2015\/12\/uduv-chacabuco-2.jpg\" class=\"wp-image-46311 size-full\" src=\"https:\/\/www.hoymercedes.com.ar\/principal\/wp-content\/uploads\/2015\/12\/uduv-chacabuco-2.jpg\" alt=\"uduv-chacabuco-2\" width=\"620\" height=\"349\" srcset=\"https:\/\/www.hoymercedes.com.ar\/principal\/wp-content\/uploads\/2015\/12\/uduv-chacabuco-2.jpg 620w, https:\/\/www.hoymercedes.com.ar\/principal\/wp-content\/uploads\/2015\/12\/uduv-chacabuco-2-150x84.jpg 150w\" sizes=\"auto, (max-width: 620px) 100vw, 620px\" \/><\/a><figcaption id=\"caption-attachment-46311\" class=\"wp-caption-text\">Brindis de fin de a\u00f1o UDUV<\/figcaption><\/figure>\n<p>&nbsp;<\/p>\n<p>Ciudad de Chacabuco, a los 5 d\u00edas del mes de Diciembre de 2015.<\/p>\n<p>UDUV (UNION DE USUARIOS VIALES\u00a0)<\/p>\n<p>&nbsp;<\/p>\n","protected":false},"excerpt":{"rendered":"<p>Una importante reuni\u00f3n se llev\u00f3 a cabo en Chacabuco con representaci\u00f3n mercedina. Fue el s\u00e1bado 5 en horas del mediod\u00eda. &#8230; <a title=\"Mercedes en encuentro de representantes de la UDUV en Concejo Deliberante de Chacabuco\" class=\"read-more\" href=\"https:\/\/www.hoymercedes.com.ar\/principal\/2015\/12\/08\/merecedes-en-encuentro-de-representantes-de-la-uduv-en-concejo-deliberante-de-chacabuco\/\" aria-label=\"Leer m\u00e1s sobre Mercedes en encuentro de representantes de la UDUV en Concejo Deliberante de Chacabuco\">Leer m\u00e1s<\/a><\/p>\n","protected":false},"author":1,"featured_media":46310,"comment_status":"open","ping_status":"open","sticky":false,"template":"","format":"standard","meta":{"_monsterinsights_skip_tracking":false,"_monsterinsights_sitenote_active":false,"_monsterinsights_sitenote_note":"","_monsterinsights_sitenote_category":0,"jetpack_post_was_ever_published":false,"_jetpack_newsletter_access":"","_jetpack_dont_email_post_to_subs":false,"_jetpack_newsletter_tier_id":0,"_jetpack_memberships_contains_paywalled_content":false,"_jetpack_memberships_contains_paid_content":false,"footnotes":"","jetpack_publicize_message":"","jetpack_publicize_feature_enabled":true,"jetpack_social_post_already_shared":true,"jetpack_social_options":{"image_generator_settings":{"template":"highway","default_image_id":0,"font":"","enabled":false},"version":2},"_wpas_customize_per_network":false},"categories":[8],"tags":[7560,2754],"class_list":["post-46309","post","type-post","status-publish","format-standard","has-post-thumbnail","hentry","category-sociedad","tag-chacabuco","tag-union-de-usuarios-viales","generate-columns","tablet-grid-50","mobile-grid-100","grid-parent","grid-50"],"jetpack_publicize_connections":[],"jetpack_featured_media_url":"https:\/\/www.hoymercedes.com.ar\/principal\/wp-content\/uploads\/2015\/12\/uduv-chacabuco.jpg","wps_subtitle":"Actividades regionales","jetpack_sharing_enabled":true,"_links":{"self":[{"href":"https:\/\/www.hoymercedes.com.ar\/principal\/wp-json\/wp\/v2\/posts\/46309","targetHints":{"allow":["GET"]}}],"collection":[{"href":"https:\/\/www.hoymercedes.com.ar\/principal\/wp-json\/wp\/v2\/posts"}],"about":[{"href":"https:\/\/www.hoymercedes.com.ar\/principal\/wp-json\/wp\/v2\/types\/post"}],"author":[{"embeddable":true,"href":"https:\/\/www.hoymercedes.com.ar\/principal\/wp-json\/wp\/v2\/users\/1"}],"replies":[{"embeddable":true,"href":"https:\/\/www.hoymercedes.com.ar\/principal\/wp-json\/wp\/v2\/comments?post=46309"}],"version-history":[{"count":0,"href":"https:\/\/www.hoymercedes.com.ar\/principal\/wp-json\/wp\/v2\/posts\/46309\/revisions"}],"wp:featuredmedia":[{"embeddable":true,"href":"https:\/\/www.hoymercedes.com.ar\/principal\/wp-json\/wp\/v2\/media\/46310"}],"wp:attachment":[{"href":"https:\/\/www.hoymercedes.com.ar\/principal\/wp-json\/wp\/v2\/media?parent=46309"}],"wp:term":[{"taxonomy":"category","embeddable":true,"href":"https:\/\/www.hoymercedes.com.ar\/principal\/wp-json\/wp\/v2\/categories?post=46309"},{"taxonomy":"post_tag","embeddable":true,"href":"https:\/\/www.hoymercedes.com.ar\/principal\/wp-json\/wp\/v2\/tags?post=46309"}],"curies":[{"name":"wp","href":"https:\/\/api.w.org\/{rel}","templated":true}]}}