{"id":4632,"date":"2011-05-30T20:45:57","date_gmt":"2011-05-30T20:45:57","guid":{"rendered":"http:\/\/www.hoymercedes.com.ar\/principal\/?p=4632"},"modified":"2011-05-30T20:45:57","modified_gmt":"2011-05-30T20:45:57","slug":"el-gen-mercedes-difundio-comunicado-sobre-potenciales-alianzas","status":"publish","type":"post","link":"https:\/\/www.hoymercedes.com.ar\/principal\/2011\/05\/30\/el-gen-mercedes-difundio-comunicado-sobre-potenciales-alianzas\/","title":{"rendered":"El GEN Mercedes difundi\u00f3 comunicado sobre potenciales alianzas"},"content":{"rendered":"<p>Durante un encuentro efectuado en el HCD, concretamente en su bloque, el GEN Mercedes entreg\u00f3 a los medios un comunicado relacionado con la situaci\u00f3n pol\u00edtica refiri\u00e9ndose especialmente a la posibilidad de efectuar alg\u00fan tipo de alianzas o frentes con partidos que seg\u00fan se manifest\u00f3 no comulgan la idea progresista.<\/p>\n<p>Luis Colao y Jos\u00e9 Luis Ramos se refirieron al tema expresando entre otros conceptos \u201cel actual modelo que se pretende profundizar se caracteriza por un alto crecimiento econ\u00f3mico  y una profundizaci\u00f3n de la inequidad de la distribuci\u00f3n de la riqueza. La profundizaci\u00f3n de la desigualdad social, con grandes  sectores de la sociedad condenados a la marginalidad y a la pobreza, con un capitalismo donde los socios y amigos del poder realizan  los grandes negocios a expensas del resto de la sociedad en donde se condena al hambre a los jubilados mientras se utiliza de manera obscena los fondos de la ANSES en campa\u00f1as donde el clientelismo m\u00e1s abyecto es exhibido como Integraci\u00f3n\u201d.<\/p>\n<p>M\u00e1s adelante agregan en el texto tras continuar analizando la realidad del pa\u00eds desde el punto de vista de dicho nucleamiento pol\u00edtico  \u201cdesde Mercedes, respetando a los sectores conservadores como integrantes de una realidad pol\u00edtica y social manifestamos nuestra convicci\u00f3n que solo en la coherencia ideol\u00f3gica y desde una construcci\u00f3n s\u00f3lida en lo program\u00e1tico podremos encontrar el camino que reivindique a la pol\u00edtica con la sociedad y a los partidos con la gente\u201d.<\/p>\n<p>&nbsp;<\/p>\n","protected":false},"excerpt":{"rendered":"<p>Durante un encuentro efectuado en el HCD, concretamente en su bloque, el GEN Mercedes entreg\u00f3 a los medios un comunicado &#8230; <a title=\"El GEN Mercedes difundi\u00f3 comunicado sobre potenciales alianzas\" class=\"read-more\" href=\"https:\/\/www.hoymercedes.com.ar\/principal\/2011\/05\/30\/el-gen-mercedes-difundio-comunicado-sobre-potenciales-alianzas\/\" aria-label=\"Leer m\u00e1s sobre El GEN Mercedes difundi\u00f3 comunicado sobre potenciales alianzas\">Leer m\u00e1s<\/a><\/p>\n","protected":false},"author":1,"featured_media":0,"comment_status":"open","ping_status":"open","sticky":false,"template":"","format":"standard","meta":{"_monsterinsights_skip_tracking":false,"_monsterinsights_sitenote_active":false,"_monsterinsights_sitenote_note":"","_monsterinsights_sitenote_category":0,"jetpack_post_was_ever_published":false,"_jetpack_newsletter_access":"","_jetpack_dont_email_post_to_subs":false,"_jetpack_newsletter_tier_id":0,"_jetpack_memberships_contains_paywalled_content":false,"_jetpack_memberships_contains_paid_content":false,"footnotes":"","jetpack_publicize_message":"","jetpack_publicize_feature_enabled":true,"jetpack_social_post_already_shared":false,"jetpack_social_options":{"image_generator_settings":{"template":"highway","default_image_id":0,"font":"","enabled":false},"version":2},"_wpas_customize_per_network":false},"categories":[5],"tags":[318,319,362],"class_list":["post-4632","post","type-post","status-publish","format-standard","hentry","category-politica","tag-colao","tag-gen","tag-gen-mercedes","generate-columns","tablet-grid-50","mobile-grid-100","grid-parent","grid-50"],"jetpack_publicize_connections":[],"jetpack_featured_media_url":"","wps_subtitle":"","jetpack_sharing_enabled":true,"_links":{"self":[{"href":"https:\/\/www.hoymercedes.com.ar\/principal\/wp-json\/wp\/v2\/posts\/4632","targetHints":{"allow":["GET"]}}],"collection":[{"href":"https:\/\/www.hoymercedes.com.ar\/principal\/wp-json\/wp\/v2\/posts"}],"about":[{"href":"https:\/\/www.hoymercedes.com.ar\/principal\/wp-json\/wp\/v2\/types\/post"}],"author":[{"embeddable":true,"href":"https:\/\/www.hoymercedes.com.ar\/principal\/wp-json\/wp\/v2\/users\/1"}],"replies":[{"embeddable":true,"href":"https:\/\/www.hoymercedes.com.ar\/principal\/wp-json\/wp\/v2\/comments?post=4632"}],"version-history":[{"count":0,"href":"https:\/\/www.hoymercedes.com.ar\/principal\/wp-json\/wp\/v2\/posts\/4632\/revisions"}],"wp:attachment":[{"href":"https:\/\/www.hoymercedes.com.ar\/principal\/wp-json\/wp\/v2\/media?parent=4632"}],"wp:term":[{"taxonomy":"category","embeddable":true,"href":"https:\/\/www.hoymercedes.com.ar\/principal\/wp-json\/wp\/v2\/categories?post=4632"},{"taxonomy":"post_tag","embeddable":true,"href":"https:\/\/www.hoymercedes.com.ar\/principal\/wp-json\/wp\/v2\/tags?post=4632"}],"curies":[{"name":"wp","href":"https:\/\/api.w.org\/{rel}","templated":true}]}}