{"id":46413,"date":"2015-12-13T17:54:11","date_gmt":"2015-12-13T20:54:11","guid":{"rendered":"http:\/\/www.hoymercedes.com.ar\/principal\/?p=46413"},"modified":"2015-12-13T17:54:11","modified_gmt":"2015-12-13T20:54:11","slug":"de-pedro-cuestiono-designacion-de-liendo-en-directorio-del-banco-central","status":"publish","type":"post","link":"https:\/\/www.hoymercedes.com.ar\/principal\/2015\/12\/13\/de-pedro-cuestiono-designacion-de-liendo-en-directorio-del-banco-central\/","title":{"rendered":"De Pedro cuestion\u00f3 designaci\u00f3n de Liendo en Directorio del Banco Central"},"content":{"rendered":"<p><strong>A trav\u00e9s de una serie de post publicado hoy en su cuenta de la red social Twitter, De Pedro carg\u00f3 contra el nuevo integrante del Banco Central de la Rep\u00fablica Argentina, Horacio Tom\u00e1s Liendo, quien el \u00faltimo viernes fue designado director de esa entidad financiera, a quien le achac\u00f3 pertenecer a una familia que cuyos integrantes \u00abson fieles representantes de los intereses del sector financiero\u00bb.<\/strong><\/p>\n<p>\u00abHoracio Tom\u00e1s Liendo fue ministro de la dictadura y hasta estuvo a cargo del Poder Ejecutivo\u00bb escribi\u00f3 el diputado nacional, en relaci\u00f3n al abuelo del designado funcionario, que durante la \u00faltima dictadura c\u00edvico militar, estuvo al frente de la cartera laboral e incluso fue Jefe de Estado Mayor Conjunto.<\/p>\n<p>El dirigente de La C\u00e1mpora tambi\u00e9n record\u00f3 que el padre del nuevo director del BCRA, fue uno de los m\u00e1s influyentes asesores de Domingo Cavallo cuando se implement\u00f3 el corralito financiero, rol que no lo inhibi\u00f3 para presentar un recursos judicial para sortear esa restricci\u00f3n y es representante legal del fondo especulativo Claren Corporation.<\/p>\n<p>\u00abDetr\u00e1s de los globos, empiezan a asomar estos personajes que tanto da\u00f1o le hicieron a los argentinos\u00bb sentenci\u00f3 de Pedro, que finalmente se pregunt\u00f3: \u00ab\u00bfEste era el cambio?\u00bb<\/p>\n<p>Fuente: Telam<\/p>\n","protected":false},"excerpt":{"rendered":"<p>A trav\u00e9s de una serie de post publicado hoy en su cuenta de la red social Twitter, De Pedro carg\u00f3 &#8230; <a title=\"De Pedro cuestion\u00f3 designaci\u00f3n de Liendo en Directorio del Banco Central\" class=\"read-more\" href=\"https:\/\/www.hoymercedes.com.ar\/principal\/2015\/12\/13\/de-pedro-cuestiono-designacion-de-liendo-en-directorio-del-banco-central\/\" aria-label=\"Leer m\u00e1s sobre De Pedro cuestion\u00f3 designaci\u00f3n de Liendo en Directorio del Banco Central\">Leer m\u00e1s<\/a><\/p>\n","protected":false},"author":1,"featured_media":36124,"comment_status":"open","ping_status":"open","sticky":false,"template":"","format":"standard","meta":{"_monsterinsights_skip_tracking":false,"_monsterinsights_sitenote_active":false,"_monsterinsights_sitenote_note":"","_monsterinsights_sitenote_category":0,"jetpack_post_was_ever_published":false,"_jetpack_newsletter_access":"","_jetpack_dont_email_post_to_subs":false,"_jetpack_newsletter_tier_id":0,"_jetpack_memberships_contains_paywalled_content":false,"_jetpack_memberships_contains_paid_content":false,"footnotes":"","jetpack_publicize_message":"","jetpack_publicize_feature_enabled":true,"jetpack_social_post_already_shared":true,"jetpack_social_options":{"image_generator_settings":{"template":"highway","default_image_id":0,"font":"","enabled":false},"version":2},"_wpas_customize_per_network":false},"categories":[5],"tags":[8307,8306,281],"class_list":["post-46413","post","type-post","status-publish","format-standard","has-post-thumbnail","hentry","category-politica","tag-cuestionamiento-wado","tag-liendo-banco-central","tag-wado-de-pedro","generate-columns","tablet-grid-50","mobile-grid-100","grid-parent","grid-50"],"jetpack_publicize_connections":[],"jetpack_featured_media_url":"https:\/\/www.hoymercedes.com.ar\/principal\/wp-content\/uploads\/2014\/09\/wadodepedro.jpg","wps_subtitle":"Gobierno de Macri","jetpack_sharing_enabled":true,"_links":{"self":[{"href":"https:\/\/www.hoymercedes.com.ar\/principal\/wp-json\/wp\/v2\/posts\/46413","targetHints":{"allow":["GET"]}}],"collection":[{"href":"https:\/\/www.hoymercedes.com.ar\/principal\/wp-json\/wp\/v2\/posts"}],"about":[{"href":"https:\/\/www.hoymercedes.com.ar\/principal\/wp-json\/wp\/v2\/types\/post"}],"author":[{"embeddable":true,"href":"https:\/\/www.hoymercedes.com.ar\/principal\/wp-json\/wp\/v2\/users\/1"}],"replies":[{"embeddable":true,"href":"https:\/\/www.hoymercedes.com.ar\/principal\/wp-json\/wp\/v2\/comments?post=46413"}],"version-history":[{"count":0,"href":"https:\/\/www.hoymercedes.com.ar\/principal\/wp-json\/wp\/v2\/posts\/46413\/revisions"}],"wp:featuredmedia":[{"embeddable":true,"href":"https:\/\/www.hoymercedes.com.ar\/principal\/wp-json\/wp\/v2\/media\/36124"}],"wp:attachment":[{"href":"https:\/\/www.hoymercedes.com.ar\/principal\/wp-json\/wp\/v2\/media?parent=46413"}],"wp:term":[{"taxonomy":"category","embeddable":true,"href":"https:\/\/www.hoymercedes.com.ar\/principal\/wp-json\/wp\/v2\/categories?post=46413"},{"taxonomy":"post_tag","embeddable":true,"href":"https:\/\/www.hoymercedes.com.ar\/principal\/wp-json\/wp\/v2\/tags?post=46413"}],"curies":[{"name":"wp","href":"https:\/\/api.w.org\/{rel}","templated":true}]}}