{"id":4649,"date":"2011-05-31T17:28:22","date_gmt":"2011-05-31T17:28:22","guid":{"rendered":"http:\/\/www.hoymercedes.com.ar\/principal\/?p=4649"},"modified":"2011-05-31T17:28:22","modified_gmt":"2011-05-31T17:28:22","slug":"acto-entrega-de-netbooks","status":"publish","type":"post","link":"https:\/\/www.hoymercedes.com.ar\/principal\/2011\/05\/31\/acto-entrega-de-netbooks\/","title":{"rendered":"Acto entrega de Netbooks"},"content":{"rendered":"<p>En el edificio de la Escuela N\u00b0 10, lugar donde funciona la Secundaria N\u00ba 8, se llevo adelante el acto protocolar de entrega de netbooks proveniente del programa Conectar Igualdad.com.ar  del Gobierno Nacional y  canalizado mediante la Municipalidad de Mercedes y Consejo Escolar.<\/p>\n<p>En el encuentro estuvieron el Intendente, Carlos Selva, el Presidente del Consejo Escolar, Oscar Filipin, la Directora del Establecimiento educativo, Marta D\u00edaz y el Jefe de la Unidad de Atenci\u00f3n Integral del Anses en  Mercedes  Juan Ustarroz, acompa\u00f1ados por  autoridades del departamento ejecutivo, legislativo, educaci\u00f3n, docentes, alumnos, padres e invitados especiales.<\/p>\n<p>Luego del ingreso de la Bandera de ceremonias del establecimiento, se entonaron las estrofas del Himno Nacional Argentino, para luego dar lugar a las palabras de los oradores, y el momento de entrega simb\u00f3lica de las Netbooks. Los alumnos que recibieron ante las miradas de los presentes fueron Macarena Tapia, Agust\u00edn Ber\u00f3n, Victoria Albeveria, Rita Parodi y Yesica Ferreira.<\/p>\n<p><span style=\"color: #888888;\">Info: Municipalidad de Mercedes<\/span><\/p>\n<p>&nbsp;<\/p>\n","protected":false},"excerpt":{"rendered":"<p>En el edificio de la Escuela N\u00b0 10, lugar donde funciona la Secundaria N\u00ba 8, se llevo adelante el acto &#8230; <a title=\"Acto entrega de Netbooks\" class=\"read-more\" href=\"https:\/\/www.hoymercedes.com.ar\/principal\/2011\/05\/31\/acto-entrega-de-netbooks\/\" aria-label=\"Leer m\u00e1s sobre Acto entrega de Netbooks\">Leer m\u00e1s<\/a><\/p>\n","protected":false},"author":1,"featured_media":0,"comment_status":"open","ping_status":"open","sticky":false,"template":"","format":"standard","meta":{"_monsterinsights_skip_tracking":false,"_monsterinsights_sitenote_active":false,"_monsterinsights_sitenote_note":"","_monsterinsights_sitenote_category":0,"jetpack_post_was_ever_published":false,"_jetpack_newsletter_access":"","_jetpack_dont_email_post_to_subs":false,"_jetpack_newsletter_tier_id":0,"_jetpack_memberships_contains_paywalled_content":false,"_jetpack_memberships_contains_paid_content":false,"footnotes":"","jetpack_publicize_message":"","jetpack_publicize_feature_enabled":true,"jetpack_social_post_already_shared":false,"jetpack_social_options":{"image_generator_settings":{"template":"highway","default_image_id":0,"font":"","enabled":false},"version":2},"_wpas_customize_per_network":false},"categories":[30],"tags":[360],"class_list":["post-4649","post","type-post","status-publish","format-standard","hentry","category-municipio","tag-conectar-igualdad","generate-columns","tablet-grid-50","mobile-grid-100","grid-parent","grid-50"],"jetpack_publicize_connections":[],"jetpack_featured_media_url":"","wps_subtitle":"","jetpack_sharing_enabled":true,"_links":{"self":[{"href":"https:\/\/www.hoymercedes.com.ar\/principal\/wp-json\/wp\/v2\/posts\/4649","targetHints":{"allow":["GET"]}}],"collection":[{"href":"https:\/\/www.hoymercedes.com.ar\/principal\/wp-json\/wp\/v2\/posts"}],"about":[{"href":"https:\/\/www.hoymercedes.com.ar\/principal\/wp-json\/wp\/v2\/types\/post"}],"author":[{"embeddable":true,"href":"https:\/\/www.hoymercedes.com.ar\/principal\/wp-json\/wp\/v2\/users\/1"}],"replies":[{"embeddable":true,"href":"https:\/\/www.hoymercedes.com.ar\/principal\/wp-json\/wp\/v2\/comments?post=4649"}],"version-history":[{"count":0,"href":"https:\/\/www.hoymercedes.com.ar\/principal\/wp-json\/wp\/v2\/posts\/4649\/revisions"}],"wp:attachment":[{"href":"https:\/\/www.hoymercedes.com.ar\/principal\/wp-json\/wp\/v2\/media?parent=4649"}],"wp:term":[{"taxonomy":"category","embeddable":true,"href":"https:\/\/www.hoymercedes.com.ar\/principal\/wp-json\/wp\/v2\/categories?post=4649"},{"taxonomy":"post_tag","embeddable":true,"href":"https:\/\/www.hoymercedes.com.ar\/principal\/wp-json\/wp\/v2\/tags?post=4649"}],"curies":[{"name":"wp","href":"https:\/\/api.w.org\/{rel}","templated":true}]}}