{"id":4652,"date":"2011-05-31T17:30:43","date_gmt":"2011-05-31T17:30:43","guid":{"rendered":"http:\/\/www.hoymercedes.com.ar\/principal\/?p=4652"},"modified":"2011-05-31T17:30:43","modified_gmt":"2011-05-31T17:30:43","slug":"en-el-limonero-para-escuchar-y-compartir-con-amigos","status":"publish","type":"post","link":"https:\/\/www.hoymercedes.com.ar\/principal\/2011\/05\/31\/en-el-limonero-para-escuchar-y-compartir-con-amigos\/","title":{"rendered":"En El Limonero: Para escuchar y compartir con amigos"},"content":{"rendered":"<p>El pr\u00f3ximo s\u00e1bado 11 de junio a las 22, el Centro Cultural EL LIMONERO abre sus puertas para compartir una noche de m\u00fasica popular argentina y latinoamericana junto a Marilina Erramuspe, Cacho Pavoni, Christi\u00e0n Lam\u00f2nica y Virginia Altube.<\/p>\n<p>Como en otras oportunidades se conjugan propuestas musicales, para ofrecer un repertorio y un estilo distinto al de cada uno en particular.<\/p>\n<p>Es m\u00fasica y canto, y una cantina,  para pasar un buen momento, en ese c\u00e1lido espacio que ofrece El Limoner, ..y hasta que las velas ardan.<\/p>\n<p>&nbsp;<\/p>\n","protected":false},"excerpt":{"rendered":"<p>El pr\u00f3ximo s\u00e1bado 11 de junio a las 22, el Centro Cultural EL LIMONERO abre sus puertas para compartir una &#8230; <a title=\"En El Limonero: Para escuchar y compartir con amigos\" class=\"read-more\" href=\"https:\/\/www.hoymercedes.com.ar\/principal\/2011\/05\/31\/en-el-limonero-para-escuchar-y-compartir-con-amigos\/\" aria-label=\"Leer m\u00e1s sobre En El Limonero: Para escuchar y compartir con amigos\">Leer m\u00e1s<\/a><\/p>\n","protected":false},"author":1,"featured_media":0,"comment_status":"open","ping_status":"open","sticky":false,"template":"","format":"standard","meta":{"_monsterinsights_skip_tracking":false,"_monsterinsights_sitenote_active":false,"_monsterinsights_sitenote_note":"","_monsterinsights_sitenote_category":0,"jetpack_post_was_ever_published":false,"_jetpack_newsletter_access":"","_jetpack_dont_email_post_to_subs":false,"_jetpack_newsletter_tier_id":0,"_jetpack_memberships_contains_paywalled_content":false,"_jetpack_memberships_contains_paid_content":false,"footnotes":"","jetpack_publicize_message":"","jetpack_publicize_feature_enabled":true,"jetpack_social_post_already_shared":false,"jetpack_social_options":{"image_generator_settings":{"template":"highway","default_image_id":0,"font":"","enabled":false},"version":2},"_wpas_customize_per_network":false},"categories":[104],"tags":[858],"class_list":["post-4652","post","type-post","status-publish","format-standard","hentry","category-cultura","tag-el-limonero-mercedes","generate-columns","tablet-grid-50","mobile-grid-100","grid-parent","grid-50"],"jetpack_publicize_connections":[],"jetpack_featured_media_url":"","wps_subtitle":"","jetpack_sharing_enabled":true,"_links":{"self":[{"href":"https:\/\/www.hoymercedes.com.ar\/principal\/wp-json\/wp\/v2\/posts\/4652","targetHints":{"allow":["GET"]}}],"collection":[{"href":"https:\/\/www.hoymercedes.com.ar\/principal\/wp-json\/wp\/v2\/posts"}],"about":[{"href":"https:\/\/www.hoymercedes.com.ar\/principal\/wp-json\/wp\/v2\/types\/post"}],"author":[{"embeddable":true,"href":"https:\/\/www.hoymercedes.com.ar\/principal\/wp-json\/wp\/v2\/users\/1"}],"replies":[{"embeddable":true,"href":"https:\/\/www.hoymercedes.com.ar\/principal\/wp-json\/wp\/v2\/comments?post=4652"}],"version-history":[{"count":0,"href":"https:\/\/www.hoymercedes.com.ar\/principal\/wp-json\/wp\/v2\/posts\/4652\/revisions"}],"wp:attachment":[{"href":"https:\/\/www.hoymercedes.com.ar\/principal\/wp-json\/wp\/v2\/media?parent=4652"}],"wp:term":[{"taxonomy":"category","embeddable":true,"href":"https:\/\/www.hoymercedes.com.ar\/principal\/wp-json\/wp\/v2\/categories?post=4652"},{"taxonomy":"post_tag","embeddable":true,"href":"https:\/\/www.hoymercedes.com.ar\/principal\/wp-json\/wp\/v2\/tags?post=4652"}],"curies":[{"name":"wp","href":"https:\/\/api.w.org\/{rel}","templated":true}]}}