{"id":4657,"date":"2011-05-31T17:34:21","date_gmt":"2011-05-31T17:34:21","guid":{"rendered":"http:\/\/www.hoymercedes.com.ar\/principal\/?p=4657"},"modified":"2011-05-31T17:34:21","modified_gmt":"2011-05-31T17:34:21","slug":"proyecto-sur-mercedes-invita-a-audiencia-publica-sobre-libertad-sindical","status":"publish","type":"post","link":"https:\/\/www.hoymercedes.com.ar\/principal\/2011\/05\/31\/proyecto-sur-mercedes-invita-a-audiencia-publica-sobre-libertad-sindical\/","title":{"rendered":"Proyecto Sur Mercedes invita a Audiencia P\u00fablica sobre Libertad Sindical"},"content":{"rendered":"<p>La siguiente actividad a realizarse en Capital Federal es una invitaci\u00f3n de Proyecto Sur Mercedes para todos los que deseen ser parte del encuentro:<\/p>\n<p><em>AUDIENCIA PUBLICA SOBRE\u201d LIBERTAD SINDICAL\u201d<\/em><\/p>\n<p><em>Tenemos el agrado de invitarla\/o a participar de la \u201cAudiencia P\u00fablica sobre Libertad Sindical\u201d a realizarse el jueves 2 de junio a las 15:00 hs. en la SALA 1, Piso 2do., del Edificio Anexo de la Honorable C\u00e1mara de Diputados de la Naci\u00f3n. A fin de reflexionar y debatir sobre la situaci\u00f3n actual de la Argentina en esta materia, contaremos con la exposici\u00f3n de expertos vinculados con la OIT as\u00ed como de representantes de variadas organizaciones y agrupaciones sindicales.<\/em><\/p>\n<p><em>Esperando contar con su presencia, lo saluda atte.,<\/em><\/p>\n<p><em>Claudio Lozano<\/em><\/p>\n<p><em>(Of. 1327 interno 3227)<\/em><\/p>\n<p>&nbsp;<\/p>\n","protected":false},"excerpt":{"rendered":"<p>La siguiente actividad a realizarse en Capital Federal es una invitaci\u00f3n de Proyecto Sur Mercedes para todos los que deseen &#8230; <a title=\"Proyecto Sur Mercedes invita a Audiencia P\u00fablica sobre Libertad Sindical\" class=\"read-more\" href=\"https:\/\/www.hoymercedes.com.ar\/principal\/2011\/05\/31\/proyecto-sur-mercedes-invita-a-audiencia-publica-sobre-libertad-sindical\/\" aria-label=\"Leer m\u00e1s sobre Proyecto Sur Mercedes invita a Audiencia P\u00fablica sobre Libertad Sindical\">Leer m\u00e1s<\/a><\/p>\n","protected":false},"author":1,"featured_media":0,"comment_status":"open","ping_status":"open","sticky":false,"template":"","format":"standard","meta":{"_monsterinsights_skip_tracking":false,"_monsterinsights_sitenote_active":false,"_monsterinsights_sitenote_note":"","_monsterinsights_sitenote_category":0,"jetpack_post_was_ever_published":false,"_jetpack_newsletter_access":"","_jetpack_dont_email_post_to_subs":false,"_jetpack_newsletter_tier_id":0,"_jetpack_memberships_contains_paywalled_content":false,"_jetpack_memberships_contains_paid_content":false,"footnotes":"","jetpack_publicize_message":"","jetpack_publicize_feature_enabled":true,"jetpack_social_post_already_shared":false,"jetpack_social_options":{"image_generator_settings":{"template":"highway","default_image_id":0,"font":"","enabled":false},"version":2},"_wpas_customize_per_network":false},"categories":[5],"tags":[109],"class_list":["post-4657","post","type-post","status-publish","format-standard","hentry","category-politica","tag-proyecto-sur-mercedes","generate-columns","tablet-grid-50","mobile-grid-100","grid-parent","grid-50"],"jetpack_publicize_connections":[],"jetpack_featured_media_url":"","wps_subtitle":"","jetpack_sharing_enabled":true,"_links":{"self":[{"href":"https:\/\/www.hoymercedes.com.ar\/principal\/wp-json\/wp\/v2\/posts\/4657","targetHints":{"allow":["GET"]}}],"collection":[{"href":"https:\/\/www.hoymercedes.com.ar\/principal\/wp-json\/wp\/v2\/posts"}],"about":[{"href":"https:\/\/www.hoymercedes.com.ar\/principal\/wp-json\/wp\/v2\/types\/post"}],"author":[{"embeddable":true,"href":"https:\/\/www.hoymercedes.com.ar\/principal\/wp-json\/wp\/v2\/users\/1"}],"replies":[{"embeddable":true,"href":"https:\/\/www.hoymercedes.com.ar\/principal\/wp-json\/wp\/v2\/comments?post=4657"}],"version-history":[{"count":0,"href":"https:\/\/www.hoymercedes.com.ar\/principal\/wp-json\/wp\/v2\/posts\/4657\/revisions"}],"wp:attachment":[{"href":"https:\/\/www.hoymercedes.com.ar\/principal\/wp-json\/wp\/v2\/media?parent=4657"}],"wp:term":[{"taxonomy":"category","embeddable":true,"href":"https:\/\/www.hoymercedes.com.ar\/principal\/wp-json\/wp\/v2\/categories?post=4657"},{"taxonomy":"post_tag","embeddable":true,"href":"https:\/\/www.hoymercedes.com.ar\/principal\/wp-json\/wp\/v2\/tags?post=4657"}],"curies":[{"name":"wp","href":"https:\/\/api.w.org\/{rel}","templated":true}]}}