{"id":46571,"date":"2015-12-21T18:19:03","date_gmt":"2015-12-21T21:19:03","guid":{"rendered":"http:\/\/www.hoymercedes.com.ar\/principal\/?p=46571"},"modified":"2015-12-24T00:54:14","modified_gmt":"2015-12-24T03:54:14","slug":"robo-th-herrero-practicamente-resulto-con-detenciones-incluido-un-empleado","status":"publish","type":"post","link":"https:\/\/www.hoymercedes.com.ar\/principal\/2015\/12\/21\/robo-th-herrero-practicamente-resulto-con-detenciones-incluido-un-empleado\/","title":{"rendered":"Robo TH. Herrero pr\u00e1cticamente resuelto con detenciones, incluido un empleado"},"content":{"rendered":"<p><strong>Durante la jornada del pasado viernes se concret\u00f3 la detenci\u00f3n de dos masculinos vinculados al robo de la Distribuidora T.H Herrero. Uno de ellos es un empleado y se suma a otra detenci\u00f3n efectuada d\u00edas atr\u00e1s. De esta manera el robo est\u00e1 pr\u00e1cticamente resuelto.<\/strong><\/p>\n<p>Se trat\u00f3 de un robo tipo comando, efectuado con m\u00faltiples facilidades que llam\u00f3 la atenci\u00f3n de los investigadores desde un primer momento. Fue el pasado 25 de noviembre y desde entonces se llevaron a cabo m\u00faltiples actuaciones investigativas que permitieron llegar a esta realidad con detenciones y desarticulaci\u00f3n de una banda que seg\u00fan los investigadores estaba en estos momentos planificando un nuevo atraco a un comercio mercedino que, sostuvieron, ser\u00eda de electrodom\u00e9sticos, sobre calle 25.<\/p>\n<p>La UFI N1 de delitos complejos llev\u00f3 adelante el proceso judicial y est\u00e1 a cargo del Fiscal Juan Bidone.<\/p>\n<p>Las novedades se produjeron el viernes 18 cuando dos detenciones cerraron a\u00fan m\u00e1s el c\u00edrculo investigativo. En su horario de trabajo fue detenido el empleado Agust\u00edn Pruzzo sum\u00e1ndose a Juan Carlos Kovacich de Merlo durante la misma jornada.<\/p>\n<p>En anteriores procedimiento lograron detener a un hombre de apellido Moreira y determinando que tambi\u00e9n particip\u00f3 otro de apellido Garnica que se encuentra pr\u00f3fugo y ser\u00eda el \u00faltimo eslab\u00f3n. En dicha detenci\u00f3n habr\u00edan ratificaron los indicios que ten\u00edan sobre la participaci\u00f3n de un empleado, cuesti\u00f3n que confirman con Pruzzo.<\/p>\n<p>La semana anterior las fuerzas policiales, tras cinco allanamientos en Merlo lograron recuperar 2900 atados de cigarrillos embalados con la inscripci\u00f3n \u201cHerrero S. A\u201d dejando en claro su pertenencia y convirti\u00e9ndose en una prueba irrefutable. En dicho procedimiento tambi\u00e9n encontraron una camioneta Ford y una ambulancia, veh\u00edculos utilizados en el robo y que estaban en las filmaciones usadas por la justicia.<\/p>\n<p>De esta forma, para los investigadores, el caso est\u00e1 casi resulto, restando encontrar a un pr\u00f3fugo.<\/p>\n<p><strong>El caso<\/strong><\/p>\n<p>El pasado 25 de noviembre un robo en la Distribuidora T.H. Herrero por un grupo tipo comando gener\u00f3 el perjuicio de un mill\u00f3n de pesos. El robo fue en dos veh\u00edculos llev\u00e1ndose gran cantidad de cigarrillos.<\/p>\n<p>&nbsp;<\/p>\n<p>&nbsp;<\/p>\n","protected":false},"excerpt":{"rendered":"<p>Durante la jornada del pasado viernes se concret\u00f3 la detenci\u00f3n de dos masculinos vinculados al robo de la Distribuidora T.H &#8230; <a title=\"Robo TH. Herrero pr\u00e1cticamente resuelto con detenciones, incluido un empleado\" class=\"read-more\" href=\"https:\/\/www.hoymercedes.com.ar\/principal\/2015\/12\/21\/robo-th-herrero-practicamente-resulto-con-detenciones-incluido-un-empleado\/\" aria-label=\"Leer m\u00e1s sobre Robo TH. Herrero pr\u00e1cticamente resuelto con detenciones, incluido un empleado\">Leer m\u00e1s<\/a><\/p>\n","protected":false},"author":1,"featured_media":46194,"comment_status":"open","ping_status":"open","sticky":false,"template":"","format":"standard","meta":{"_monsterinsights_skip_tracking":false,"_monsterinsights_sitenote_active":false,"_monsterinsights_sitenote_note":"","_monsterinsights_sitenote_category":0,"jetpack_post_was_ever_published":false,"_jetpack_newsletter_access":"","_jetpack_dont_email_post_to_subs":false,"_jetpack_newsletter_tier_id":0,"_jetpack_memberships_contains_paywalled_content":false,"_jetpack_memberships_contains_paid_content":false,"footnotes":"","jetpack_publicize_message":"","jetpack_publicize_feature_enabled":true,"jetpack_social_post_already_shared":true,"jetpack_social_options":{"image_generator_settings":{"template":"highway","default_image_id":0,"font":"","enabled":false},"version":2},"_wpas_customize_per_network":false},"categories":[85],"tags":[8343,8342,8341],"class_list":["post-46571","post","type-post","status-publish","format-standard","has-post-thumbnail","hentry","category-policial","tag-detencion-robo-herrero","tag-distribuidora-herrero","tag-robo-herrero","generate-columns","tablet-grid-50","mobile-grid-100","grid-parent","grid-50"],"jetpack_publicize_connections":[],"jetpack_featured_media_url":"https:\/\/www.hoymercedes.com.ar\/principal\/wp-content\/uploads\/2015\/12\/thherreo-mercedes.png","wps_subtitle":"Atraco tipo comando ","jetpack_sharing_enabled":true,"_links":{"self":[{"href":"https:\/\/www.hoymercedes.com.ar\/principal\/wp-json\/wp\/v2\/posts\/46571","targetHints":{"allow":["GET"]}}],"collection":[{"href":"https:\/\/www.hoymercedes.com.ar\/principal\/wp-json\/wp\/v2\/posts"}],"about":[{"href":"https:\/\/www.hoymercedes.com.ar\/principal\/wp-json\/wp\/v2\/types\/post"}],"author":[{"embeddable":true,"href":"https:\/\/www.hoymercedes.com.ar\/principal\/wp-json\/wp\/v2\/users\/1"}],"replies":[{"embeddable":true,"href":"https:\/\/www.hoymercedes.com.ar\/principal\/wp-json\/wp\/v2\/comments?post=46571"}],"version-history":[{"count":0,"href":"https:\/\/www.hoymercedes.com.ar\/principal\/wp-json\/wp\/v2\/posts\/46571\/revisions"}],"wp:featuredmedia":[{"embeddable":true,"href":"https:\/\/www.hoymercedes.com.ar\/principal\/wp-json\/wp\/v2\/media\/46194"}],"wp:attachment":[{"href":"https:\/\/www.hoymercedes.com.ar\/principal\/wp-json\/wp\/v2\/media?parent=46571"}],"wp:term":[{"taxonomy":"category","embeddable":true,"href":"https:\/\/www.hoymercedes.com.ar\/principal\/wp-json\/wp\/v2\/categories?post=46571"},{"taxonomy":"post_tag","embeddable":true,"href":"https:\/\/www.hoymercedes.com.ar\/principal\/wp-json\/wp\/v2\/tags?post=46571"}],"curies":[{"name":"wp","href":"https:\/\/api.w.org\/{rel}","templated":true}]}}