{"id":4661,"date":"2011-06-01T02:20:57","date_gmt":"2011-06-01T02:20:57","guid":{"rendered":"http:\/\/www.hoymercedes.com.ar\/principal\/?p=4661"},"modified":"2011-06-01T02:20:57","modified_gmt":"2011-06-01T02:20:57","slug":"intentan-volver-a-conformar-la-junta-de-defensa-civil-de-mercedes","status":"publish","type":"post","link":"https:\/\/www.hoymercedes.com.ar\/principal\/2011\/06\/01\/intentan-volver-a-conformar-la-junta-de-defensa-civil-de-mercedes\/","title":{"rendered":"Intentan volver a conformar la junta de Defensa Civil de Mercedes"},"content":{"rendered":"<p>Las reuniones para dar una forma definitiva a la propuesta comenzaron a llevarse a cabo en las instalaciones de Bomberos cuyo Jefe del Cuerpo Activo es la m\u00e1xima autoridad operacional de Defensa Civil en la ciudad mientras que el Intendente Carlos Selva es qui\u00e9n dirige institucionalmente la entidad<\/p>\n<p>El contador N\u00e9stor Palacios que desde hace tiempo trabaja en el tema sostuvo al dialogar con  la prensa \u201chemos retomado las reuniones en el Cuerpo de Bomberos los lunes por medio, la pr\u00f3xima ser\u00e1 el d\u00eda 6 y en estos momentos  es el Foro de Seguridad qui\u00e9n con su iniciativa ha vuelto a convocarnos para intentar dar de manera definitiva el encuadre que necesitamos para prevenir y llegado el caso actuar en nuestra ciudad.<\/p>\n<p>Esa iniciativa ha tenido como respuesta la inmediata aprobaci\u00f3n del Intendente Carlos Selva como todos saben por ley es el m\u00e1ximo responsable en Mercedes como en realidad lo son todos los intendentes en cada uno de sus Distritos.<\/p>\n<p>Por eso estamos nuevamente trabajando con los representantes de aquellas entidades que realmente tienen un papel fijo dentro de la Defensa Civil, es decir el municipio, bomberos que es la m\u00e1s importantes de las patas que tiene la mesa y por ende el titular del Cuerpo Activo es la m\u00e1xima autoridad operativa de la Junta, las autoridades policiales en toso sus estamentos, en el caso nuestro por tener un asentamiento en la ciudad tambi\u00e9n Gendarmer\u00eda Nacional, los inspectores en Educaci\u00f3n Estatal y de gesti\u00f3n privada y desde ya cada uno de los centros asistenciales, privados \u00f3 estatales con que contamos en Mercedes.<\/p>\n<p>Si bien aun hay cosas que deberemos seguir analizando para luego ponerlas en marcha, la idea es que volvamos a repetir la experiencia que hace algunos a\u00f1os llevamos a cabo cuando hicimos un simulacro de evacuaci\u00f3n en la Escuela 37 de nuestra ciudad para ver de que manera nos comport\u00e1bamos ante la eventualidad de alg\u00fan siniestro no esperado que Dios quiera nunca tengamos que pasar.<\/p>\n<p>Ya estamos trabajando en tal sentidoporque creemos que es fundamental ir creando desde una edad temprana una conciencia adecuada acerca de la importancia que tiene el trabajo mancomunado y sincronizado de todos en el marco de la Defensa Civil. No se si ser\u00e1 en la misma escuela 37 o se elegir\u00e1 otra en un barrio diferente como para ir llegando a todos los lugares de la ciudad, esto seguramente lo estaremos definiendo a partir de la pr\u00f3xima reuni\u00f3n que ser\u00e1 el lunes 6 como ya lo manifest\u00e9.<\/p>\n<p>Para m\u00e1s adelante estaremos convocando a otros sectores de la comunidad porque pretendemos tener una Junta de Defensa Civil y para ello estaremos comenzando con una serie de charlas informativas, de capacitaci\u00f3n y fundamentalmente de compromiso entre los vecinos para que si nos toca la mala suerte de tener que enfrentarnos con alg\u00fan hecho inesperado podamos hacerlo de la mejor manera posible.<\/p>\n<p>Hoy hemos comenzado de manera un tanto acotada en nuestras reuniones, quisimos hacerlo de esta manera para ir en primer t\u00e9rmino fijando los puntos m\u00e1s importantes de nuestro accionar y as\u00ed con el correr de las semanas poder comenzar, como ya lo dije, a incorporar a integrantes de otros sectores de la comunidad entendiendo que en toda iniciativa como la que han tenido los integrantes del Foro de Seguridad con el respaldo de nuestro intendente, es muy importante la participaci\u00f3n espont\u00e1nea y voluntaria de nuestros vecinos, por eso entiendo que no hace falta que salgamos a buscarlos, todo aquel que tenga una inquietud que pueda parecerle \u00fatil que se llegue hasta la sede de bomberos y la presente\u201d.<\/p>\n<p>&nbsp;<\/p>\n","protected":false},"excerpt":{"rendered":"<p>Las reuniones para dar una forma definitiva a la propuesta comenzaron a llevarse a cabo en las instalaciones de Bomberos &#8230; <a title=\"Intentan volver a conformar la junta de Defensa Civil de Mercedes\" class=\"read-more\" href=\"https:\/\/www.hoymercedes.com.ar\/principal\/2011\/06\/01\/intentan-volver-a-conformar-la-junta-de-defensa-civil-de-mercedes\/\" aria-label=\"Leer m\u00e1s sobre Intentan volver a conformar la junta de Defensa Civil de Mercedes\">Leer m\u00e1s<\/a><\/p>\n","protected":false},"author":1,"featured_media":0,"comment_status":"open","ping_status":"open","sticky":false,"template":"","format":"standard","meta":{"_monsterinsights_skip_tracking":false,"_monsterinsights_sitenote_active":false,"_monsterinsights_sitenote_note":"","_monsterinsights_sitenote_category":0,"jetpack_post_was_ever_published":false,"_jetpack_newsletter_access":"","_jetpack_dont_email_post_to_subs":false,"_jetpack_newsletter_tier_id":0,"_jetpack_memberships_contains_paywalled_content":false,"_jetpack_memberships_contains_paid_content":false,"footnotes":"","jetpack_publicize_message":"","jetpack_publicize_feature_enabled":true,"jetpack_social_post_already_shared":false,"jetpack_social_options":{"image_generator_settings":{"template":"highway","default_image_id":0,"font":"","enabled":false},"version":2},"_wpas_customize_per_network":false},"categories":[8],"tags":[859],"class_list":["post-4661","post","type-post","status-publish","format-standard","hentry","category-sociedad","tag-defensa-del-consumidor-mercedes","generate-columns","tablet-grid-50","mobile-grid-100","grid-parent","grid-50"],"jetpack_publicize_connections":[],"jetpack_featured_media_url":"","wps_subtitle":"","jetpack_sharing_enabled":true,"_links":{"self":[{"href":"https:\/\/www.hoymercedes.com.ar\/principal\/wp-json\/wp\/v2\/posts\/4661","targetHints":{"allow":["GET"]}}],"collection":[{"href":"https:\/\/www.hoymercedes.com.ar\/principal\/wp-json\/wp\/v2\/posts"}],"about":[{"href":"https:\/\/www.hoymercedes.com.ar\/principal\/wp-json\/wp\/v2\/types\/post"}],"author":[{"embeddable":true,"href":"https:\/\/www.hoymercedes.com.ar\/principal\/wp-json\/wp\/v2\/users\/1"}],"replies":[{"embeddable":true,"href":"https:\/\/www.hoymercedes.com.ar\/principal\/wp-json\/wp\/v2\/comments?post=4661"}],"version-history":[{"count":0,"href":"https:\/\/www.hoymercedes.com.ar\/principal\/wp-json\/wp\/v2\/posts\/4661\/revisions"}],"wp:attachment":[{"href":"https:\/\/www.hoymercedes.com.ar\/principal\/wp-json\/wp\/v2\/media?parent=4661"}],"wp:term":[{"taxonomy":"category","embeddable":true,"href":"https:\/\/www.hoymercedes.com.ar\/principal\/wp-json\/wp\/v2\/categories?post=4661"},{"taxonomy":"post_tag","embeddable":true,"href":"https:\/\/www.hoymercedes.com.ar\/principal\/wp-json\/wp\/v2\/tags?post=4661"}],"curies":[{"name":"wp","href":"https:\/\/api.w.org\/{rel}","templated":true}]}}