{"id":46650,"date":"2015-12-30T01:33:12","date_gmt":"2015-12-30T04:33:12","guid":{"rendered":"http:\/\/www.hoymercedes.com.ar\/principal\/?p=46650"},"modified":"2015-12-30T01:35:23","modified_gmt":"2015-12-30T04:35:23","slug":"gran-despedida-del-ano-en-el-hogar-villa-abrile-con-danza-musica-y-payasos","status":"publish","type":"post","link":"https:\/\/www.hoymercedes.com.ar\/principal\/2015\/12\/30\/gran-despedida-del-ano-en-el-hogar-villa-abrile-con-danza-musica-y-payasos\/","title":{"rendered":"Gran despedida del a\u00f1o en el \u201cHogar Villa Abrile\u201d con danza, m\u00fasica y payasos"},"content":{"rendered":"<figure id=\"attachment_46651\" aria-describedby=\"caption-attachment-46651\" style=\"width: 610px\" class=\"wp-caption aligncenter\"><img loading=\"lazy\" decoding=\"async\" data-attachment-id=\"46651\" data-permalink=\"https:\/\/www.hoymercedes.com.ar\/principal\/2015\/12\/30\/gran-despedida-del-ano-en-el-hogar-villa-abrile-con-danza-musica-y-payasos\/abrile-2015villa-abrile-2015014\/#main\" data-orig-file=\"https:\/\/www.hoymercedes.com.ar\/principal\/wp-content\/uploads\/2015\/12\/Abrile-2015Villa-Abrile-2015014.jpg\" data-orig-size=\"620,412\" data-comments-opened=\"1\" data-image-meta=\"{&quot;aperture&quot;:&quot;0&quot;,&quot;credit&quot;:&quot;&quot;,&quot;camera&quot;:&quot;&quot;,&quot;caption&quot;:&quot;&quot;,&quot;created_timestamp&quot;:&quot;0&quot;,&quot;copyright&quot;:&quot;&quot;,&quot;focal_length&quot;:&quot;0&quot;,&quot;iso&quot;:&quot;0&quot;,&quot;shutter_speed&quot;:&quot;0&quot;,&quot;title&quot;:&quot;&quot;,&quot;orientation&quot;:&quot;0&quot;}\" data-image-title=\"Abrile-2015Villa Abrile &amp;#8211; 2015014\" data-image-description=\"\" data-image-caption=\"\" data-large-file=\"https:\/\/www.hoymercedes.com.ar\/principal\/wp-content\/uploads\/2015\/12\/Abrile-2015Villa-Abrile-2015014.jpg\" class=\"wp-image-46651 size-full\" src=\"https:\/\/www.hoymercedes.com.ar\/principal\/wp-content\/uploads\/2015\/12\/Abrile-2015Villa-Abrile-2015014.jpg\" alt=\"Abrile-2015Villa Abrile - 2015014\" width=\"620\" height=\"412\" srcset=\"https:\/\/www.hoymercedes.com.ar\/principal\/wp-content\/uploads\/2015\/12\/Abrile-2015Villa-Abrile-2015014.jpg 620w, https:\/\/www.hoymercedes.com.ar\/principal\/wp-content\/uploads\/2015\/12\/Abrile-2015Villa-Abrile-2015014-150x100.jpg 150w, https:\/\/www.hoymercedes.com.ar\/principal\/wp-content\/uploads\/2015\/12\/Abrile-2015Villa-Abrile-2015014-300x200.jpg 300w\" sizes=\"auto, (max-width: 620px) 100vw, 620px\" \/><figcaption id=\"caption-attachment-46651\" class=\"wp-caption-text\">Gran baile al cierre de la velada<\/figcaption><\/figure>\n<p><strong>En la tarde de \u00e9ste martes se llev\u00f3 a cabo la tradicional despedida del a\u00f1o del Hogar Villa Abrile. Danzas folkl\u00f3ricas, m\u00fasica, payasos y un gran baile de cierre sobre calle 25. Estuvo presente el intendente Ustarroz, concejales, coordinadores, personal del Hogar y lo m\u00e1s importante: los abuelos que disfrutaron a pleno una jornada pensada por y para ellos.<\/strong><\/p>\n<p>El intendente Ustarroz adem\u00e1s present\u00f3 a los nuevos responsables del \u00e1rea: Noelia Gollio como encargada del Hogar y a Victoria O` Dell como Coordinadora de Tercera Edad de la Municipalidad de Mercedes.<\/p>\n<p>El acto cont\u00f3 con el cierre musical de Fernanda Ottolini quien llev\u00f3 a los presentes, incluido el intendente, el presidente del Concejo Deliberante, el concejal Albini, entre otros. La conducci\u00f3n estuvo a cargo de Diego Mar\u00fa, significando un\u00a0regreso a los actos oficiales.<\/p>\n<figure id=\"attachment_46652\" aria-describedby=\"caption-attachment-46652\" style=\"width: 610px\" class=\"wp-caption aligncenter\"><img loading=\"lazy\" decoding=\"async\" data-attachment-id=\"46652\" data-permalink=\"https:\/\/www.hoymercedes.com.ar\/principal\/2015\/12\/30\/gran-despedida-del-ano-en-el-hogar-villa-abrile-con-danza-musica-y-payasos\/abrile-2015villa-abrile-2015127\/#main\" data-orig-file=\"https:\/\/www.hoymercedes.com.ar\/principal\/wp-content\/uploads\/2015\/12\/Abrile-2015Villa-Abrile-2015127.jpg\" data-orig-size=\"620,412\" data-comments-opened=\"1\" data-image-meta=\"{&quot;aperture&quot;:&quot;0&quot;,&quot;credit&quot;:&quot;&quot;,&quot;camera&quot;:&quot;&quot;,&quot;caption&quot;:&quot;&quot;,&quot;created_timestamp&quot;:&quot;0&quot;,&quot;copyright&quot;:&quot;&quot;,&quot;focal_length&quot;:&quot;0&quot;,&quot;iso&quot;:&quot;0&quot;,&quot;shutter_speed&quot;:&quot;0&quot;,&quot;title&quot;:&quot;&quot;,&quot;orientation&quot;:&quot;0&quot;}\" data-image-title=\"Abrile-2015Villa Abrile &amp;#8211; 2015127\" data-image-description=\"\" data-image-caption=\"\" data-large-file=\"https:\/\/www.hoymercedes.com.ar\/principal\/wp-content\/uploads\/2015\/12\/Abrile-2015Villa-Abrile-2015127.jpg\" class=\"wp-image-46652 size-full\" src=\"https:\/\/www.hoymercedes.com.ar\/principal\/wp-content\/uploads\/2015\/12\/Abrile-2015Villa-Abrile-2015127.jpg\" alt=\"Abrile-2015Villa Abrile - 2015127\" width=\"620\" height=\"412\" srcset=\"https:\/\/www.hoymercedes.com.ar\/principal\/wp-content\/uploads\/2015\/12\/Abrile-2015Villa-Abrile-2015127.jpg 620w, https:\/\/www.hoymercedes.com.ar\/principal\/wp-content\/uploads\/2015\/12\/Abrile-2015Villa-Abrile-2015127-150x100.jpg 150w, https:\/\/www.hoymercedes.com.ar\/principal\/wp-content\/uploads\/2015\/12\/Abrile-2015Villa-Abrile-2015127-300x200.jpg 300w\" sizes=\"auto, (max-width: 620px) 100vw, 620px\" \/><figcaption id=\"caption-attachment-46652\" class=\"wp-caption-text\">Ustarroz, Dematei, Cassiani, O\u00b4Dell y Gollio<\/figcaption><\/figure>\n<p>El intendente Ustarroz a la hora de tomar la palabra coment\u00f3: \u201cquiero felicitar por la calidez de la jornada que hemos vivido en el d\u00eda de hoy, a todos los trabajadores, a los funcionarios y muy especialmente a Victoria y Noelia a quien conozco hace mucho tiempo, a ella y su familia y es un placer que se haya sumado al equipo. En el caso de Victoria la conozco desde muy buenas referencias y eso es muy lindo, ver que en nuestra ciudad mucha gente te hable bien de una persona. Estaba trabajando en el hogar y hoy asume una nueva responsabilidad. Uno conf\u00eda en gente de bien que adem\u00e1s de capacitarse le pone mucho amor a lo que hace. Hoy simplemente venimos a celebrar con todos los abuelos, agradecer como siempre como decimos con Mat\u00edas a los centros de jubilados que nos acompa\u00f1an y regalan buenos momentos, a los artistas que vamos a apostar mucho a los artistas locales para poder generar lindos momentos con nuestro pueblo, las familias de esto se trata. De trabaja mucho, juntos y de coraz\u00f3n. Se acerca fin de a\u00f1o y les deseo a todos lo mejor y que terminen el a\u00f1o con sus seres queridos empezando el 2016 trabajando por nuestra querida ciudad\u201d<\/p>\n<p>Victoria O\u00b4Dell afirm\u00f3 a los presentes que: \u201cQueremos empezar el a\u00f1o como un equipo, agradecer a los centros de jubilados a los que nos estamos acercando y son bien venidos. Los esperamos para trabajar. Gracias a todos, a las familias y al equipo que trabaja en el hogar que hacen posible esta linda fiesta. La idea es tambi\u00e9n pasarla bien y ver cosas positivas. Tambi\u00e9n darle la bienvenida a Noelia que va a coordinar el Hogar\u201d<\/p>\n<p>Noelia Gollio tambi\u00e9n tuvo unas palabras de presentaci\u00f3n y coment\u00f3: \u201cante que nada quiero agradecer a todo el personal del hogar por la c\u00e1lida bienvenida que me dieron, son todos muy amorosos, todos dispuestos a ayudarme, a escucharme y yo a escucharlo as\u00ed que muchas gracias as\u00ed como a Juan Ustarroz por confiar en m\u00ed y poder estar ac\u00e1\u201d sostuvo la flamante encargada.<\/p>\n<p>Por \u00faltimo, el Secretario de Salud, Pablo Cassiani, sostuvo: \u201cun gusto poder compartir esta fiesta con ustedes y un placer terminar el a\u00f1os con ustedes siendo mucho m\u00e1s placentero a\u00fan poder arrancarlo con ustedes. Quiero agradecer la presencia del intendente y la confianza depositada en el equipo de salud que est\u00e1 formado por el intendente. A las instituciones, a los artistas, a los clubes de abuelos, pensando en el Hogar de puertas abiertas siendo un deseo trabajar d\u00eda a d\u00eda para que esto sea realidad. Un equipo con funcionarios y todo el personal que est\u00e1 presente y muchas gracias a ellos\u201d<\/p>\n<p>La fiesta que se inici\u00f3 a las 19.00hs dur\u00f3 hasta casi las 22.00hs teniendo gran participaci\u00f3n de los presentes que bailaron hasta el \u00faltimo momento. La fiesta, organizada por los flamantes funcionarios, fue todo un \u00e9xito para los abuelos, familias y vecinos presentes.<\/p>\n<p><img loading=\"lazy\" decoding=\"async\" data-attachment-id=\"46659\" data-permalink=\"https:\/\/www.hoymercedes.com.ar\/principal\/2015\/12\/30\/gran-despedida-del-ano-en-el-hogar-villa-abrile-con-danza-musica-y-payasos\/abrile-2015villa-abrile-2015078\/#main\" data-orig-file=\"https:\/\/www.hoymercedes.com.ar\/principal\/wp-content\/uploads\/2015\/12\/Abrile-2015Villa-Abrile-2015078.jpg\" data-orig-size=\"620,412\" data-comments-opened=\"1\" data-image-meta=\"{&quot;aperture&quot;:&quot;0&quot;,&quot;credit&quot;:&quot;&quot;,&quot;camera&quot;:&quot;&quot;,&quot;caption&quot;:&quot;&quot;,&quot;created_timestamp&quot;:&quot;0&quot;,&quot;copyright&quot;:&quot;&quot;,&quot;focal_length&quot;:&quot;0&quot;,&quot;iso&quot;:&quot;0&quot;,&quot;shutter_speed&quot;:&quot;0&quot;,&quot;title&quot;:&quot;&quot;,&quot;orientation&quot;:&quot;0&quot;}\" data-image-title=\"Abrile-2015Villa Abrile &amp;#8211; 2015078\" data-image-description=\"\" data-image-caption=\"\" data-large-file=\"https:\/\/www.hoymercedes.com.ar\/principal\/wp-content\/uploads\/2015\/12\/Abrile-2015Villa-Abrile-2015078.jpg\" class=\"aligncenter size-full wp-image-46659\" src=\"https:\/\/www.hoymercedes.com.ar\/principal\/wp-content\/uploads\/2015\/12\/Abrile-2015Villa-Abrile-2015078.jpg\" alt=\"Abrile-2015Villa Abrile - 2015078\" width=\"620\" height=\"412\" srcset=\"https:\/\/www.hoymercedes.com.ar\/principal\/wp-content\/uploads\/2015\/12\/Abrile-2015Villa-Abrile-2015078.jpg 620w, https:\/\/www.hoymercedes.com.ar\/principal\/wp-content\/uploads\/2015\/12\/Abrile-2015Villa-Abrile-2015078-150x100.jpg 150w, https:\/\/www.hoymercedes.com.ar\/principal\/wp-content\/uploads\/2015\/12\/Abrile-2015Villa-Abrile-2015078-300x200.jpg 300w\" sizes=\"auto, (max-width: 620px) 100vw, 620px\" \/><\/p>\n<p><img loading=\"lazy\" decoding=\"async\" data-attachment-id=\"46653\" data-permalink=\"https:\/\/www.hoymercedes.com.ar\/principal\/2015\/12\/30\/gran-despedida-del-ano-en-el-hogar-villa-abrile-con-danza-musica-y-payasos\/abrile-2015villa-abrile-2015014-2\/#main\" data-orig-file=\"https:\/\/www.hoymercedes.com.ar\/principal\/wp-content\/uploads\/2015\/12\/Abrile-2015Villa-Abrile-2015014-1.jpg\" data-orig-size=\"620,412\" data-comments-opened=\"1\" data-image-meta=\"{&quot;aperture&quot;:&quot;0&quot;,&quot;credit&quot;:&quot;&quot;,&quot;camera&quot;:&quot;&quot;,&quot;caption&quot;:&quot;&quot;,&quot;created_timestamp&quot;:&quot;0&quot;,&quot;copyright&quot;:&quot;&quot;,&quot;focal_length&quot;:&quot;0&quot;,&quot;iso&quot;:&quot;0&quot;,&quot;shutter_speed&quot;:&quot;0&quot;,&quot;title&quot;:&quot;&quot;,&quot;orientation&quot;:&quot;0&quot;}\" data-image-title=\"Abrile-2015Villa Abrile &amp;#8211; 2015014\" data-image-description=\"\" data-image-caption=\"\" data-large-file=\"https:\/\/www.hoymercedes.com.ar\/principal\/wp-content\/uploads\/2015\/12\/Abrile-2015Villa-Abrile-2015014-1.jpg\" class=\"aligncenter size-full wp-image-46653\" src=\"https:\/\/www.hoymercedes.com.ar\/principal\/wp-content\/uploads\/2015\/12\/Abrile-2015Villa-Abrile-2015014-1.jpg\" alt=\"Abrile-2015Villa Abrile - 2015014\" width=\"620\" height=\"412\" srcset=\"https:\/\/www.hoymercedes.com.ar\/principal\/wp-content\/uploads\/2015\/12\/Abrile-2015Villa-Abrile-2015014-1.jpg 620w, https:\/\/www.hoymercedes.com.ar\/principal\/wp-content\/uploads\/2015\/12\/Abrile-2015Villa-Abrile-2015014-1-150x100.jpg 150w, https:\/\/www.hoymercedes.com.ar\/principal\/wp-content\/uploads\/2015\/12\/Abrile-2015Villa-Abrile-2015014-1-300x200.jpg 300w\" sizes=\"auto, (max-width: 620px) 100vw, 620px\" \/><\/p>\n<p><img loading=\"lazy\" decoding=\"async\" data-attachment-id=\"46654\" data-permalink=\"https:\/\/www.hoymercedes.com.ar\/principal\/2015\/12\/30\/gran-despedida-del-ano-en-el-hogar-villa-abrile-con-danza-musica-y-payasos\/abrile-2015villa-abrile-2015021\/#main\" data-orig-file=\"https:\/\/www.hoymercedes.com.ar\/principal\/wp-content\/uploads\/2015\/12\/Abrile-2015Villa-Abrile-2015021.jpg\" data-orig-size=\"620,412\" data-comments-opened=\"1\" data-image-meta=\"{&quot;aperture&quot;:&quot;0&quot;,&quot;credit&quot;:&quot;&quot;,&quot;camera&quot;:&quot;&quot;,&quot;caption&quot;:&quot;&quot;,&quot;created_timestamp&quot;:&quot;0&quot;,&quot;copyright&quot;:&quot;&quot;,&quot;focal_length&quot;:&quot;0&quot;,&quot;iso&quot;:&quot;0&quot;,&quot;shutter_speed&quot;:&quot;0&quot;,&quot;title&quot;:&quot;&quot;,&quot;orientation&quot;:&quot;0&quot;}\" data-image-title=\"Abrile-2015Villa Abrile &amp;#8211; 2015021\" data-image-description=\"\" data-image-caption=\"\" data-large-file=\"https:\/\/www.hoymercedes.com.ar\/principal\/wp-content\/uploads\/2015\/12\/Abrile-2015Villa-Abrile-2015021.jpg\" class=\"aligncenter size-full wp-image-46654\" src=\"https:\/\/www.hoymercedes.com.ar\/principal\/wp-content\/uploads\/2015\/12\/Abrile-2015Villa-Abrile-2015021.jpg\" alt=\"Abrile-2015Villa Abrile - 2015021\" width=\"620\" height=\"412\" srcset=\"https:\/\/www.hoymercedes.com.ar\/principal\/wp-content\/uploads\/2015\/12\/Abrile-2015Villa-Abrile-2015021.jpg 620w, https:\/\/www.hoymercedes.com.ar\/principal\/wp-content\/uploads\/2015\/12\/Abrile-2015Villa-Abrile-2015021-150x100.jpg 150w, https:\/\/www.hoymercedes.com.ar\/principal\/wp-content\/uploads\/2015\/12\/Abrile-2015Villa-Abrile-2015021-300x200.jpg 300w\" sizes=\"auto, (max-width: 620px) 100vw, 620px\" \/><\/p>\n<p><img loading=\"lazy\" decoding=\"async\" data-attachment-id=\"46655\" data-permalink=\"https:\/\/www.hoymercedes.com.ar\/principal\/2015\/12\/30\/gran-despedida-del-ano-en-el-hogar-villa-abrile-con-danza-musica-y-payasos\/abrile-2015villa-abrile-2015082\/#main\" data-orig-file=\"https:\/\/www.hoymercedes.com.ar\/principal\/wp-content\/uploads\/2015\/12\/Abrile-2015Villa-Abrile-2015082.jpg\" data-orig-size=\"620,412\" data-comments-opened=\"1\" data-image-meta=\"{&quot;aperture&quot;:&quot;0&quot;,&quot;credit&quot;:&quot;&quot;,&quot;camera&quot;:&quot;&quot;,&quot;caption&quot;:&quot;&quot;,&quot;created_timestamp&quot;:&quot;0&quot;,&quot;copyright&quot;:&quot;&quot;,&quot;focal_length&quot;:&quot;0&quot;,&quot;iso&quot;:&quot;0&quot;,&quot;shutter_speed&quot;:&quot;0&quot;,&quot;title&quot;:&quot;&quot;,&quot;orientation&quot;:&quot;0&quot;}\" data-image-title=\"Abrile-2015Villa Abrile &amp;#8211; 2015082\" data-image-description=\"\" data-image-caption=\"\" data-large-file=\"https:\/\/www.hoymercedes.com.ar\/principal\/wp-content\/uploads\/2015\/12\/Abrile-2015Villa-Abrile-2015082.jpg\" class=\"aligncenter size-full wp-image-46655\" src=\"https:\/\/www.hoymercedes.com.ar\/principal\/wp-content\/uploads\/2015\/12\/Abrile-2015Villa-Abrile-2015082.jpg\" alt=\"Abrile-2015Villa Abrile - 2015082\" width=\"620\" height=\"412\" srcset=\"https:\/\/www.hoymercedes.com.ar\/principal\/wp-content\/uploads\/2015\/12\/Abrile-2015Villa-Abrile-2015082.jpg 620w, https:\/\/www.hoymercedes.com.ar\/principal\/wp-content\/uploads\/2015\/12\/Abrile-2015Villa-Abrile-2015082-150x100.jpg 150w, https:\/\/www.hoymercedes.com.ar\/principal\/wp-content\/uploads\/2015\/12\/Abrile-2015Villa-Abrile-2015082-300x200.jpg 300w\" sizes=\"auto, (max-width: 620px) 100vw, 620px\" \/><\/p>\n<p>&nbsp;<\/p>\n<p><img loading=\"lazy\" decoding=\"async\" data-attachment-id=\"46657\" data-permalink=\"https:\/\/www.hoymercedes.com.ar\/principal\/2015\/12\/30\/gran-despedida-del-ano-en-el-hogar-villa-abrile-con-danza-musica-y-payasos\/abrile-2015villa-abrile-2015123\/#main\" data-orig-file=\"https:\/\/www.hoymercedes.com.ar\/principal\/wp-content\/uploads\/2015\/12\/Abrile-2015Villa-Abrile-2015123.jpg\" data-orig-size=\"620,412\" data-comments-opened=\"1\" data-image-meta=\"{&quot;aperture&quot;:&quot;0&quot;,&quot;credit&quot;:&quot;&quot;,&quot;camera&quot;:&quot;&quot;,&quot;caption&quot;:&quot;&quot;,&quot;created_timestamp&quot;:&quot;0&quot;,&quot;copyright&quot;:&quot;&quot;,&quot;focal_length&quot;:&quot;0&quot;,&quot;iso&quot;:&quot;0&quot;,&quot;shutter_speed&quot;:&quot;0&quot;,&quot;title&quot;:&quot;&quot;,&quot;orientation&quot;:&quot;0&quot;}\" data-image-title=\"Abrile-2015Villa Abrile &amp;#8211; 2015123\" data-image-description=\"\" data-image-caption=\"\" data-large-file=\"https:\/\/www.hoymercedes.com.ar\/principal\/wp-content\/uploads\/2015\/12\/Abrile-2015Villa-Abrile-2015123.jpg\" class=\"aligncenter size-full wp-image-46657\" src=\"https:\/\/www.hoymercedes.com.ar\/principal\/wp-content\/uploads\/2015\/12\/Abrile-2015Villa-Abrile-2015123.jpg\" alt=\"Abrile-2015Villa Abrile - 2015123\" width=\"620\" height=\"412\" srcset=\"https:\/\/www.hoymercedes.com.ar\/principal\/wp-content\/uploads\/2015\/12\/Abrile-2015Villa-Abrile-2015123.jpg 620w, https:\/\/www.hoymercedes.com.ar\/principal\/wp-content\/uploads\/2015\/12\/Abrile-2015Villa-Abrile-2015123-150x100.jpg 150w, https:\/\/www.hoymercedes.com.ar\/principal\/wp-content\/uploads\/2015\/12\/Abrile-2015Villa-Abrile-2015123-300x200.jpg 300w\" sizes=\"auto, (max-width: 620px) 100vw, 620px\" \/><\/p>\n<p><img loading=\"lazy\" decoding=\"async\" data-attachment-id=\"46658\" data-permalink=\"https:\/\/www.hoymercedes.com.ar\/principal\/2015\/12\/30\/gran-despedida-del-ano-en-el-hogar-villa-abrile-con-danza-musica-y-payasos\/abrile-2015villa-abrile-2015146\/#main\" data-orig-file=\"https:\/\/www.hoymercedes.com.ar\/principal\/wp-content\/uploads\/2015\/12\/Abrile-2015Villa-Abrile-2015146.jpg\" data-orig-size=\"620,412\" data-comments-opened=\"1\" data-image-meta=\"{&quot;aperture&quot;:&quot;0&quot;,&quot;credit&quot;:&quot;&quot;,&quot;camera&quot;:&quot;&quot;,&quot;caption&quot;:&quot;&quot;,&quot;created_timestamp&quot;:&quot;0&quot;,&quot;copyright&quot;:&quot;&quot;,&quot;focal_length&quot;:&quot;0&quot;,&quot;iso&quot;:&quot;0&quot;,&quot;shutter_speed&quot;:&quot;0&quot;,&quot;title&quot;:&quot;&quot;,&quot;orientation&quot;:&quot;0&quot;}\" data-image-title=\"Abrile-2015Villa Abrile &amp;#8211; 2015146\" data-image-description=\"\" data-image-caption=\"\" data-large-file=\"https:\/\/www.hoymercedes.com.ar\/principal\/wp-content\/uploads\/2015\/12\/Abrile-2015Villa-Abrile-2015146.jpg\" class=\"aligncenter size-full wp-image-46658\" src=\"https:\/\/www.hoymercedes.com.ar\/principal\/wp-content\/uploads\/2015\/12\/Abrile-2015Villa-Abrile-2015146.jpg\" alt=\"Abrile-2015Villa Abrile - 2015146\" width=\"620\" height=\"412\" srcset=\"https:\/\/www.hoymercedes.com.ar\/principal\/wp-content\/uploads\/2015\/12\/Abrile-2015Villa-Abrile-2015146.jpg 620w, https:\/\/www.hoymercedes.com.ar\/principal\/wp-content\/uploads\/2015\/12\/Abrile-2015Villa-Abrile-2015146-150x100.jpg 150w, https:\/\/www.hoymercedes.com.ar\/principal\/wp-content\/uploads\/2015\/12\/Abrile-2015Villa-Abrile-2015146-300x200.jpg 300w\" sizes=\"auto, (max-width: 620px) 100vw, 620px\" \/><\/p>\n","protected":false},"excerpt":{"rendered":"<p>En la tarde de \u00e9ste martes se llev\u00f3 a cabo la tradicional despedida del a\u00f1o del Hogar Villa Abrile. Danzas &#8230; <a title=\"Gran despedida del a\u00f1o en el \u201cHogar Villa Abrile\u201d con danza, m\u00fasica y payasos\" class=\"read-more\" href=\"https:\/\/www.hoymercedes.com.ar\/principal\/2015\/12\/30\/gran-despedida-del-ano-en-el-hogar-villa-abrile-con-danza-musica-y-payasos\/\" aria-label=\"Leer m\u00e1s sobre Gran despedida del a\u00f1o en el \u201cHogar Villa Abrile\u201d con danza, m\u00fasica y payasos\">Leer m\u00e1s<\/a><\/p>\n","protected":false},"author":1,"featured_media":46653,"comment_status":"open","ping_status":"open","sticky":false,"template":"","format":"standard","meta":{"_monsterinsights_skip_tracking":false,"_monsterinsights_sitenote_active":false,"_monsterinsights_sitenote_note":"","_monsterinsights_sitenote_category":0,"jetpack_post_was_ever_published":false,"_jetpack_newsletter_access":"","_jetpack_dont_email_post_to_subs":false,"_jetpack_newsletter_tier_id":0,"_jetpack_memberships_contains_paywalled_content":false,"_jetpack_memberships_contains_paid_content":false,"footnotes":"","jetpack_publicize_message":"","jetpack_publicize_feature_enabled":true,"jetpack_social_post_already_shared":true,"jetpack_social_options":{"image_generator_settings":{"template":"highway","default_image_id":0,"font":"","enabled":false},"version":2},"_wpas_customize_per_network":false},"categories":[8],"tags":[272,3093,585,3810,8362,2834,8361],"class_list":["post-46650","post","type-post","status-publish","format-standard","has-post-thumbnail","hentry","category-sociedad","tag-fernanda-ottolini","tag-hogar-villa-abrile","tag-juan-ustarroz","tag-matias-dematei","tag-noelia-gollo","tag-oscar-albini","tag-victoria-o-dell","generate-columns","tablet-grid-50","mobile-grid-100","grid-parent","grid-50"],"jetpack_publicize_connections":[],"jetpack_featured_media_url":"https:\/\/www.hoymercedes.com.ar\/principal\/wp-content\/uploads\/2015\/12\/Abrile-2015Villa-Abrile-2015014-1.jpg","wps_subtitle":"Fiesta para todos...","jetpack_sharing_enabled":true,"_links":{"self":[{"href":"https:\/\/www.hoymercedes.com.ar\/principal\/wp-json\/wp\/v2\/posts\/46650","targetHints":{"allow":["GET"]}}],"collection":[{"href":"https:\/\/www.hoymercedes.com.ar\/principal\/wp-json\/wp\/v2\/posts"}],"about":[{"href":"https:\/\/www.hoymercedes.com.ar\/principal\/wp-json\/wp\/v2\/types\/post"}],"author":[{"embeddable":true,"href":"https:\/\/www.hoymercedes.com.ar\/principal\/wp-json\/wp\/v2\/users\/1"}],"replies":[{"embeddable":true,"href":"https:\/\/www.hoymercedes.com.ar\/principal\/wp-json\/wp\/v2\/comments?post=46650"}],"version-history":[{"count":0,"href":"https:\/\/www.hoymercedes.com.ar\/principal\/wp-json\/wp\/v2\/posts\/46650\/revisions"}],"wp:featuredmedia":[{"embeddable":true,"href":"https:\/\/www.hoymercedes.com.ar\/principal\/wp-json\/wp\/v2\/media\/46653"}],"wp:attachment":[{"href":"https:\/\/www.hoymercedes.com.ar\/principal\/wp-json\/wp\/v2\/media?parent=46650"}],"wp:term":[{"taxonomy":"category","embeddable":true,"href":"https:\/\/www.hoymercedes.com.ar\/principal\/wp-json\/wp\/v2\/categories?post=46650"},{"taxonomy":"post_tag","embeddable":true,"href":"https:\/\/www.hoymercedes.com.ar\/principal\/wp-json\/wp\/v2\/tags?post=46650"}],"curies":[{"name":"wp","href":"https:\/\/api.w.org\/{rel}","templated":true}]}}