{"id":46674,"date":"2015-12-31T21:18:45","date_gmt":"2016-01-01T00:18:45","guid":{"rendered":"http:\/\/www.hoymercedes.com.ar\/principal\/?p=46674"},"modified":"2016-01-02T15:59:07","modified_gmt":"2016-01-02T18:59:07","slug":"ataque-en-patota-detenciones-y-destacado-operativo-policial","status":"publish","type":"post","link":"https:\/\/www.hoymercedes.com.ar\/principal\/2015\/12\/31\/ataque-en-patota-detenciones-y-destacado-operativo-policial\/","title":{"rendered":"Ataque en patota, detenciones y destacado operativo policial"},"content":{"rendered":"<figure id=\"attachment_46675\" aria-describedby=\"caption-attachment-46675\" style=\"width: 610px\" class=\"wp-caption aligncenter\"><img loading=\"lazy\" decoding=\"async\" data-attachment-id=\"46675\" data-permalink=\"https:\/\/www.hoymercedes.com.ar\/principal\/2015\/12\/31\/ataque-en-patota-detenciones-y-destacado-operativo-policial\/operativo-30-12-2015operativo-30-12-2015dsc_0151\/#main\" data-orig-file=\"https:\/\/www.hoymercedes.com.ar\/principal\/wp-content\/uploads\/2015\/12\/operativo-30.12.2015operativo-30.12.2015DSC_0151.jpg\" data-orig-size=\"620,412\" data-comments-opened=\"1\" data-image-meta=\"{&quot;aperture&quot;:&quot;0&quot;,&quot;credit&quot;:&quot;&quot;,&quot;camera&quot;:&quot;&quot;,&quot;caption&quot;:&quot;&quot;,&quot;created_timestamp&quot;:&quot;1451583303&quot;,&quot;copyright&quot;:&quot;&quot;,&quot;focal_length&quot;:&quot;0&quot;,&quot;iso&quot;:&quot;0&quot;,&quot;shutter_speed&quot;:&quot;0&quot;,&quot;title&quot;:&quot;&quot;,&quot;orientation&quot;:&quot;0&quot;}\" data-image-title=\"operativo-30.12.2015operativo-30.12.2015DSC_0151\" data-image-description=\"\" data-image-caption=\"\" data-large-file=\"https:\/\/www.hoymercedes.com.ar\/principal\/wp-content\/uploads\/2015\/12\/operativo-30.12.2015operativo-30.12.2015DSC_0151.jpg\" class=\"wp-image-46675 size-full\" src=\"https:\/\/www.hoymercedes.com.ar\/principal\/wp-content\/uploads\/2015\/12\/operativo-30.12.2015operativo-30.12.2015DSC_0151.jpg\" alt=\"operativo-30.12.2015operativo-30.12.2015DSC_0151\" width=\"620\" height=\"412\" srcset=\"https:\/\/www.hoymercedes.com.ar\/principal\/wp-content\/uploads\/2015\/12\/operativo-30.12.2015operativo-30.12.2015DSC_0151.jpg 620w, https:\/\/www.hoymercedes.com.ar\/principal\/wp-content\/uploads\/2015\/12\/operativo-30.12.2015operativo-30.12.2015DSC_0151-150x100.jpg 150w, https:\/\/www.hoymercedes.com.ar\/principal\/wp-content\/uploads\/2015\/12\/operativo-30.12.2015operativo-30.12.2015DSC_0151-300x200.jpg 300w\" sizes=\"auto, (max-width: 620px) 100vw, 620px\" \/><figcaption id=\"caption-attachment-46675\" class=\"wp-caption-text\">Operativo policial<\/figcaption><\/figure>\n<p><strong>Un impresi\u00f3nate hecho policial se vivi\u00f3 durante la tarde de \u00e9sta jueves cuando un grupo de j\u00f3venes mercedinos, entre menores y mayores, atac\u00f3 a otro. Se estima seg\u00fan testigos que fue un enfrentamiento de cerca de\u00a0 60 contra otros 8 que estaban en una vivienda particular. Un hombre de alrededor de 50 a\u00f1os habr\u00eda sido agredido y golpeado por la patota.<\/strong><\/p>\n<p>La polic\u00eda logr\u00f3 detener a una importante cantidad los j\u00f3venes indicados como los agresores, pero no a todos dado que varios lograron huir, sostuvo una joven en el lugar del hecho.<\/p>\n<p>Las detenciones se realizaron en avenida 30 esquina 21. Se estima habr\u00e1 diferentes tratamiento dado que no es lo mismo un menor que un mayor de edad.<\/p>\n<p><img loading=\"lazy\" decoding=\"async\" data-attachment-id=\"46676\" data-permalink=\"https:\/\/www.hoymercedes.com.ar\/principal\/2015\/12\/31\/ataque-en-patota-detenciones-y-destacado-operativo-policial\/operativo-30-12-2015operativo-30-12-2015dsc_0154\/#main\" data-orig-file=\"https:\/\/www.hoymercedes.com.ar\/principal\/wp-content\/uploads\/2015\/12\/operativo-30.12.2015operativo-30.12.2015DSC_0154.jpg\" data-orig-size=\"620,412\" data-comments-opened=\"1\" data-image-meta=\"{&quot;aperture&quot;:&quot;0&quot;,&quot;credit&quot;:&quot;&quot;,&quot;camera&quot;:&quot;&quot;,&quot;caption&quot;:&quot;&quot;,&quot;created_timestamp&quot;:&quot;0&quot;,&quot;copyright&quot;:&quot;&quot;,&quot;focal_length&quot;:&quot;0&quot;,&quot;iso&quot;:&quot;0&quot;,&quot;shutter_speed&quot;:&quot;0&quot;,&quot;title&quot;:&quot;&quot;,&quot;orientation&quot;:&quot;0&quot;}\" data-image-title=\"operativo-30.12.2015operativo-30.12.2015DSC_0154\" data-image-description=\"\" data-image-caption=\"\" data-large-file=\"https:\/\/www.hoymercedes.com.ar\/principal\/wp-content\/uploads\/2015\/12\/operativo-30.12.2015operativo-30.12.2015DSC_0154.jpg\" class=\"aligncenter size-full wp-image-46676\" src=\"https:\/\/www.hoymercedes.com.ar\/principal\/wp-content\/uploads\/2015\/12\/operativo-30.12.2015operativo-30.12.2015DSC_0154.jpg\" alt=\"operativo-30.12.2015operativo-30.12.2015DSC_0154\" width=\"620\" height=\"412\" srcset=\"https:\/\/www.hoymercedes.com.ar\/principal\/wp-content\/uploads\/2015\/12\/operativo-30.12.2015operativo-30.12.2015DSC_0154.jpg 620w, https:\/\/www.hoymercedes.com.ar\/principal\/wp-content\/uploads\/2015\/12\/operativo-30.12.2015operativo-30.12.2015DSC_0154-150x100.jpg 150w, https:\/\/www.hoymercedes.com.ar\/principal\/wp-content\/uploads\/2015\/12\/operativo-30.12.2015operativo-30.12.2015DSC_0154-300x200.jpg 300w\" sizes=\"auto, (max-width: 620px) 100vw, 620px\" \/><\/p>\n<p>Se observaron momentos de tensi\u00f3n donde algunos de los j\u00f3venes increpaba a los uniformados, seguros de s\u00ed mismo y de su posibilidad de no rendir cuenta ante los polic\u00edas.<\/p>\n<p>En el lugar de las demorar a los j\u00f3venes se vieron 3 motocicletas, 4 camionetas y m\u00e1s de 10 polic\u00edas. Luego 2 veh\u00edculos de control urbano. Tambi\u00e9n polic\u00edas de civil.<\/p>\n<p>En una vivienda de calle 26 entre 11 y 13 un grupo de j\u00f3venes organizaba una fiesta para este inicio de a\u00f1o y sin saberse los motivos que son parte de la investigaci\u00f3n policial un impresionante n\u00famero de j\u00f3venes llega al lugar y se produce la gresca, con revoleo de piedras, botellas y roturas en la vivienda. Gresca que m\u00e1s bien tuvo \u201ctinte de ataque\u201d sostuvo un joven que observaba el operativo.<\/p>\n<p>Extra oficialmente testigos contaban que hay hijos de hombres con importantes cargos en el poder judicial, de apellidos reconocidos, abogados, entre otros vinculados a clubes e instituciones escolares siempre presentes en momentos de tensi\u00f3n y peleas.<\/p>\n<p>El hecho despert\u00f3 la curiosidad de todos los vecinos.<\/p>\n<p>Se esperan confirmaciones oficiales.<\/p>\n<p><img loading=\"lazy\" decoding=\"async\" data-attachment-id=\"46677\" data-permalink=\"https:\/\/www.hoymercedes.com.ar\/principal\/2015\/12\/31\/ataque-en-patota-detenciones-y-destacado-operativo-policial\/operativo-30-12-2015operativo-30-12-2015dsc_0152\/#main\" data-orig-file=\"https:\/\/www.hoymercedes.com.ar\/principal\/wp-content\/uploads\/2015\/12\/operativo-30.12.2015operativo-30.12.2015DSC_0152.jpg\" data-orig-size=\"620,412\" data-comments-opened=\"1\" data-image-meta=\"{&quot;aperture&quot;:&quot;0&quot;,&quot;credit&quot;:&quot;&quot;,&quot;camera&quot;:&quot;&quot;,&quot;caption&quot;:&quot;&quot;,&quot;created_timestamp&quot;:&quot;0&quot;,&quot;copyright&quot;:&quot;&quot;,&quot;focal_length&quot;:&quot;0&quot;,&quot;iso&quot;:&quot;0&quot;,&quot;shutter_speed&quot;:&quot;0&quot;,&quot;title&quot;:&quot;&quot;,&quot;orientation&quot;:&quot;0&quot;}\" data-image-title=\"operativo-30.12.2015operativo-30.12.2015DSC_0152\" data-image-description=\"\" data-image-caption=\"\" data-large-file=\"https:\/\/www.hoymercedes.com.ar\/principal\/wp-content\/uploads\/2015\/12\/operativo-30.12.2015operativo-30.12.2015DSC_0152.jpg\" class=\"aligncenter size-full wp-image-46677\" src=\"https:\/\/www.hoymercedes.com.ar\/principal\/wp-content\/uploads\/2015\/12\/operativo-30.12.2015operativo-30.12.2015DSC_0152.jpg\" alt=\"operativo-30.12.2015operativo-30.12.2015DSC_0152\" width=\"620\" height=\"412\" srcset=\"https:\/\/www.hoymercedes.com.ar\/principal\/wp-content\/uploads\/2015\/12\/operativo-30.12.2015operativo-30.12.2015DSC_0152.jpg 620w, https:\/\/www.hoymercedes.com.ar\/principal\/wp-content\/uploads\/2015\/12\/operativo-30.12.2015operativo-30.12.2015DSC_0152-150x100.jpg 150w, https:\/\/www.hoymercedes.com.ar\/principal\/wp-content\/uploads\/2015\/12\/operativo-30.12.2015operativo-30.12.2015DSC_0152-300x200.jpg 300w\" sizes=\"auto, (max-width: 620px) 100vw, 620px\" \/><\/p>\n<p><img loading=\"lazy\" decoding=\"async\" data-attachment-id=\"46678\" data-permalink=\"https:\/\/www.hoymercedes.com.ar\/principal\/2015\/12\/31\/ataque-en-patota-detenciones-y-destacado-operativo-policial\/operativo-30-12-2015operativo-30-12-2015dsc_0161\/#main\" data-orig-file=\"https:\/\/www.hoymercedes.com.ar\/principal\/wp-content\/uploads\/2015\/12\/operativo-30.12.2015operativo-30.12.2015DSC_0161.jpg\" data-orig-size=\"620,412\" data-comments-opened=\"1\" data-image-meta=\"{&quot;aperture&quot;:&quot;0&quot;,&quot;credit&quot;:&quot;&quot;,&quot;camera&quot;:&quot;&quot;,&quot;caption&quot;:&quot;&quot;,&quot;created_timestamp&quot;:&quot;0&quot;,&quot;copyright&quot;:&quot;&quot;,&quot;focal_length&quot;:&quot;0&quot;,&quot;iso&quot;:&quot;0&quot;,&quot;shutter_speed&quot;:&quot;0&quot;,&quot;title&quot;:&quot;&quot;,&quot;orientation&quot;:&quot;0&quot;}\" data-image-title=\"operativo-30.12.2015operativo-30.12.2015DSC_0161\" data-image-description=\"\" data-image-caption=\"\" data-large-file=\"https:\/\/www.hoymercedes.com.ar\/principal\/wp-content\/uploads\/2015\/12\/operativo-30.12.2015operativo-30.12.2015DSC_0161.jpg\" class=\"aligncenter size-full wp-image-46678\" src=\"https:\/\/www.hoymercedes.com.ar\/principal\/wp-content\/uploads\/2015\/12\/operativo-30.12.2015operativo-30.12.2015DSC_0161.jpg\" alt=\"operativo-30.12.2015operativo-30.12.2015DSC_0161\" width=\"620\" height=\"412\" srcset=\"https:\/\/www.hoymercedes.com.ar\/principal\/wp-content\/uploads\/2015\/12\/operativo-30.12.2015operativo-30.12.2015DSC_0161.jpg 620w, https:\/\/www.hoymercedes.com.ar\/principal\/wp-content\/uploads\/2015\/12\/operativo-30.12.2015operativo-30.12.2015DSC_0161-150x100.jpg 150w, https:\/\/www.hoymercedes.com.ar\/principal\/wp-content\/uploads\/2015\/12\/operativo-30.12.2015operativo-30.12.2015DSC_0161-300x200.jpg 300w\" sizes=\"auto, (max-width: 620px) 100vw, 620px\" \/><\/p>\n<p><img loading=\"lazy\" decoding=\"async\" data-attachment-id=\"46679\" data-permalink=\"https:\/\/www.hoymercedes.com.ar\/principal\/2015\/12\/31\/ataque-en-patota-detenciones-y-destacado-operativo-policial\/operativo-30-12-2015operativo-30-12-2015dsc_0164\/#main\" data-orig-file=\"https:\/\/www.hoymercedes.com.ar\/principal\/wp-content\/uploads\/2015\/12\/operativo-30.12.2015operativo-30.12.2015DSC_0164.jpg\" data-orig-size=\"620,412\" data-comments-opened=\"1\" data-image-meta=\"{&quot;aperture&quot;:&quot;0&quot;,&quot;credit&quot;:&quot;&quot;,&quot;camera&quot;:&quot;&quot;,&quot;caption&quot;:&quot;&quot;,&quot;created_timestamp&quot;:&quot;0&quot;,&quot;copyright&quot;:&quot;&quot;,&quot;focal_length&quot;:&quot;0&quot;,&quot;iso&quot;:&quot;0&quot;,&quot;shutter_speed&quot;:&quot;0&quot;,&quot;title&quot;:&quot;&quot;,&quot;orientation&quot;:&quot;0&quot;}\" data-image-title=\"operativo-30.12.2015operativo-30.12.2015DSC_0164\" data-image-description=\"\" data-image-caption=\"\" data-large-file=\"https:\/\/www.hoymercedes.com.ar\/principal\/wp-content\/uploads\/2015\/12\/operativo-30.12.2015operativo-30.12.2015DSC_0164.jpg\" class=\"aligncenter size-full wp-image-46679\" src=\"https:\/\/www.hoymercedes.com.ar\/principal\/wp-content\/uploads\/2015\/12\/operativo-30.12.2015operativo-30.12.2015DSC_0164.jpg\" alt=\"operativo-30.12.2015operativo-30.12.2015DSC_0164\" width=\"620\" height=\"412\" srcset=\"https:\/\/www.hoymercedes.com.ar\/principal\/wp-content\/uploads\/2015\/12\/operativo-30.12.2015operativo-30.12.2015DSC_0164.jpg 620w, https:\/\/www.hoymercedes.com.ar\/principal\/wp-content\/uploads\/2015\/12\/operativo-30.12.2015operativo-30.12.2015DSC_0164-150x100.jpg 150w, https:\/\/www.hoymercedes.com.ar\/principal\/wp-content\/uploads\/2015\/12\/operativo-30.12.2015operativo-30.12.2015DSC_0164-300x200.jpg 300w\" sizes=\"auto, (max-width: 620px) 100vw, 620px\" \/><\/p>\n<p><img loading=\"lazy\" decoding=\"async\" data-attachment-id=\"46680\" data-permalink=\"https:\/\/www.hoymercedes.com.ar\/principal\/2015\/12\/31\/ataque-en-patota-detenciones-y-destacado-operativo-policial\/operativo-30-12-2015operativo-30-12-2015dsc_0165\/#main\" data-orig-file=\"https:\/\/www.hoymercedes.com.ar\/principal\/wp-content\/uploads\/2015\/12\/operativo-30.12.2015operativo-30.12.2015DSC_0165.jpg\" data-orig-size=\"620,412\" data-comments-opened=\"1\" data-image-meta=\"{&quot;aperture&quot;:&quot;0&quot;,&quot;credit&quot;:&quot;&quot;,&quot;camera&quot;:&quot;&quot;,&quot;caption&quot;:&quot;&quot;,&quot;created_timestamp&quot;:&quot;0&quot;,&quot;copyright&quot;:&quot;&quot;,&quot;focal_length&quot;:&quot;0&quot;,&quot;iso&quot;:&quot;0&quot;,&quot;shutter_speed&quot;:&quot;0&quot;,&quot;title&quot;:&quot;&quot;,&quot;orientation&quot;:&quot;0&quot;}\" data-image-title=\"operativo-30.12.2015operativo-30.12.2015DSC_0165\" data-image-description=\"\" data-image-caption=\"\" data-large-file=\"https:\/\/www.hoymercedes.com.ar\/principal\/wp-content\/uploads\/2015\/12\/operativo-30.12.2015operativo-30.12.2015DSC_0165.jpg\" class=\"aligncenter size-full wp-image-46680\" src=\"https:\/\/www.hoymercedes.com.ar\/principal\/wp-content\/uploads\/2015\/12\/operativo-30.12.2015operativo-30.12.2015DSC_0165.jpg\" alt=\"operativo-30.12.2015operativo-30.12.2015DSC_0165\" width=\"620\" height=\"412\" srcset=\"https:\/\/www.hoymercedes.com.ar\/principal\/wp-content\/uploads\/2015\/12\/operativo-30.12.2015operativo-30.12.2015DSC_0165.jpg 620w, https:\/\/www.hoymercedes.com.ar\/principal\/wp-content\/uploads\/2015\/12\/operativo-30.12.2015operativo-30.12.2015DSC_0165-150x100.jpg 150w, https:\/\/www.hoymercedes.com.ar\/principal\/wp-content\/uploads\/2015\/12\/operativo-30.12.2015operativo-30.12.2015DSC_0165-300x200.jpg 300w\" sizes=\"auto, (max-width: 620px) 100vw, 620px\" \/><\/p>\n<figure id=\"attachment_46681\" aria-describedby=\"caption-attachment-46681\" style=\"width: 610px\" class=\"wp-caption aligncenter\"><img loading=\"lazy\" decoding=\"async\" data-attachment-id=\"46681\" data-permalink=\"https:\/\/www.hoymercedes.com.ar\/principal\/2015\/12\/31\/ataque-en-patota-detenciones-y-destacado-operativo-policial\/operativo-30-12-2015operativo-30-12-2015dsc_0168\/#main\" data-orig-file=\"https:\/\/www.hoymercedes.com.ar\/principal\/wp-content\/uploads\/2015\/12\/operativo-30.12.2015operativo-30.12.2015DSC_0168.jpg\" data-orig-size=\"620,412\" data-comments-opened=\"1\" data-image-meta=\"{&quot;aperture&quot;:&quot;0&quot;,&quot;credit&quot;:&quot;&quot;,&quot;camera&quot;:&quot;&quot;,&quot;caption&quot;:&quot;&quot;,&quot;created_timestamp&quot;:&quot;0&quot;,&quot;copyright&quot;:&quot;&quot;,&quot;focal_length&quot;:&quot;0&quot;,&quot;iso&quot;:&quot;0&quot;,&quot;shutter_speed&quot;:&quot;0&quot;,&quot;title&quot;:&quot;&quot;,&quot;orientation&quot;:&quot;0&quot;}\" data-image-title=\"operativo-30.12.2015operativo-30.12.2015DSC_0168\" data-image-description=\"\" data-image-caption=\"\" data-large-file=\"https:\/\/www.hoymercedes.com.ar\/principal\/wp-content\/uploads\/2015\/12\/operativo-30.12.2015operativo-30.12.2015DSC_0168.jpg\" class=\"wp-image-46681 size-full\" src=\"https:\/\/www.hoymercedes.com.ar\/principal\/wp-content\/uploads\/2015\/12\/operativo-30.12.2015operativo-30.12.2015DSC_0168.jpg\" alt=\"operativo-30.12.2015operativo-30.12.2015DSC_0168\" width=\"620\" height=\"412\" srcset=\"https:\/\/www.hoymercedes.com.ar\/principal\/wp-content\/uploads\/2015\/12\/operativo-30.12.2015operativo-30.12.2015DSC_0168.jpg 620w, https:\/\/www.hoymercedes.com.ar\/principal\/wp-content\/uploads\/2015\/12\/operativo-30.12.2015operativo-30.12.2015DSC_0168-150x100.jpg 150w, https:\/\/www.hoymercedes.com.ar\/principal\/wp-content\/uploads\/2015\/12\/operativo-30.12.2015operativo-30.12.2015DSC_0168-300x200.jpg 300w\" sizes=\"auto, (max-width: 620px) 100vw, 620px\" \/><figcaption id=\"caption-attachment-46681\" class=\"wp-caption-text\">Lugar donde se produce el ataque<\/figcaption><\/figure>\n","protected":false},"excerpt":{"rendered":"<p>Un impresi\u00f3nate hecho policial se vivi\u00f3 durante la tarde de \u00e9sta jueves cuando un grupo de j\u00f3venes mercedinos, entre menores &#8230; <a title=\"Ataque en patota, detenciones y destacado operativo policial\" class=\"read-more\" href=\"https:\/\/www.hoymercedes.com.ar\/principal\/2015\/12\/31\/ataque-en-patota-detenciones-y-destacado-operativo-policial\/\" aria-label=\"Leer m\u00e1s sobre Ataque en patota, detenciones y destacado operativo policial\">Leer m\u00e1s<\/a><\/p>\n","protected":false},"author":1,"featured_media":46675,"comment_status":"open","ping_status":"open","sticky":false,"template":"","format":"standard","meta":{"_monsterinsights_skip_tracking":false,"_monsterinsights_sitenote_active":false,"_monsterinsights_sitenote_note":"","_monsterinsights_sitenote_category":0,"jetpack_post_was_ever_published":false,"_jetpack_newsletter_access":"","_jetpack_dont_email_post_to_subs":false,"_jetpack_newsletter_tier_id":0,"_jetpack_memberships_contains_paywalled_content":false,"_jetpack_memberships_contains_paid_content":false,"footnotes":"","jetpack_publicize_message":"","jetpack_publicize_feature_enabled":true,"jetpack_social_post_already_shared":true,"jetpack_social_options":{"image_generator_settings":{"template":"highway","default_image_id":0,"font":"","enabled":false},"version":2},"_wpas_customize_per_network":false},"categories":[85],"tags":[8367,8366],"class_list":["post-46674","post","type-post","status-publish","format-standard","has-post-thumbnail","hentry","category-policial","tag-detencion-de-menores","tag-pelea-en-pleno-centro","generate-columns","tablet-grid-50","mobile-grid-100","grid-parent","grid-50"],"jetpack_publicize_connections":[],"jetpack_featured_media_url":"https:\/\/www.hoymercedes.com.ar\/principal\/wp-content\/uploads\/2015\/12\/operativo-30.12.2015operativo-30.12.2015DSC_0151.jpg","wps_subtitle":"\u00daltimo d\u00eda del a\u00f1o","jetpack_sharing_enabled":true,"_links":{"self":[{"href":"https:\/\/www.hoymercedes.com.ar\/principal\/wp-json\/wp\/v2\/posts\/46674","targetHints":{"allow":["GET"]}}],"collection":[{"href":"https:\/\/www.hoymercedes.com.ar\/principal\/wp-json\/wp\/v2\/posts"}],"about":[{"href":"https:\/\/www.hoymercedes.com.ar\/principal\/wp-json\/wp\/v2\/types\/post"}],"author":[{"embeddable":true,"href":"https:\/\/www.hoymercedes.com.ar\/principal\/wp-json\/wp\/v2\/users\/1"}],"replies":[{"embeddable":true,"href":"https:\/\/www.hoymercedes.com.ar\/principal\/wp-json\/wp\/v2\/comments?post=46674"}],"version-history":[{"count":0,"href":"https:\/\/www.hoymercedes.com.ar\/principal\/wp-json\/wp\/v2\/posts\/46674\/revisions"}],"wp:featuredmedia":[{"embeddable":true,"href":"https:\/\/www.hoymercedes.com.ar\/principal\/wp-json\/wp\/v2\/media\/46675"}],"wp:attachment":[{"href":"https:\/\/www.hoymercedes.com.ar\/principal\/wp-json\/wp\/v2\/media?parent=46674"}],"wp:term":[{"taxonomy":"category","embeddable":true,"href":"https:\/\/www.hoymercedes.com.ar\/principal\/wp-json\/wp\/v2\/categories?post=46674"},{"taxonomy":"post_tag","embeddable":true,"href":"https:\/\/www.hoymercedes.com.ar\/principal\/wp-json\/wp\/v2\/tags?post=46674"}],"curies":[{"name":"wp","href":"https:\/\/api.w.org\/{rel}","templated":true}]}}