{"id":46698,"date":"2016-01-02T15:31:11","date_gmt":"2016-01-02T18:31:11","guid":{"rendered":"http:\/\/www.hoymercedes.com.ar\/principal\/?p=46698"},"modified":"2016-01-02T15:31:11","modified_gmt":"2016-01-02T18:31:11","slug":"el-intendente-ustarroz-presente-en-la-puesta-en-funciones-del-nuevo-director-de-la-unidad-5","status":"publish","type":"post","link":"https:\/\/www.hoymercedes.com.ar\/principal\/2016\/01\/02\/el-intendente-ustarroz-presente-en-la-puesta-en-funciones-del-nuevo-director-de-la-unidad-5\/","title":{"rendered":"El intendente Ustarroz presente en la puesta en funciones del nuevo Director de la Unidad 5"},"content":{"rendered":"<p><img loading=\"lazy\" decoding=\"async\" data-attachment-id=\"46699\" data-permalink=\"https:\/\/www.hoymercedes.com.ar\/principal\/2016\/01\/02\/el-intendente-ustarroz-presente-en-la-puesta-en-funciones-del-nuevo-director-de-la-unidad-5\/ustarroz-cosetino\/#main\" data-orig-file=\"https:\/\/www.hoymercedes.com.ar\/principal\/wp-content\/uploads\/2016\/01\/ustarroz-cosetino.jpg\" data-orig-size=\"620,414\" data-comments-opened=\"1\" data-image-meta=\"{&quot;aperture&quot;:&quot;0&quot;,&quot;credit&quot;:&quot;&quot;,&quot;camera&quot;:&quot;&quot;,&quot;caption&quot;:&quot;&quot;,&quot;created_timestamp&quot;:&quot;0&quot;,&quot;copyright&quot;:&quot;&quot;,&quot;focal_length&quot;:&quot;0&quot;,&quot;iso&quot;:&quot;0&quot;,&quot;shutter_speed&quot;:&quot;0&quot;,&quot;title&quot;:&quot;&quot;,&quot;orientation&quot;:&quot;0&quot;}\" data-image-title=\"ustarroz-cosetino\" data-image-description=\"\" data-image-caption=\"\" data-large-file=\"https:\/\/www.hoymercedes.com.ar\/principal\/wp-content\/uploads\/2016\/01\/ustarroz-cosetino.jpg\" class=\"aligncenter size-full wp-image-46699\" src=\"https:\/\/www.hoymercedes.com.ar\/principal\/wp-content\/uploads\/2016\/01\/ustarroz-cosetino.jpg\" alt=\"ustarroz-cosetino\" width=\"620\" height=\"414\" srcset=\"https:\/\/www.hoymercedes.com.ar\/principal\/wp-content\/uploads\/2016\/01\/ustarroz-cosetino.jpg 620w, https:\/\/www.hoymercedes.com.ar\/principal\/wp-content\/uploads\/2016\/01\/ustarroz-cosetino-150x100.jpg 150w, https:\/\/www.hoymercedes.com.ar\/principal\/wp-content\/uploads\/2016\/01\/ustarroz-cosetino-300x200.jpg 300w\" sizes=\"auto, (max-width: 620px) 100vw, 620px\" \/><br \/>\n<strong>El Ministro de Justicia bonaerense Carlos Mahiques visit\u00f3 la ciudad de Mercedes en las \u00faltimas horas para poner en funciones al nuevo titular de la Unidad Penitenciaria Bonaerense N\u00ba 5 Adolfo Rafael Cersosimo.<\/strong><\/p>\n<p>En dicho acto estuvo presente el intendente de la ciudad de Mercedes el Dr. Juan Ignacio Ustarroz quien en la oportunidad agradeci\u00f3 las gestiones realizadas por el Ministro de traer ba\u00f1os qu\u00edmicos para las visitas que a diario recibe la unidad. \u00abNosotros le hab\u00edamos pedido al ministro los ba\u00f1os porque era un reclamo que los vecinos del barrio San Jos\u00e9 ven\u00edan pidiendo hace mucho tiempo y por otro lado porque las visitas de los internos tambi\u00e9n necesitaban tener de ba\u00f1os qu\u00edmicos ya que pasan varias horas en este lugar. Estoy agradecido de que el ministro Mahiques nos haya escuchado y que podamos traer soluciones a temas tan importantes para Mercedes\u00bb.<\/p>\n<figure id=\"attachment_46700\" aria-describedby=\"caption-attachment-46700\" style=\"width: 610px\" class=\"wp-caption aligncenter\"><img loading=\"lazy\" decoding=\"async\" data-attachment-id=\"46700\" data-permalink=\"https:\/\/www.hoymercedes.com.ar\/principal\/2016\/01\/02\/el-intendente-ustarroz-presente-en-la-puesta-en-funciones-del-nuevo-director-de-la-unidad-5\/mahiques-ustarroz-cosetino\/#main\" data-orig-file=\"https:\/\/www.hoymercedes.com.ar\/principal\/wp-content\/uploads\/2016\/01\/mahiques-ustarroz-cosetino.jpg\" data-orig-size=\"620,414\" data-comments-opened=\"1\" data-image-meta=\"{&quot;aperture&quot;:&quot;0&quot;,&quot;credit&quot;:&quot;&quot;,&quot;camera&quot;:&quot;&quot;,&quot;caption&quot;:&quot;&quot;,&quot;created_timestamp&quot;:&quot;0&quot;,&quot;copyright&quot;:&quot;&quot;,&quot;focal_length&quot;:&quot;0&quot;,&quot;iso&quot;:&quot;0&quot;,&quot;shutter_speed&quot;:&quot;0&quot;,&quot;title&quot;:&quot;&quot;,&quot;orientation&quot;:&quot;0&quot;}\" data-image-title=\"mahiques-ustarroz-cosetino\" data-image-description=\"\" data-image-caption=\"\" data-large-file=\"https:\/\/www.hoymercedes.com.ar\/principal\/wp-content\/uploads\/2016\/01\/mahiques-ustarroz-cosetino.jpg\" class=\"wp-image-46700 size-full\" src=\"https:\/\/www.hoymercedes.com.ar\/principal\/wp-content\/uploads\/2016\/01\/mahiques-ustarroz-cosetino.jpg\" alt=\"mahiques-ustarroz-cosetino\" width=\"620\" height=\"414\" srcset=\"https:\/\/www.hoymercedes.com.ar\/principal\/wp-content\/uploads\/2016\/01\/mahiques-ustarroz-cosetino.jpg 620w, https:\/\/www.hoymercedes.com.ar\/principal\/wp-content\/uploads\/2016\/01\/mahiques-ustarroz-cosetino-150x100.jpg 150w, https:\/\/www.hoymercedes.com.ar\/principal\/wp-content\/uploads\/2016\/01\/mahiques-ustarroz-cosetino-300x200.jpg 300w\" sizes=\"auto, (max-width: 620px) 100vw, 620px\" \/><figcaption id=\"caption-attachment-46700\" class=\"wp-caption-text\">Asunci\u00f3n nuevo Director Unidad N5<\/figcaption><\/figure>\n<p>Por otro lado el ministro Mahiques lleg\u00f3 a la ciudad junto al Jefe del Servicio Penitenciario bonaerense Dr. Fernando D\u00edaz y pusieron en funciones al flamante director de la Unidad Adolfo Rafael Cersosimo quien en di\u00e1logo con el Jefe Comunal de Mercedes se puso a disposici\u00f3n y quedaron en reunirse para trabajar en conjunto desde los pr\u00f3ximos d\u00edas\u00bb.<\/p>\n<p>Acompa\u00f1aron al intendente Ustarroz a este acto el presidente del Honorable Concejo Deliberante Mat\u00edas Dematei y la Secretaria de Control Urbano la Dra. Josefina Kelly.<\/p>\n","protected":false},"excerpt":{"rendered":"<p>El Ministro de Justicia bonaerense Carlos Mahiques visit\u00f3 la ciudad de Mercedes en las \u00faltimas horas para poner en funciones &#8230; <a title=\"El intendente Ustarroz presente en la puesta en funciones del nuevo Director de la Unidad 5\" class=\"read-more\" href=\"https:\/\/www.hoymercedes.com.ar\/principal\/2016\/01\/02\/el-intendente-ustarroz-presente-en-la-puesta-en-funciones-del-nuevo-director-de-la-unidad-5\/\" aria-label=\"Leer m\u00e1s sobre El intendente Ustarroz presente en la puesta en funciones del nuevo Director de la Unidad 5\">Leer m\u00e1s<\/a><\/p>\n","protected":false},"author":1,"featured_media":46699,"comment_status":"open","ping_status":"open","sticky":false,"template":"","format":"standard","meta":{"_monsterinsights_skip_tracking":false,"_monsterinsights_sitenote_active":false,"_monsterinsights_sitenote_note":"","_monsterinsights_sitenote_category":0,"jetpack_post_was_ever_published":false,"_jetpack_newsletter_access":"","_jetpack_dont_email_post_to_subs":false,"_jetpack_newsletter_tier_id":0,"_jetpack_memberships_contains_paywalled_content":false,"_jetpack_memberships_contains_paid_content":false,"footnotes":"","jetpack_publicize_message":"","jetpack_publicize_feature_enabled":true,"jetpack_social_post_already_shared":true,"jetpack_social_options":{"image_generator_settings":{"template":"highway","default_image_id":0,"font":"","enabled":false},"version":2},"_wpas_customize_per_network":false},"categories":[8],"tags":[8327,113,424],"class_list":["post-46698","post","type-post","status-publish","format-standard","has-post-thumbnail","hentry","category-sociedad","tag-mahiques","tag-unidad-5","tag-ustarroz","generate-columns","tablet-grid-50","mobile-grid-100","grid-parent","grid-50"],"jetpack_publicize_connections":[],"jetpack_featured_media_url":"https:\/\/www.hoymercedes.com.ar\/principal\/wp-content\/uploads\/2016\/01\/ustarroz-cosetino.jpg","wps_subtitle":"Tras modificiaci\u00f3n de la c\u00fapula","jetpack_sharing_enabled":true,"_links":{"self":[{"href":"https:\/\/www.hoymercedes.com.ar\/principal\/wp-json\/wp\/v2\/posts\/46698","targetHints":{"allow":["GET"]}}],"collection":[{"href":"https:\/\/www.hoymercedes.com.ar\/principal\/wp-json\/wp\/v2\/posts"}],"about":[{"href":"https:\/\/www.hoymercedes.com.ar\/principal\/wp-json\/wp\/v2\/types\/post"}],"author":[{"embeddable":true,"href":"https:\/\/www.hoymercedes.com.ar\/principal\/wp-json\/wp\/v2\/users\/1"}],"replies":[{"embeddable":true,"href":"https:\/\/www.hoymercedes.com.ar\/principal\/wp-json\/wp\/v2\/comments?post=46698"}],"version-history":[{"count":0,"href":"https:\/\/www.hoymercedes.com.ar\/principal\/wp-json\/wp\/v2\/posts\/46698\/revisions"}],"wp:featuredmedia":[{"embeddable":true,"href":"https:\/\/www.hoymercedes.com.ar\/principal\/wp-json\/wp\/v2\/media\/46699"}],"wp:attachment":[{"href":"https:\/\/www.hoymercedes.com.ar\/principal\/wp-json\/wp\/v2\/media?parent=46698"}],"wp:term":[{"taxonomy":"category","embeddable":true,"href":"https:\/\/www.hoymercedes.com.ar\/principal\/wp-json\/wp\/v2\/categories?post=46698"},{"taxonomy":"post_tag","embeddable":true,"href":"https:\/\/www.hoymercedes.com.ar\/principal\/wp-json\/wp\/v2\/tags?post=46698"}],"curies":[{"name":"wp","href":"https:\/\/api.w.org\/{rel}","templated":true}]}}