{"id":46713,"date":"2016-01-04T09:49:32","date_gmt":"2016-01-04T12:49:32","guid":{"rendered":"http:\/\/www.hoymercedes.com.ar\/principal\/?p=46713"},"modified":"2016-01-04T09:50:32","modified_gmt":"2016-01-04T12:50:32","slug":"satisfaccion-en-fomentismo-por-presupuesto-2016","status":"publish","type":"post","link":"https:\/\/www.hoymercedes.com.ar\/principal\/2016\/01\/04\/satisfaccion-en-fomentismo-por-presupuesto-2016\/","title":{"rendered":"Satisfacci\u00f3n en fomentismo por presupuesto 2016"},"content":{"rendered":"<p><strong>El fomentismo de nuestra ciudad expres\u00f3 su satisfacci\u00f3n ante la aprobaci\u00f3n del presupuesto 2016 que incluye un monto para presupuesto participativo con un aumento respecto del a\u00f1o anterior.<\/strong><\/p>\n<p>En una gacetilla de prensa, los fomentista, por medio de uno de sus representantes, Omar Moriconi, expresaron:<\/p>\n<p style=\"padding-left: 30px;\">La realidad nos demuestra que cuando un equipo de trabajo o varias personas con un mismo criterio de trabajo; con una idea clara y concisa de lo que se busca y siempre pensando en el bien de una comunidad o buscar beneficios para toda una Ciudad, \u201cSIEMPRE SE LOGRAN LOS RESULTADOS BUSCADOS\u201d.<\/p>\n<p style=\"padding-left: 30px;\">En septiembre del 2012 el Ex Concejal Jos\u00e9 Luis Ramos presento en el HCD un Ante proyecto de Ordenanza\u00a0 sobre el Presupuesto Participativo (Expte N\u00b0 441\/2012) y no PROSPERO. Acto seguido, el Actual Concejal Jos\u00e9 Cestari (Bloque M.I.C.) realizo una nueva presentaci\u00f3n bajo el Expte N\u00b0 676\/2014 y el cual fuera aprobado por Ordenanza 7587\/2015 por un importe de $ 500.000.-<\/p>\n<p style=\"padding-left: 30px;\">Los Referentes Barriales Omar Moriconi, Carlos Mosso, Mirta Retamozo y Agust\u00edn Passini se propusieron desarrollar algo m\u00e1s completo y que beneficie\u00a0 a todos los Barrios de la Ciudad, por lo cual se trabajaron \u00a0fuertemente en el\u00a0 PRESUPUESTO PARTICIPATIVO \u00a0logrando ingresar el d\u00eda 7\/7\/2015 bajo el Expte: 329\/2015 \u00a0en el HCD otro ante proyecto de Ordenanza sobre el PP, el cual fue adjuntado al Expte N\u00b0 676\/2014 (mencionado en el p\u00e1rrafo anterior).<\/p>\n<p style=\"padding-left: 30px;\">Lo cierto es que despu\u00e9s de la reuni\u00f3n mantenida el d\u00eda 26 de Diciembre entre los Referentes Barriales y los presidentes de Bloques: Carlos Milhomme (Frente Renovador); Jos\u00e9 C\u00e9stari (M.I.C.); Santiago Altube (Fmpv) y Aida \u201cPetty\u201d Laporta (Cambiemos) en ausencia de Oscar Albini y adem\u00e1s la presencia del concejal Cesar Salazar; se logro el consenso sobre su tratamiento, incorporaci\u00f3n y aprobaci\u00f3n en el Presupuesto general, como as\u00ed tambi\u00e9n ampliar el importe asignado.<\/p>\n<p style=\"padding-left: 30px;\">Y llego el d\u00eda de su tratamiento; fue el 30 de diciembre en horas del medio d\u00eda cuando el Concejo deliberante trato el Expediente DE 4821\/2015 donde estaba incluido el nuestro pedido y gracias a \u00a0varios concejales que apoyaron FERVIENTEMEMTE \u00a0y despu\u00e9s de un largo debate se logro CONSENSUAR Y APROBAR \u00a0POR UNANIMIDAD el PRESUPUESTO PARTICIPATIVO por una suma de $ 1.500.000. FELICITAMOS A LOS CONCEJALES por su Excelente Labor, por cumplir con su palabra\u00a0 y\u00a0 por darle a los Mercedinos la posibilidad de participar y poder tomar las decisiones en sus Barrios; y confirmar que trabajando siempre se logran los resultados buscados\u2026.Muchas gracias\u2026!!!!<\/p>\n","protected":false},"excerpt":{"rendered":"<p>El fomentismo de nuestra ciudad expres\u00f3 su satisfacci\u00f3n ante la aprobaci\u00f3n del presupuesto 2016 que incluye un monto para presupuesto &#8230; <a title=\"Satisfacci\u00f3n en fomentismo por presupuesto 2016\" class=\"read-more\" href=\"https:\/\/www.hoymercedes.com.ar\/principal\/2016\/01\/04\/satisfaccion-en-fomentismo-por-presupuesto-2016\/\" aria-label=\"Leer m\u00e1s sobre Satisfacci\u00f3n en fomentismo por presupuesto 2016\">Leer m\u00e1s<\/a><\/p>\n","protected":false},"author":1,"featured_media":46498,"comment_status":"open","ping_status":"open","sticky":false,"template":"","format":"standard","meta":{"_monsterinsights_skip_tracking":false,"_monsterinsights_sitenote_active":false,"_monsterinsights_sitenote_note":"","_monsterinsights_sitenote_category":0,"jetpack_post_was_ever_published":false,"_jetpack_newsletter_access":"","_jetpack_dont_email_post_to_subs":false,"_jetpack_newsletter_tier_id":0,"_jetpack_memberships_contains_paywalled_content":false,"_jetpack_memberships_contains_paid_content":false,"footnotes":"","jetpack_publicize_message":"","jetpack_publicize_feature_enabled":true,"jetpack_social_post_already_shared":true,"jetpack_social_options":{"image_generator_settings":{"template":"highway","default_image_id":0,"font":"","enabled":false},"version":2},"_wpas_customize_per_network":false},"categories":[8],"tags":[236],"class_list":["post-46713","post","type-post","status-publish","format-standard","has-post-thumbnail","hentry","category-sociedad","tag-concejo-deliberante","generate-columns","tablet-grid-50","mobile-grid-100","grid-parent","grid-50"],"jetpack_publicize_connections":[],"jetpack_featured_media_url":"https:\/\/www.hoymercedes.com.ar\/principal\/wp-content\/uploads\/2015\/12\/concejodeliberante-2015-2016-3.jpg","wps_subtitle":"Actividad gremial y barrial","jetpack_sharing_enabled":true,"_links":{"self":[{"href":"https:\/\/www.hoymercedes.com.ar\/principal\/wp-json\/wp\/v2\/posts\/46713","targetHints":{"allow":["GET"]}}],"collection":[{"href":"https:\/\/www.hoymercedes.com.ar\/principal\/wp-json\/wp\/v2\/posts"}],"about":[{"href":"https:\/\/www.hoymercedes.com.ar\/principal\/wp-json\/wp\/v2\/types\/post"}],"author":[{"embeddable":true,"href":"https:\/\/www.hoymercedes.com.ar\/principal\/wp-json\/wp\/v2\/users\/1"}],"replies":[{"embeddable":true,"href":"https:\/\/www.hoymercedes.com.ar\/principal\/wp-json\/wp\/v2\/comments?post=46713"}],"version-history":[{"count":0,"href":"https:\/\/www.hoymercedes.com.ar\/principal\/wp-json\/wp\/v2\/posts\/46713\/revisions"}],"wp:featuredmedia":[{"embeddable":true,"href":"https:\/\/www.hoymercedes.com.ar\/principal\/wp-json\/wp\/v2\/media\/46498"}],"wp:attachment":[{"href":"https:\/\/www.hoymercedes.com.ar\/principal\/wp-json\/wp\/v2\/media?parent=46713"}],"wp:term":[{"taxonomy":"category","embeddable":true,"href":"https:\/\/www.hoymercedes.com.ar\/principal\/wp-json\/wp\/v2\/categories?post=46713"},{"taxonomy":"post_tag","embeddable":true,"href":"https:\/\/www.hoymercedes.com.ar\/principal\/wp-json\/wp\/v2\/tags?post=46713"}],"curies":[{"name":"wp","href":"https:\/\/api.w.org\/{rel}","templated":true}]}}