{"id":4682,"date":"2011-06-01T03:04:39","date_gmt":"2011-06-01T03:04:39","guid":{"rendered":"http:\/\/www.hoymercedes.com.ar\/principal\/?p=4682"},"modified":"2011-06-01T03:13:34","modified_gmt":"2011-06-01T03:13:34","slug":"biglia-convocado-para-la-copa-america","status":"publish","type":"post","link":"https:\/\/www.hoymercedes.com.ar\/principal\/2011\/06\/01\/biglia-convocado-para-la-copa-america\/","title":{"rendered":"Biglia convocado para la Copa Am\u00e9rica"},"content":{"rendered":"<div align=\"center\"><a href=\"https:\/\/www.hoymercedes.com.ar\/principal\/wp-content\/uploads\/2011\/06\/Biglia_Lucas.jpg\"><img loading=\"lazy\" decoding=\"async\" data-attachment-id=\"4684\" data-permalink=\"https:\/\/www.hoymercedes.com.ar\/principal\/2011\/06\/01\/biglia-convocado-para-la-copa-america\/biglia_lucas\/#main\" data-orig-file=\"https:\/\/www.hoymercedes.com.ar\/principal\/wp-content\/uploads\/2011\/06\/Biglia_Lucas.jpg\" data-orig-size=\"460,200\" data-comments-opened=\"1\" data-image-meta=\"{&quot;aperture&quot;:&quot;0&quot;,&quot;credit&quot;:&quot;&quot;,&quot;camera&quot;:&quot;&quot;,&quot;caption&quot;:&quot;&quot;,&quot;created_timestamp&quot;:&quot;0&quot;,&quot;copyright&quot;:&quot;&quot;,&quot;focal_length&quot;:&quot;0&quot;,&quot;iso&quot;:&quot;0&quot;,&quot;shutter_speed&quot;:&quot;0&quot;,&quot;title&quot;:&quot;&quot;}\" data-image-title=\"Biglia_Lucas\" data-image-description=\"\" data-image-caption=\"\" data-large-file=\"https:\/\/www.hoymercedes.com.ar\/principal\/wp-content\/uploads\/2011\/06\/Biglia_Lucas.jpg\" class=\"aligncenter size-full wp-image-4684\" title=\"Biglia_Lucas\" src=\"https:\/\/www.hoymercedes.com.ar\/principal\/wp-content\/uploads\/2011\/06\/Biglia_Lucas.jpg\" alt=\"\" width=\"460\" height=\"200\" \/><\/a><\/div>\n<p>El mercedino Lucas Biglia que juega actualmente en el\u00a0Anderlecht de B\u00e9lgica ha sido nuevamente convocado para jugar en el seleccionado mayor de f\u00fatbol por el director t\u00e9cnico Sergio Batista.<\/p>\n<p>La noticia en s\u00ed no es una novedad ya que hace tiempo el mercedino est\u00e1 en los planes del t\u00e9cnico, pero, se vuelve importante por el hecho no menor de que se trata del listado final de convocados para formar parte de la pr\u00f3xima Copa Am\u00e9rica a disputarse en nuestro pa\u00eds.<\/p>\n<p>La clara fuerza realizada por ser parte del equipo llevada a cabo por el jugador Carlos Tevez muestra la importancia de ser parte de este grupo y del torneo de prestigio internacional.<\/p>\n<p>La lista incluye a Biglia siendo algo que se ven\u00eda mencionando siendo esta la confirmaci\u00f3n.<\/p>\n<p>El lista de Batista es el siguiente:<\/p>\n<p><strong>Arqueros:<\/strong><\/p>\n<p>Juan Pablo Carrizo<\/p>\n<p>Sergio Romero<\/p>\n<p>Mariano And\u00fajar<\/p>\n<p><strong>Defensores:<\/strong><\/p>\n<p>Javier Zanetti<\/p>\n<p>Nicol\u00e1s Burdisso<\/p>\n<p>Gabriel Milito<\/p>\n<p>Ezequiel Garay<\/p>\n<p>Marcos Rojo<\/p>\n<p>Nicol\u00e1s Pareja<\/p>\n<p>Pablo Zabaleta<\/p>\n<p>Luciano Fabi\u00e1n Monz\u00f3n<\/p>\n<p><strong>Volantes:<\/strong><\/p>\n<p>Javier Mascherano<\/p>\n<p>Esteban Cambiasso<\/p>\n<p>Javier Pastore<\/p>\n<p>Diego Valeri<\/p>\n<p>Ever Banega<\/p>\n<h2><span style=\"color: #ff0000;\"><strong>Lucas Biglia<\/strong><\/span><\/h2>\n<p>Fernando Gago<\/p>\n<p>Enzo P\u00e9rez<\/p>\n<p>Delanteros:<\/p>\n<p>Lionel Messi<\/p>\n<p>Angel Di Mar\u00eda<\/p>\n<p>Gonzalo Higua\u00edn<\/p>\n<p>Sergio Ag\u00fcero<\/p>\n<p>Ezequiel Lavezzi<\/p>\n<p>Carlos Tevez<\/p>\n<p>Diego Milito<\/p>\n<p>&nbsp;<\/p>\n","protected":false},"excerpt":{"rendered":"<p>El mercedino Lucas Biglia que juega actualmente en el\u00a0Anderlecht de B\u00e9lgica ha sido nuevamente convocado para jugar en el seleccionado &#8230; <a title=\"Biglia convocado para la Copa Am\u00e9rica\" class=\"read-more\" href=\"https:\/\/www.hoymercedes.com.ar\/principal\/2011\/06\/01\/biglia-convocado-para-la-copa-america\/\" aria-label=\"Leer m\u00e1s sobre Biglia convocado para la Copa Am\u00e9rica\">Leer m\u00e1s<\/a><\/p>\n","protected":false},"author":1,"featured_media":0,"comment_status":"open","ping_status":"open","sticky":false,"template":"","format":"standard","meta":{"_monsterinsights_skip_tracking":false,"_monsterinsights_sitenote_active":false,"_monsterinsights_sitenote_note":"","_monsterinsights_sitenote_category":0,"jetpack_post_was_ever_published":false,"_jetpack_newsletter_access":"","_jetpack_dont_email_post_to_subs":false,"_jetpack_newsletter_tier_id":0,"_jetpack_memberships_contains_paywalled_content":false,"_jetpack_memberships_contains_paid_content":false,"footnotes":"","jetpack_publicize_message":"","jetpack_publicize_feature_enabled":true,"jetpack_social_post_already_shared":false,"jetpack_social_options":{"image_generator_settings":{"template":"highway","default_image_id":0,"font":"","enabled":false},"version":2},"_wpas_customize_per_network":false},"categories":[21],"tags":[861,305],"class_list":["post-4682","post","type-post","status-publish","format-standard","hentry","category-deportes","tag-copa-america-convocados","tag-lucas-biglia","generate-columns","tablet-grid-50","mobile-grid-100","grid-parent","grid-50"],"jetpack_publicize_connections":[],"jetpack_featured_media_url":"","wps_subtitle":"","jetpack_sharing_enabled":true,"_links":{"self":[{"href":"https:\/\/www.hoymercedes.com.ar\/principal\/wp-json\/wp\/v2\/posts\/4682","targetHints":{"allow":["GET"]}}],"collection":[{"href":"https:\/\/www.hoymercedes.com.ar\/principal\/wp-json\/wp\/v2\/posts"}],"about":[{"href":"https:\/\/www.hoymercedes.com.ar\/principal\/wp-json\/wp\/v2\/types\/post"}],"author":[{"embeddable":true,"href":"https:\/\/www.hoymercedes.com.ar\/principal\/wp-json\/wp\/v2\/users\/1"}],"replies":[{"embeddable":true,"href":"https:\/\/www.hoymercedes.com.ar\/principal\/wp-json\/wp\/v2\/comments?post=4682"}],"version-history":[{"count":0,"href":"https:\/\/www.hoymercedes.com.ar\/principal\/wp-json\/wp\/v2\/posts\/4682\/revisions"}],"wp:attachment":[{"href":"https:\/\/www.hoymercedes.com.ar\/principal\/wp-json\/wp\/v2\/media?parent=4682"}],"wp:term":[{"taxonomy":"category","embeddable":true,"href":"https:\/\/www.hoymercedes.com.ar\/principal\/wp-json\/wp\/v2\/categories?post=4682"},{"taxonomy":"post_tag","embeddable":true,"href":"https:\/\/www.hoymercedes.com.ar\/principal\/wp-json\/wp\/v2\/tags?post=4682"}],"curies":[{"name":"wp","href":"https:\/\/api.w.org\/{rel}","templated":true}]}}