{"id":46897,"date":"2016-01-19T21:10:20","date_gmt":"2016-01-20T00:10:20","guid":{"rendered":"http:\/\/www.hoymercedes.com.ar\/principal\/?p=46897"},"modified":"2016-01-19T21:10:20","modified_gmt":"2016-01-20T00:10:20","slug":"walter-yacare-sequeira-sigue-firma-rumbo-al-sueno-mundial","status":"publish","type":"post","link":"https:\/\/www.hoymercedes.com.ar\/principal\/2016\/01\/19\/walter-yacare-sequeira-sigue-firma-rumbo-al-sueno-mundial\/","title":{"rendered":"Walter \u00abYacar\u00e9\u00bb Sequeira sigue firma rumbo al sue\u00f1o mundial"},"content":{"rendered":"<p><img loading=\"lazy\" decoding=\"async\" data-attachment-id=\"46898\" data-permalink=\"https:\/\/www.hoymercedes.com.ar\/principal\/2016\/01\/19\/walter-yacare-sequeira-sigue-firma-rumbo-al-sueno-mundial\/yacare-ustarroz\/#main\" data-orig-file=\"https:\/\/www.hoymercedes.com.ar\/principal\/wp-content\/uploads\/2016\/01\/yacare-ustarroz.jpg\" data-orig-size=\"620,414\" data-comments-opened=\"1\" data-image-meta=\"{&quot;aperture&quot;:&quot;0&quot;,&quot;credit&quot;:&quot;&quot;,&quot;camera&quot;:&quot;&quot;,&quot;caption&quot;:&quot;&quot;,&quot;created_timestamp&quot;:&quot;0&quot;,&quot;copyright&quot;:&quot;&quot;,&quot;focal_length&quot;:&quot;0&quot;,&quot;iso&quot;:&quot;0&quot;,&quot;shutter_speed&quot;:&quot;0&quot;,&quot;title&quot;:&quot;&quot;,&quot;orientation&quot;:&quot;0&quot;}\" data-image-title=\"yacare-ustarroz\" data-image-description=\"\" data-image-caption=\"\" data-large-file=\"https:\/\/www.hoymercedes.com.ar\/principal\/wp-content\/uploads\/2016\/01\/yacare-ustarroz.jpg\" class=\"aligncenter size-full wp-image-46898\" src=\"https:\/\/www.hoymercedes.com.ar\/principal\/wp-content\/uploads\/2016\/01\/yacare-ustarroz.jpg\" alt=\"yacare-ustarroz\" width=\"620\" height=\"414\" srcset=\"https:\/\/www.hoymercedes.com.ar\/principal\/wp-content\/uploads\/2016\/01\/yacare-ustarroz.jpg 620w, https:\/\/www.hoymercedes.com.ar\/principal\/wp-content\/uploads\/2016\/01\/yacare-ustarroz-150x100.jpg 150w, https:\/\/www.hoymercedes.com.ar\/principal\/wp-content\/uploads\/2016\/01\/yacare-ustarroz-300x200.jpg 300w\" sizes=\"auto, (max-width: 620px) 100vw, 620px\" \/><\/p>\n<p><strong>El p\u00fagil mercedino que el pr\u00f3ximo 26 de febrero enfrentar\u00e1 al turco Avni Yildirim visit\u00f3 al intendente de la ciudad Dr. Juan Ustarroz. Fue una charla amena en la que el jefe comunal le indic\u00f3 que la comuna le brindar\u00e1 un apoyo para dicha competencia.<\/strong><\/p>\n<p>Por otro lado y tal como lo destaca el sitio web noticiasmercedinas.com \u201cmanteniendo el puesto 15\u00ba en el ranking de la CMB, Walter Sequeira no detiene sus entrenamientos con miras a su pr\u00f3xima presentaci\u00f3n en Alemania.<\/p>\n<p>Al campe\u00f3n Latino CMB mediopesado le han confirmado la fecha de presentaci\u00f3n, ser\u00e1 el pr\u00f3ximo 26 de febrero para quedar a un lado la del 20 que se hab\u00eda anunciado en un principio.<\/p>\n<p>De esta manera el equipo encabezado por el t\u00e9cnico \u201cCharly\u201d Rodr\u00edguez viajar\u00e1 destino Frankfurt d\u00edas antes del 26, y ese d\u00eda se retar\u00e1 al invicto Avni Yildirim (8-5 KO) que expondr\u00e1 su t\u00edtulo CMB Internacional Silver en la categor\u00eda mediopesado. Vale recordar que los n\u00fameros del \u201cYacar\u00e9\u201d son 17-12KO y solo 2 perdidas en las tarjetas.<\/p>\n<p>Este orgullo mercedino pas\u00f3 por la Municipalidad junto a su padre y el intendente les dese\u00f3 el\u00a0 mejor de los resultados, augur\u00e1ndoles \u00e9xito porque sabe del esfuerzo del p\u00fagil mercedino en los entrenamientos y en la preparaci\u00f3n que est\u00e1 llevando adelante para la competencia del 26\u00a0 de febrero que ser\u00e1 sin dudas la m\u00e1s importante de toda su historia en el Box.<\/p>\n","protected":false},"excerpt":{"rendered":"<p>El p\u00fagil mercedino que el pr\u00f3ximo 26 de febrero enfrentar\u00e1 al turco Avni Yildirim visit\u00f3 al intendente de la ciudad &#8230; <a title=\"Walter \u00abYacar\u00e9\u00bb Sequeira sigue firma rumbo al sue\u00f1o mundial\" class=\"read-more\" href=\"https:\/\/www.hoymercedes.com.ar\/principal\/2016\/01\/19\/walter-yacare-sequeira-sigue-firma-rumbo-al-sueno-mundial\/\" aria-label=\"Leer m\u00e1s sobre Walter \u00abYacar\u00e9\u00bb Sequeira sigue firma rumbo al sue\u00f1o mundial\">Leer m\u00e1s<\/a><\/p>\n","protected":false},"author":1,"featured_media":46898,"comment_status":"open","ping_status":"open","sticky":false,"template":"","format":"standard","meta":{"_monsterinsights_skip_tracking":false,"_monsterinsights_sitenote_active":false,"_monsterinsights_sitenote_note":"","_monsterinsights_sitenote_category":0,"jetpack_post_was_ever_published":false,"_jetpack_newsletter_access":"","_jetpack_dont_email_post_to_subs":false,"_jetpack_newsletter_tier_id":0,"_jetpack_memberships_contains_paywalled_content":false,"_jetpack_memberships_contains_paid_content":false,"footnotes":"","jetpack_publicize_message":"","jetpack_publicize_feature_enabled":true,"jetpack_social_post_already_shared":true,"jetpack_social_options":{"image_generator_settings":{"template":"highway","default_image_id":0,"font":"","enabled":false},"version":2},"_wpas_customize_per_network":false},"categories":[8],"tags":[8418,3806],"class_list":["post-46897","post","type-post","status-publish","format-standard","has-post-thumbnail","hentry","category-sociedad","tag-cmb-latino","tag-walter-yacare-sequeira","generate-columns","tablet-grid-50","mobile-grid-100","grid-parent","grid-50"],"jetpack_publicize_connections":[],"jetpack_featured_media_url":"https:\/\/www.hoymercedes.com.ar\/principal\/wp-content\/uploads\/2016\/01\/yacare-ustarroz.jpg","wps_subtitle":"El campe\u00f3n mercedino ","jetpack_sharing_enabled":true,"_links":{"self":[{"href":"https:\/\/www.hoymercedes.com.ar\/principal\/wp-json\/wp\/v2\/posts\/46897","targetHints":{"allow":["GET"]}}],"collection":[{"href":"https:\/\/www.hoymercedes.com.ar\/principal\/wp-json\/wp\/v2\/posts"}],"about":[{"href":"https:\/\/www.hoymercedes.com.ar\/principal\/wp-json\/wp\/v2\/types\/post"}],"author":[{"embeddable":true,"href":"https:\/\/www.hoymercedes.com.ar\/principal\/wp-json\/wp\/v2\/users\/1"}],"replies":[{"embeddable":true,"href":"https:\/\/www.hoymercedes.com.ar\/principal\/wp-json\/wp\/v2\/comments?post=46897"}],"version-history":[{"count":0,"href":"https:\/\/www.hoymercedes.com.ar\/principal\/wp-json\/wp\/v2\/posts\/46897\/revisions"}],"wp:featuredmedia":[{"embeddable":true,"href":"https:\/\/www.hoymercedes.com.ar\/principal\/wp-json\/wp\/v2\/media\/46898"}],"wp:attachment":[{"href":"https:\/\/www.hoymercedes.com.ar\/principal\/wp-json\/wp\/v2\/media?parent=46897"}],"wp:term":[{"taxonomy":"category","embeddable":true,"href":"https:\/\/www.hoymercedes.com.ar\/principal\/wp-json\/wp\/v2\/categories?post=46897"},{"taxonomy":"post_tag","embeddable":true,"href":"https:\/\/www.hoymercedes.com.ar\/principal\/wp-json\/wp\/v2\/tags?post=46897"}],"curies":[{"name":"wp","href":"https:\/\/api.w.org\/{rel}","templated":true}]}}