{"id":46902,"date":"2016-01-20T13:30:36","date_gmt":"2016-01-20T16:30:36","guid":{"rendered":"http:\/\/www.hoymercedes.com.ar\/principal\/?p=46902"},"modified":"2016-01-20T13:30:36","modified_gmt":"2016-01-20T16:30:36","slug":"solicitan-iniciar-proceso-de-cambio-de-luminarias-a-sistema-led","status":"publish","type":"post","link":"https:\/\/www.hoymercedes.com.ar\/principal\/2016\/01\/20\/solicitan-iniciar-proceso-de-cambio-de-luminarias-a-sistema-led\/","title":{"rendered":"Solicitan iniciar proceso de cambio de luminarias a sistema led"},"content":{"rendered":"<p>&nbsp;<\/p>\n<p><strong>A medida que se vayan renovando las existentes se solicita, desde el Frente Cambiemos, se cambie el tipo de l\u00e1mpara dejando de utilizar las actuales con una tecnolog\u00eda de alto consumo y valor para pasar a led, que da m\u00e1s iluminaci\u00f3n a menor costo y contaminaci\u00f3n.<\/strong><\/p>\n<p>El proyecto elevado al Cuerpo Legislativo fue presentado por el concejal Ben\u00edtez, de la bancada del macrismo en la ciudad dentro del Frente Cambiemos que, adem\u00e1s, desde hace un tiempo viene recorriendo diversas dependencias municipales interioriz\u00e1ndose de su realidad.<\/p>\n<p>El proyecto es el siguiente:<\/p>\n<p>VISTO:<\/p>\n<p>La existencia en el mercado luminot\u00e9cnico de l\u00e1mparas tipo led,\u00a0 viables para el reemplazo de las l\u00e1mparas de descargas de vapor de sodio y de vapor de mercurio,\u00a0 a la fecha utilizadas en el Alumbrado P\u00fablico por esta Municipalidad.<\/p>\n<p>CONSIDERANDO:<\/p>\n<p>Que las l\u00e1mparas led poseen una demanda energ\u00e9tica 2.7 veces menor a las utilizadas hoy en el Alumbrado P\u00fablico, el efecto de su uso implicar\u00e1\u00a0 el proporcional ahorro econ\u00f3mico para el erario municipal.<\/p>\n<p>Que la vida \u00fatil (tiempo que emite al menos con el 70% de rendimiento)\u00a0 de estas l\u00e1mparas (50.000 horas) es superior a las hoy utilizadas.<\/p>\n<p>Que el valor en el mercado de las l\u00e1mparas led de 90\/95 W de potencia, que emiten por encima de 4400 l\u00famenes (una l\u00e1mpara de vapor de sodio\u00a0 de 250W emite 3200 l\u00famenes) y se ofrecen compactas a su fuente transformadora, es similar al conjunto de l\u00e1mpara de descarga de vapor de sodio y su correspondiente inductancia reactiva (balasto).<\/p>\n<p>Que con el beneficio que implic\u00f3 el reemplazo de las antiguas l\u00e1mparas de vapor de mercurio por las de vapor de sodio, es notorio que estas \u00faltimas luego de 10.000 horas de funcionamiento muestra una intensificaci\u00f3n de su tonalidad amarilla, efecto que disminuye la visi\u00f3n nocturna.<\/p>\n<p>La eficacia lum\u00ednica y econ\u00f3mica de las l\u00e1mparas LED ha sido comprobada en la se\u00f1alizaci\u00f3n de sem\u00e1foros y en las columnas de alumbrado de rotonda ruta 41 y ruta 5, as\u00ed como en calles de la localidad de Gowland.<\/p>\n<p>Por lo expuesto se propone el siguiente proyecto de Ordenanza:<\/p>\n<p>Art.1\u00ba) Efect\u00faese el recambio lumin\u00edco por\u00a0 l\u00e1mparas tipo LED de 90\/100 W cuando se compruebe el fin de vida \u00fatil de las reactancias inductivas\u00a0 (balastos) de las l\u00e1mparas de descarga de vapor de sodio o vapor de mercurio.<\/p>\n<p>Art. 2\u00ba) Efect\u00faese las compras de l\u00e1mparas tipo LED en cantidad correspondiente a la cantidad de reactancias inductivas da\u00f1adas por trimestre.<\/p>\n<p>Art. 3\u00ba) D\u00e9 forma<\/p>\n<p>Oscar Albini\u00a0\u00a0\u00a0\u00a0\u00a0\u00a0\u00a0\u00a0\u00a0\u00a0\u00a0\u00a0\u00a0\u00a0\u00a0\u00a0\u00a0\u00a0\u00a0\u00a0\u00a0 Juan Carlos Badano\u00a0\u00a0\u00a0\u00a0\u00a0\u00a0\u00a0\u00a0\u00a0\u00a0\u00a0\u00a0\u00a0\u00a0\u00a0\u00a0\u00a0\u00a0\u00a0\u00a0\u00a0\u00a0\u00a0\u00a0 Juan Carlos Benitez<\/p>\n<p>&nbsp;<\/p>\n<p>&nbsp;<\/p>\n<p>Edgar Kilmeate\u00a0\u00a0\u00a0\u00a0\u00a0\u00a0\u00a0\u00a0\u00a0\u00a0 \u00a0\u00a0\u00a0\u00a0\u00a0\u00a0\u00a0\u00a0\u00a0\u00a0\u00a0\u00a0\u00a0\u00a0\u00a0\u00a0\u00a0\u00a0\u00a0\u00a0\u00a0\u00a0\u00a0Aida Laporta\u00a0\u00a0\u00a0\u00a0\u00a0\u00a0\u00a0\u00a0\u00a0\u00a0\u00a0\u00a0\u00a0\u00a0\u00a0\u00a0\u00a0\u00a0\u00a0\u00a0\u00a0\u00a0 Alejandra Repetto<\/p>\n<p>&nbsp;<\/p>\n","protected":false},"excerpt":{"rendered":"<p>&nbsp; A medida que se vayan renovando las existentes se solicita, desde el Frente Cambiemos, se cambie el tipo de &#8230; <a title=\"Solicitan iniciar proceso de cambio de luminarias a sistema led\" class=\"read-more\" href=\"https:\/\/www.hoymercedes.com.ar\/principal\/2016\/01\/20\/solicitan-iniciar-proceso-de-cambio-de-luminarias-a-sistema-led\/\" aria-label=\"Leer m\u00e1s sobre Solicitan iniciar proceso de cambio de luminarias a sistema led\">Leer m\u00e1s<\/a><\/p>\n","protected":false},"author":1,"featured_media":46903,"comment_status":"open","ping_status":"open","sticky":false,"template":"","format":"standard","meta":{"_monsterinsights_skip_tracking":false,"_monsterinsights_sitenote_active":false,"_monsterinsights_sitenote_note":"","_monsterinsights_sitenote_category":0,"jetpack_post_was_ever_published":false,"_jetpack_newsletter_access":"","_jetpack_dont_email_post_to_subs":false,"_jetpack_newsletter_tier_id":0,"_jetpack_memberships_contains_paywalled_content":false,"_jetpack_memberships_contains_paid_content":false,"footnotes":"","jetpack_publicize_message":"","jetpack_publicize_feature_enabled":true,"jetpack_social_post_already_shared":true,"jetpack_social_options":{"image_generator_settings":{"template":"highway","default_image_id":0,"font":"","enabled":false},"version":2},"_wpas_customize_per_network":false},"categories":[5],"tags":[313],"class_list":["post-46902","post","type-post","status-publish","format-standard","has-post-thumbnail","hentry","category-politica","tag-juan-carlos-benitez","generate-columns","tablet-grid-50","mobile-grid-100","grid-parent","grid-50"],"jetpack_publicize_connections":[],"jetpack_featured_media_url":"https:\/\/www.hoymercedes.com.ar\/principal\/wp-content\/uploads\/2016\/01\/led-luz.jpg","wps_subtitle":"Acci\u00f3n legislativa","jetpack_sharing_enabled":true,"_links":{"self":[{"href":"https:\/\/www.hoymercedes.com.ar\/principal\/wp-json\/wp\/v2\/posts\/46902","targetHints":{"allow":["GET"]}}],"collection":[{"href":"https:\/\/www.hoymercedes.com.ar\/principal\/wp-json\/wp\/v2\/posts"}],"about":[{"href":"https:\/\/www.hoymercedes.com.ar\/principal\/wp-json\/wp\/v2\/types\/post"}],"author":[{"embeddable":true,"href":"https:\/\/www.hoymercedes.com.ar\/principal\/wp-json\/wp\/v2\/users\/1"}],"replies":[{"embeddable":true,"href":"https:\/\/www.hoymercedes.com.ar\/principal\/wp-json\/wp\/v2\/comments?post=46902"}],"version-history":[{"count":0,"href":"https:\/\/www.hoymercedes.com.ar\/principal\/wp-json\/wp\/v2\/posts\/46902\/revisions"}],"wp:featuredmedia":[{"embeddable":true,"href":"https:\/\/www.hoymercedes.com.ar\/principal\/wp-json\/wp\/v2\/media\/46903"}],"wp:attachment":[{"href":"https:\/\/www.hoymercedes.com.ar\/principal\/wp-json\/wp\/v2\/media?parent=46902"}],"wp:term":[{"taxonomy":"category","embeddable":true,"href":"https:\/\/www.hoymercedes.com.ar\/principal\/wp-json\/wp\/v2\/categories?post=46902"},{"taxonomy":"post_tag","embeddable":true,"href":"https:\/\/www.hoymercedes.com.ar\/principal\/wp-json\/wp\/v2\/tags?post=46902"}],"curies":[{"name":"wp","href":"https:\/\/api.w.org\/{rel}","templated":true}]}}