{"id":46905,"date":"2016-01-20T22:00:26","date_gmt":"2016-01-21T01:00:26","guid":{"rendered":"http:\/\/www.hoymercedes.com.ar\/principal\/?p=46905"},"modified":"2016-01-20T22:00:26","modified_gmt":"2016-01-21T01:00:26","slug":"eduardo-de-pedro-macri-hace-federalismo-al-reves","status":"publish","type":"post","link":"https:\/\/www.hoymercedes.com.ar\/principal\/2016\/01\/20\/eduardo-de-pedro-macri-hace-federalismo-al-reves\/","title":{"rendered":"Eduardo De Pedro: \u201cMacri hace federalismo al rev\u00e9s\u201d"},"content":{"rendered":"<p><strong>El diputado nacional Eduardo \u201cWado\u201d De Pedro sostuvo que el presidente de la Naci\u00f3n, Mauricio Macri, \u201chace federalismo al rev\u00e9s\u201d con el decreto que eleva la coparticipaci\u00f3n a la Capital Federal, ya que \u201cle hace pagar la deuda externa de la Ciudad a todos los argentinos\u201d.<\/strong><\/p>\n<p>De Pedro sostuvo que \u201ceste acto constituye un nuevo atropello al verdadero federalismo como lo fue la derogaci\u00f3n del decreto que dispon\u00eda la devoluci\u00f3n del 15% de la coparticipaci\u00f3n a todas las provincias a partir de un fallo de la Corte Suprema\u201d. \u201cA esta altura, m\u00e1s que un atropello parece una provocaci\u00f3n\u201d, agreg\u00f3.<\/p>\n<p>Por otro lado, el diputado kirchnerista advirti\u00f3 que \u201cesta medida no hace m\u00e1s que profundizar la desigualdad geogr\u00e1fica que padece la Argentina y que con tanto esfuerzo hab\u00edamos empezado a equilibrar en los \u00faltimos a\u00f1os\u201d.<\/p>\n<p>Adem\u00e1s, advirti\u00f3 a trav\u00e9s de un comunicado que el decreto es una violaci\u00f3n de la Constituci\u00f3n Nacional ya que la Carta Magna en su art\u00edculo 75 inciso 2 sostiene que la Ley de Coparticipaci\u00f3n no puede ser modificada unilateralmente. De Pedro calific\u00f3 al decreto como \u201cilegal, anticonstitucional y profundamente desigual\u201d.<\/p>\n<p>Por \u00faltimo, el legislador denunci\u00f3 al gobierno de Macri por \u201chacer una transferencia brutal de recursos en favor del distrito m\u00e1s rico del pa\u00eds y en detrimento de las 23 provincias argentinas\u201d y exigi\u00f3 \u201cel llamado a sesiones extraordinarias para tratar este y otros temas pendientes\u201d.<\/p>\n<p><span style=\"color: #808080;\">Fuente: Parlamentario.com<\/span><\/p>\n","protected":false},"excerpt":{"rendered":"<p>El diputado nacional Eduardo \u201cWado\u201d De Pedro sostuvo que el presidente de la Naci\u00f3n, Mauricio Macri, \u201chace federalismo al rev\u00e9s\u201d &#8230; <a title=\"Eduardo De Pedro: \u201cMacri hace federalismo al rev\u00e9s\u201d\" class=\"read-more\" href=\"https:\/\/www.hoymercedes.com.ar\/principal\/2016\/01\/20\/eduardo-de-pedro-macri-hace-federalismo-al-reves\/\" aria-label=\"Leer m\u00e1s sobre Eduardo De Pedro: \u201cMacri hace federalismo al rev\u00e9s\u201d\">Leer m\u00e1s<\/a><\/p>\n","protected":false},"author":1,"featured_media":39330,"comment_status":"open","ping_status":"open","sticky":false,"template":"","format":"standard","meta":{"_monsterinsights_skip_tracking":false,"_monsterinsights_sitenote_active":false,"_monsterinsights_sitenote_note":"","_monsterinsights_sitenote_category":0,"jetpack_post_was_ever_published":false,"_jetpack_newsletter_access":"","_jetpack_dont_email_post_to_subs":false,"_jetpack_newsletter_tier_id":0,"_jetpack_memberships_contains_paywalled_content":false,"_jetpack_memberships_contains_paid_content":false,"footnotes":"","jetpack_publicize_message":"","jetpack_publicize_feature_enabled":true,"jetpack_social_post_already_shared":true,"jetpack_social_options":{"image_generator_settings":{"template":"highway","default_image_id":0,"font":"","enabled":false},"version":2},"_wpas_customize_per_network":false},"categories":[8],"tags":[281],"class_list":["post-46905","post","type-post","status-publish","format-standard","has-post-thumbnail","hentry","category-sociedad","tag-wado-de-pedro","generate-columns","tablet-grid-50","mobile-grid-100","grid-parent","grid-50"],"jetpack_publicize_connections":[],"jetpack_featured_media_url":"https:\/\/www.hoymercedes.com.ar\/principal\/wp-content\/uploads\/2015\/02\/wadodepedro.jpg","wps_subtitle":"","jetpack_sharing_enabled":true,"_links":{"self":[{"href":"https:\/\/www.hoymercedes.com.ar\/principal\/wp-json\/wp\/v2\/posts\/46905","targetHints":{"allow":["GET"]}}],"collection":[{"href":"https:\/\/www.hoymercedes.com.ar\/principal\/wp-json\/wp\/v2\/posts"}],"about":[{"href":"https:\/\/www.hoymercedes.com.ar\/principal\/wp-json\/wp\/v2\/types\/post"}],"author":[{"embeddable":true,"href":"https:\/\/www.hoymercedes.com.ar\/principal\/wp-json\/wp\/v2\/users\/1"}],"replies":[{"embeddable":true,"href":"https:\/\/www.hoymercedes.com.ar\/principal\/wp-json\/wp\/v2\/comments?post=46905"}],"version-history":[{"count":0,"href":"https:\/\/www.hoymercedes.com.ar\/principal\/wp-json\/wp\/v2\/posts\/46905\/revisions"}],"wp:featuredmedia":[{"embeddable":true,"href":"https:\/\/www.hoymercedes.com.ar\/principal\/wp-json\/wp\/v2\/media\/39330"}],"wp:attachment":[{"href":"https:\/\/www.hoymercedes.com.ar\/principal\/wp-json\/wp\/v2\/media?parent=46905"}],"wp:term":[{"taxonomy":"category","embeddable":true,"href":"https:\/\/www.hoymercedes.com.ar\/principal\/wp-json\/wp\/v2\/categories?post=46905"},{"taxonomy":"post_tag","embeddable":true,"href":"https:\/\/www.hoymercedes.com.ar\/principal\/wp-json\/wp\/v2\/tags?post=46905"}],"curies":[{"name":"wp","href":"https:\/\/api.w.org\/{rel}","templated":true}]}}