{"id":46937,"date":"2016-01-24T21:19:56","date_gmt":"2016-01-25T00:19:56","guid":{"rendered":"http:\/\/www.hoymercedes.com.ar\/principal\/?p=46937"},"modified":"2016-01-24T21:19:56","modified_gmt":"2016-01-25T00:19:56","slug":"quilmes-goleo-en-pilar-y-mercedes-cayo-por-la-minima-en-giles","status":"publish","type":"post","link":"https:\/\/www.hoymercedes.com.ar\/principal\/2016\/01\/24\/quilmes-goleo-en-pilar-y-mercedes-cayo-por-la-minima-en-giles\/","title":{"rendered":"Quilmes gole\u00f3 en Pilar y Mercedes cay\u00f3 por la m\u00ednima en Giles"},"content":{"rendered":"<p>&nbsp;<\/p>\n<p>El fin de semana dej\u00f3 las dos caras para los equipos locales. Quilmes venci\u00f3 a Flecha Azul de Escobar en la cancha de F\u00e9nix, en Pilar, mientras que El Front\u00f3n de local le gan\u00f3 a Club Mercedes.<\/p>\n<p><strong>Quilmes Vs Flecha Azul<\/strong><\/p>\n<p>En un partido friccionado y duro el equipo dirigido por Juan Ignacio Men\u00e9ndez logr\u00f3 un holgado 4 a 1 contra Flecha Azul de Escobar en un encuentro disputado en la cancha de F\u00e9nix, en Pilar. Fue Montero quien abri\u00f3 el marcador para Quilmes que tras una falla en el fondo, \u201cuna distracci\u00f3n a mejorar\u201d, tal como nos cont\u00f3 su t\u00e9cnico, Flecha Azul logr\u00f3 el empate con el que cerr\u00f3 el primer tiempo. \u201cEn el segundo tuvimos una r\u00e1faga y en tres minutos le metidos dos, eso nos dio tranquilidad y manejo\u201d, sostuvo Men\u00e9ndez quien coment\u00f3 que \u201cluego de contragolpe hicimos el cuarto, estaba todo dicho. Es un gran equipo. Debemos mejorar, lo sabemos, pero estamos muy bien. La pr\u00f3xima fecha la tenemos libre\u201d. Alberto Miranda hab\u00eda empatado mientras que Mat\u00edas Cassou, Washington Balmaceda y Leandro Schiavi realizaron los otros tantos para los de nuestra ciudad. De esta manera, Quilmes, suma dos victorias en el Federaci\u00f3n Norte anhelando pasar a la siguiente face.<\/p>\n<p><strong>Mercedes Vs El Front\u00f3n<\/strong><\/p>\n<p>En la cancha de El Front\u00f3n, en San Andr\u00e9s de Giles, Club Mercedes no logr\u00f3 traerse la victoria, perdiendo, por el Federal C, por 1 a 0. A los quince minutos del primer tiempo Mercedes obtuvo un penal que le cometieron a Mat\u00edas V\u00e1zquez, pero, Juan Cruz Respuela no pudo convertirlo en gol dado que Juan Anchava se llev\u00f3 los aplausos de los locales al retener el bal\u00f3n. A los 41 del primer tiempo El Front\u00f3n padece la expulsi\u00f3n de Guillermo Ameleoti. En el segundo tiempo se preve\u00eda con uno m\u00e1s Mercedes podr\u00eda sacar ventaja, pero, no fue as\u00ed y El Front\u00f3n logr\u00f3 a instancias de Oscar Zapata ponerse al frente. Club Mercedes busc\u00f3 y no pudo teniendo luego que padecer la expulsi\u00f3n de Respuela. El partido termin\u00f3 1 a 0 a favor de los dirigidos por Germ\u00e1n Stropiello. El pr\u00f3ximo partido de Mercedes, dirigido por Gabriel Lima ser\u00e1 contra \u201cSalgado\u201d de la localidad de Lobos.<\/p>\n","protected":false},"excerpt":{"rendered":"<p>&nbsp; El fin de semana dej\u00f3 las dos caras para los equipos locales. Quilmes venci\u00f3 a Flecha Azul de Escobar &#8230; <a title=\"Quilmes gole\u00f3 en Pilar y Mercedes cay\u00f3 por la m\u00ednima en Giles\" class=\"read-more\" href=\"https:\/\/www.hoymercedes.com.ar\/principal\/2016\/01\/24\/quilmes-goleo-en-pilar-y-mercedes-cayo-por-la-minima-en-giles\/\" aria-label=\"Leer m\u00e1s sobre Quilmes gole\u00f3 en Pilar y Mercedes cay\u00f3 por la m\u00ednima en Giles\">Leer m\u00e1s<\/a><\/p>\n","protected":false},"author":1,"featured_media":46938,"comment_status":"open","ping_status":"open","sticky":false,"template":"","format":"standard","meta":{"_monsterinsights_skip_tracking":false,"_monsterinsights_sitenote_active":false,"_monsterinsights_sitenote_note":"","_monsterinsights_sitenote_category":0,"jetpack_post_was_ever_published":false,"_jetpack_newsletter_access":"","_jetpack_dont_email_post_to_subs":false,"_jetpack_newsletter_tier_id":0,"_jetpack_memberships_contains_paywalled_content":false,"_jetpack_memberships_contains_paid_content":false,"footnotes":"","jetpack_publicize_message":"","jetpack_publicize_feature_enabled":true,"jetpack_social_post_already_shared":true,"jetpack_social_options":{"image_generator_settings":{"template":"highway","default_image_id":0,"font":"","enabled":false},"version":2},"_wpas_customize_per_network":false},"categories":[21],"tags":[122,1350,8426,8412],"class_list":["post-46937","post","type-post","status-publish","format-standard","has-post-thumbnail","hentry","category-deportes","tag-club-mercedes","tag-club-quilmes","tag-federacion-norte","tag-federal-c","generate-columns","tablet-grid-50","mobile-grid-100","grid-parent","grid-50"],"jetpack_publicize_connections":[],"jetpack_featured_media_url":"https:\/\/www.hoymercedes.com.ar\/principal\/wp-content\/uploads\/2016\/01\/quilmes.jpg","wps_subtitle":"Torneos regionales","jetpack_sharing_enabled":true,"jetpack-related-posts":[{"id":46893,"url":"https:\/\/www.hoymercedes.com.ar\/principal\/2016\/01\/19\/menendez-este-equipo-de-quilmes-esta-para-grandes-cosas\/","url_meta":{"origin":46937,"position":0},"title":"Men\u00e9ndez: \u201ceste equipo de Quilmes est\u00e1 para grandes cosas\u201d","author":"hoymercedes","date":"19 enero, 2016","format":false,"excerpt":"Juan Ignacio Men\u00e9ndez obtuvo su primera victoria con Quilmes y buscar\u00e1 repetir el pr\u00f3ximo s\u00e1bado en Escobar. El equipo, con grandes aspiraciones, busca quedarse con el Torneo Federaci\u00f3n Norte. \u201cLa verdad que fue un partido intenso. Muy bien jugado en algunos minutos. Nosotros intentamos un poco m\u00e1s, con el manejo\u2026","rel":"","context":"En \u00abDeportes\u00bb","block_context":{"text":"Deportes","link":"https:\/\/www.hoymercedes.com.ar\/principal\/category\/deportes\/"},"img":{"alt_text":"","src":"https:\/\/i0.wp.com\/www.hoymercedes.com.ar\/principal\/wp-content\/uploads\/2016\/01\/menendez-previa-quilmes-lascampanas.jpg?resize=350%2C200&ssl=1","width":350,"height":200,"srcset":"https:\/\/i0.wp.com\/www.hoymercedes.com.ar\/principal\/wp-content\/uploads\/2016\/01\/menendez-previa-quilmes-lascampanas.jpg?resize=350%2C200&ssl=1 1x, https:\/\/i0.wp.com\/www.hoymercedes.com.ar\/principal\/wp-content\/uploads\/2016\/01\/menendez-previa-quilmes-lascampanas.jpg?resize=525%2C300&ssl=1 1.5x"},"classes":[]},{"id":47268,"url":"https:\/\/www.hoymercedes.com.ar\/principal\/2016\/02\/15\/quilmes-fue-displicente-y-empato-ante-flecha-azul\/","url_meta":{"origin":46937,"position":1},"title":"Quilmes fue displicente y empat\u00f3 ante Flecha Azul","author":"hoymercedes","date":"15 febrero, 2016","format":false,"excerpt":"\u00a0 Por Ariel Musante \/ El Cervecero jug\u00f3 a media m\u00e1quina ante los de Escobar, que se pusieron arriba con un gol ol\u00edmpico, pero en forma r\u00e1pida llegaron al empate. Quilmes cerr\u00f3 su participaci\u00f3n como l\u00edder de la Zona B. Ahora quedar\u00e1 libre en la \u00faltima fecha que ser\u00e1 jugada\u2026","rel":"","context":"En \u00abDeportes\u00bb","block_context":{"text":"Deportes","link":"https:\/\/www.hoymercedes.com.ar\/principal\/category\/deportes\/"},"img":{"alt_text":"musante-ariel","src":"https:\/\/i0.wp.com\/www.hoymercedes.com.ar\/principal\/wp-content\/uploads\/2015\/12\/musante-ariel-630x100.png?resize=350%2C200","width":350,"height":200,"srcset":"https:\/\/i0.wp.com\/www.hoymercedes.com.ar\/principal\/wp-content\/uploads\/2015\/12\/musante-ariel-630x100.png?resize=350%2C200 1x, https:\/\/i0.wp.com\/www.hoymercedes.com.ar\/principal\/wp-content\/uploads\/2015\/12\/musante-ariel-630x100.png?resize=525%2C300 1.5x"},"classes":[]},{"id":47176,"url":"https:\/\/www.hoymercedes.com.ar\/principal\/2016\/02\/07\/quilmes-goleo-gusto-clasifico-y-se-aseguro-el-primer-puesto\/","url_meta":{"origin":46937,"position":2},"title":"Quilmes gole\u00f3, gust\u00f3, clasific\u00f3 y se asegur\u00f3 el primer puesto","author":"hoymercedes","date":"7 febrero, 2016","format":false,"excerpt":"Por Ariel Musante \/ El elenco que dirige Juan Ignacio Men\u00e9ndez visit\u00f3 a Atl\u00e9tico Las Campanas y lo derrot\u00f3 por 3 a 0 con dos goles desde el inicio. Con este resultado se asegur\u00f3 ser el mejor del grupo. El pr\u00f3ximo fin de semana cierra la zona como local ante\u2026","rel":"","context":"En \u00abDeportes\u00bb","block_context":{"text":"Deportes","link":"https:\/\/www.hoymercedes.com.ar\/principal\/category\/deportes\/"},"img":{"alt_text":"","src":"https:\/\/i0.wp.com\/www.hoymercedes.com.ar\/principal\/wp-content\/uploads\/2013\/04\/MenendezJuanito.jpg?resize=350%2C200&ssl=1","width":350,"height":200},"classes":[]},{"id":46847,"url":"https:\/\/www.hoymercedes.com.ar\/principal\/2016\/01\/15\/por-el-federacion-norte-quilmes-debuta-este-domingo\/","url_meta":{"origin":46937,"position":3},"title":"Por el Federaci\u00f3n Norte, Quilmes debuta este domingo","author":"hoymercedes","date":"15 enero, 2016","format":false,"excerpt":"En cancha de la Liga Mercedina recibir\u00e1 desde las 18 a Atl\u00e9tico Las Campanas, rival que hace dos a\u00f1os tuviera Club Mercedes en el Torneo del Interior. El equipo que dirige Juan Ignacio Men\u00e9ndez se nutri\u00f3 de varios jugadores mercedinos con experiencia y tambi\u00e9n de otros que vinieron desde otras\u2026","rel":"","context":"En \u00abSociedad\u00bb","block_context":{"text":"Sociedad","link":"https:\/\/www.hoymercedes.com.ar\/principal\/category\/sociedad\/"},"img":{"alt_text":"","src":"https:\/\/i0.wp.com\/www.hoymercedes.com.ar\/principal\/wp-content\/uploads\/2015\/10\/ClubQuilmes.png?resize=350%2C200&ssl=1","width":350,"height":200,"srcset":"https:\/\/i0.wp.com\/www.hoymercedes.com.ar\/principal\/wp-content\/uploads\/2015\/10\/ClubQuilmes.png?resize=350%2C200&ssl=1 1x, https:\/\/i0.wp.com\/www.hoymercedes.com.ar\/principal\/wp-content\/uploads\/2015\/10\/ClubQuilmes.png?resize=525%2C300&ssl=1 1.5x"},"classes":[]},{"id":192784,"url":"https:\/\/www.hoymercedes.com.ar\/principal\/2026\/03\/04\/hoy-comienza-el-senior-40-de-la-liga-mercedina\/","url_meta":{"origin":46937,"position":4},"title":"Hoy comienza el Senior +40 de la Liga Mercedina","author":"hoymercedes","date":"4 marzo, 2026","format":false,"excerpt":"Empieza a rodar la pelota en la temporada 2026 en la Liga Mercedina de F\u00fatbol con el torneo Senior +40, certamen que lleva ya varios a\u00f1os jug\u00e1ndose en forma ininterrumpida. El sistema de juego ser\u00e1 en dos zonas, clasific\u00e1ndose los primeros cuatro de cada una, ser\u00e1 tras jugar partidos de\u2026","rel":"","context":"En \u00abDeportes\u00bb","block_context":{"text":"Deportes","link":"https:\/\/www.hoymercedes.com.ar\/principal\/category\/deportes\/"},"img":{"alt_text":"","src":"https:\/\/i0.wp.com\/www.hoymercedes.com.ar\/principal\/wp-content\/uploads\/2026\/03\/IMG_9233.png?resize=350%2C200&ssl=1","width":350,"height":200,"srcset":"https:\/\/i0.wp.com\/www.hoymercedes.com.ar\/principal\/wp-content\/uploads\/2026\/03\/IMG_9233.png?resize=350%2C200&ssl=1 1x, https:\/\/i0.wp.com\/www.hoymercedes.com.ar\/principal\/wp-content\/uploads\/2026\/03\/IMG_9233.png?resize=525%2C300&ssl=1 1.5x"},"classes":[]},{"id":47089,"url":"https:\/\/www.hoymercedes.com.ar\/principal\/2016\/02\/04\/culmina-la-doble-bragado-y-juegan-mercedes-y-quilmes\/","url_meta":{"origin":46937,"position":5},"title":"Culmina la Doble Bragado y juegan Mercedes y Quilmes","author":"hoymercedes","date":"4 febrero, 2016","format":false,"excerpt":"\u00a0 Este jueves se correr\u00e1 la quinta etapa de la prueba cicl\u00edstica m\u00e1s antigua del pa\u00eds que tiene a un equipo mercedino entre los veinte participantes. En cuanto al f\u00fatbol, Club Mercedes el s\u00e1bado buscar\u00e1 una ansiada victoria por el Federal C y el domingo Quilmes, en Campana, la clasificaci\u00f3n\u2026","rel":"","context":"En \u00abDeportes\u00bb","block_context":{"text":"Deportes","link":"https:\/\/www.hoymercedes.com.ar\/principal\/category\/deportes\/"},"img":{"alt_text":"","src":"https:\/\/i0.wp.com\/www.hoymercedes.com.ar\/principal\/wp-content\/uploads\/2016\/01\/mercedes-salgado-penal-latribuna-.jpg?resize=350%2C200&ssl=1","width":350,"height":200,"srcset":"https:\/\/i0.wp.com\/www.hoymercedes.com.ar\/principal\/wp-content\/uploads\/2016\/01\/mercedes-salgado-penal-latribuna-.jpg?resize=350%2C200&ssl=1 1x, https:\/\/i0.wp.com\/www.hoymercedes.com.ar\/principal\/wp-content\/uploads\/2016\/01\/mercedes-salgado-penal-latribuna-.jpg?resize=525%2C300&ssl=1 1.5x"},"classes":[]}],"_links":{"self":[{"href":"https:\/\/www.hoymercedes.com.ar\/principal\/wp-json\/wp\/v2\/posts\/46937","targetHints":{"allow":["GET"]}}],"collection":[{"href":"https:\/\/www.hoymercedes.com.ar\/principal\/wp-json\/wp\/v2\/posts"}],"about":[{"href":"https:\/\/www.hoymercedes.com.ar\/principal\/wp-json\/wp\/v2\/types\/post"}],"author":[{"embeddable":true,"href":"https:\/\/www.hoymercedes.com.ar\/principal\/wp-json\/wp\/v2\/users\/1"}],"replies":[{"embeddable":true,"href":"https:\/\/www.hoymercedes.com.ar\/principal\/wp-json\/wp\/v2\/comments?post=46937"}],"version-history":[{"count":0,"href":"https:\/\/www.hoymercedes.com.ar\/principal\/wp-json\/wp\/v2\/posts\/46937\/revisions"}],"wp:featuredmedia":[{"embeddable":true,"href":"https:\/\/www.hoymercedes.com.ar\/principal\/wp-json\/wp\/v2\/media\/46938"}],"wp:attachment":[{"href":"https:\/\/www.hoymercedes.com.ar\/principal\/wp-json\/wp\/v2\/media?parent=46937"}],"wp:term":[{"taxonomy":"category","embeddable":true,"href":"https:\/\/www.hoymercedes.com.ar\/principal\/wp-json\/wp\/v2\/categories?post=46937"},{"taxonomy":"post_tag","embeddable":true,"href":"https:\/\/www.hoymercedes.com.ar\/principal\/wp-json\/wp\/v2\/tags?post=46937"}],"curies":[{"name":"wp","href":"https:\/\/api.w.org\/{rel}","templated":true}]}}