{"id":4696,"date":"2011-06-02T02:42:36","date_gmt":"2011-06-02T02:42:36","guid":{"rendered":"http:\/\/www.hoymercedes.com.ar\/principal\/?p=4696"},"modified":"2011-06-02T02:42:36","modified_gmt":"2011-06-02T02:42:36","slug":"si-ladran-sancho-es-porque-cabalgamos","status":"publish","type":"post","link":"https:\/\/www.hoymercedes.com.ar\/principal\/2011\/06\/02\/si-ladran-sancho-es-porque-cabalgamos\/","title":{"rendered":"Si ladran, Sancho, es porque cabalgamos"},"content":{"rendered":"<p><span style=\"color: #003366;\"><strong>Por Alejandro Molle<\/strong><\/span><\/p>\n<p>Exactamente es as\u00ed. En el atardecer del martes 31 a un grupo de nuestros j\u00f3venes militantes, dos personas \u2013identificadas- los intimidaron mientras se hallaban colocando carteles pro candidatura a Intendente municipal del se\u00f1or Juan Carlos Benitez.<\/p>\n<p>Tal acto intimidatorio \u2013por v\u00eda telef\u00f3nica a la hora 20 \u2013 fue puesto en conocimiento del conductor partidario al que adhieren ambas personas.<\/p>\n<p>En tanto, en horas de la noche del 31 al 1\u00ba de junio, los carteles colocados en distintas esquinas resultaron totalmente destruidos.<\/p>\n<p>\u00bfQuienes fueron los autores del segundo episodio?. No lo sabemos. Evidentemente el centro y parte del casco urbano mercedino ha estado \u201cliberado\u201d para que tales actos depredatorios pudiesen consumarse.<\/p>\n<p>Si ladran, Sancho&#8230; es porque vamos demasiado bien, en el buen camino hacia el triunfo y porque, adem\u00e1s, avizoran la derrota en las urnas y con lo que ello significa. Ven, tambi\u00e9n, que la figura de Juan Carlos Benitez ya tiene ganado el coraz\u00f3n de los mercedinos.<\/p>\n<p>Mercedes, 1\u00ba de junio de 2011.<\/p>\n<p>Alejandro Francisco Molle<\/p>\n<p>Secretario adjunto de \u201cUnidad y Lealtad\u201d<\/p>\n","protected":false},"excerpt":{"rendered":"<p>Por Alejandro Molle Exactamente es as\u00ed. En el atardecer del martes 31 a un grupo de nuestros j\u00f3venes militantes, dos &#8230; <a title=\"Si ladran, Sancho, es porque cabalgamos\" class=\"read-more\" href=\"https:\/\/www.hoymercedes.com.ar\/principal\/2011\/06\/02\/si-ladran-sancho-es-porque-cabalgamos\/\" aria-label=\"Leer m\u00e1s sobre Si ladran, Sancho, es porque cabalgamos\">Leer m\u00e1s<\/a><\/p>\n","protected":false},"author":1,"featured_media":0,"comment_status":"open","ping_status":"open","sticky":false,"template":"","format":"standard","meta":{"_monsterinsights_skip_tracking":false,"_monsterinsights_sitenote_active":false,"_monsterinsights_sitenote_note":"","_monsterinsights_sitenote_category":0,"jetpack_post_was_ever_published":false,"_jetpack_newsletter_access":"","_jetpack_dont_email_post_to_subs":false,"_jetpack_newsletter_tier_id":0,"_jetpack_memberships_contains_paywalled_content":false,"_jetpack_memberships_contains_paid_content":false,"footnotes":"","jetpack_publicize_message":"","jetpack_publicize_feature_enabled":true,"jetpack_social_post_already_shared":false,"jetpack_social_options":{"image_generator_settings":{"template":"highway","default_image_id":0,"font":"","enabled":false},"version":2},"_wpas_customize_per_network":false},"categories":[5],"tags":[566],"class_list":["post-4696","post","type-post","status-publish","format-standard","hentry","category-politica","tag-alejandro-molle","generate-columns","tablet-grid-50","mobile-grid-100","grid-parent","grid-50"],"jetpack_publicize_connections":[],"jetpack_featured_media_url":"","wps_subtitle":"","jetpack_sharing_enabled":true,"_links":{"self":[{"href":"https:\/\/www.hoymercedes.com.ar\/principal\/wp-json\/wp\/v2\/posts\/4696","targetHints":{"allow":["GET"]}}],"collection":[{"href":"https:\/\/www.hoymercedes.com.ar\/principal\/wp-json\/wp\/v2\/posts"}],"about":[{"href":"https:\/\/www.hoymercedes.com.ar\/principal\/wp-json\/wp\/v2\/types\/post"}],"author":[{"embeddable":true,"href":"https:\/\/www.hoymercedes.com.ar\/principal\/wp-json\/wp\/v2\/users\/1"}],"replies":[{"embeddable":true,"href":"https:\/\/www.hoymercedes.com.ar\/principal\/wp-json\/wp\/v2\/comments?post=4696"}],"version-history":[{"count":0,"href":"https:\/\/www.hoymercedes.com.ar\/principal\/wp-json\/wp\/v2\/posts\/4696\/revisions"}],"wp:attachment":[{"href":"https:\/\/www.hoymercedes.com.ar\/principal\/wp-json\/wp\/v2\/media?parent=4696"}],"wp:term":[{"taxonomy":"category","embeddable":true,"href":"https:\/\/www.hoymercedes.com.ar\/principal\/wp-json\/wp\/v2\/categories?post=4696"},{"taxonomy":"post_tag","embeddable":true,"href":"https:\/\/www.hoymercedes.com.ar\/principal\/wp-json\/wp\/v2\/tags?post=4696"}],"curies":[{"name":"wp","href":"https:\/\/api.w.org\/{rel}","templated":true}]}}