{"id":46966,"date":"2016-01-27T00:37:33","date_gmt":"2016-01-27T03:37:33","guid":{"rendered":"http:\/\/www.hoymercedes.com.ar\/principal\/?p=46966"},"modified":"2016-01-27T00:37:33","modified_gmt":"2016-01-27T03:37:33","slug":"propuesta-una-manana-diferente","status":"publish","type":"post","link":"https:\/\/www.hoymercedes.com.ar\/principal\/2016\/01\/27\/propuesta-una-manana-diferente\/","title":{"rendered":"Propuesta: Una ma\u00f1ana diferente"},"content":{"rendered":"<figure id=\"attachment_46967\" aria-describedby=\"caption-attachment-46967\" style=\"width: 620px\" class=\"wp-caption aligncenter\"><img loading=\"lazy\" decoding=\"async\" data-attachment-id=\"46967\" data-permalink=\"https:\/\/www.hoymercedes.com.ar\/principal\/2016\/01\/27\/propuesta-una-manana-diferente\/abuelos-mercedes\/#main\" data-orig-file=\"https:\/\/www.hoymercedes.com.ar\/principal\/wp-content\/uploads\/2016\/01\/abuelos-mercedes.jpg\" data-orig-size=\"945,630\" data-comments-opened=\"1\" data-image-meta=\"{&quot;aperture&quot;:&quot;0&quot;,&quot;credit&quot;:&quot;&quot;,&quot;camera&quot;:&quot;&quot;,&quot;caption&quot;:&quot;&quot;,&quot;created_timestamp&quot;:&quot;0&quot;,&quot;copyright&quot;:&quot;&quot;,&quot;focal_length&quot;:&quot;0&quot;,&quot;iso&quot;:&quot;0&quot;,&quot;shutter_speed&quot;:&quot;0&quot;,&quot;title&quot;:&quot;&quot;,&quot;orientation&quot;:&quot;0&quot;}\" data-image-title=\"abuelos-mercedes\" data-image-description=\"\" data-image-caption=\"\" data-large-file=\"https:\/\/www.hoymercedes.com.ar\/principal\/wp-content\/uploads\/2016\/01\/abuelos-mercedes.jpg\" class=\"wp-image-46967 size-medium\" src=\"https:\/\/www.hoymercedes.com.ar\/principal\/wp-content\/uploads\/2016\/01\/abuelos-mercedes-630x420.jpg\" alt=\"abuelos-mercedes\" width=\"630\" height=\"420\" srcset=\"https:\/\/www.hoymercedes.com.ar\/principal\/wp-content\/uploads\/2016\/01\/abuelos-mercedes-630x420.jpg 630w, https:\/\/www.hoymercedes.com.ar\/principal\/wp-content\/uploads\/2016\/01\/abuelos-mercedes-150x100.jpg 150w, https:\/\/www.hoymercedes.com.ar\/principal\/wp-content\/uploads\/2016\/01\/abuelos-mercedes-768x512.jpg 768w, https:\/\/www.hoymercedes.com.ar\/principal\/wp-content\/uploads\/2016\/01\/abuelos-mercedes-300x200.jpg 300w, https:\/\/www.hoymercedes.com.ar\/principal\/wp-content\/uploads\/2016\/01\/abuelos-mercedes.jpg 945w\" sizes=\"auto, (max-width: 630px) 100vw, 630px\" \/><figcaption id=\"caption-attachment-46967\" class=\"wp-caption-text\">Abuelos mercedinos&#8230;<\/figcaption><\/figure>\n<p>&nbsp;<\/p>\n<p>La semana pasada se realiz\u00f3 la primera jornada recreativa en el Sindicato de la Carne organizada por la Secretaria de Salud en conjunto con la Direcci\u00f3n de Adultos Mayores y la Direcci\u00f3n de Deporte.<br \/>\nLa ma\u00f1ana transcurri\u00f3 con mucha alegr\u00eda entre actividades recreativas y deportivas.<\/p>\n<figure id=\"attachment_46968\" aria-describedby=\"caption-attachment-46968\" style=\"width: 620px\" class=\"wp-caption aligncenter\"><img loading=\"lazy\" decoding=\"async\" data-attachment-id=\"46968\" data-permalink=\"https:\/\/www.hoymercedes.com.ar\/principal\/2016\/01\/27\/propuesta-una-manana-diferente\/abuelos-mercede2\/#main\" data-orig-file=\"https:\/\/www.hoymercedes.com.ar\/principal\/wp-content\/uploads\/2016\/01\/abuelos-mercede2.jpg\" data-orig-size=\"784,523\" data-comments-opened=\"1\" data-image-meta=\"{&quot;aperture&quot;:&quot;0&quot;,&quot;credit&quot;:&quot;&quot;,&quot;camera&quot;:&quot;&quot;,&quot;caption&quot;:&quot;&quot;,&quot;created_timestamp&quot;:&quot;0&quot;,&quot;copyright&quot;:&quot;&quot;,&quot;focal_length&quot;:&quot;0&quot;,&quot;iso&quot;:&quot;0&quot;,&quot;shutter_speed&quot;:&quot;0&quot;,&quot;title&quot;:&quot;&quot;,&quot;orientation&quot;:&quot;0&quot;}\" data-image-title=\"abuelos-mercede2\" data-image-description=\"\" data-image-caption=\"\" data-large-file=\"https:\/\/www.hoymercedes.com.ar\/principal\/wp-content\/uploads\/2016\/01\/abuelos-mercede2.jpg\" class=\"wp-image-46968 size-medium\" src=\"https:\/\/www.hoymercedes.com.ar\/principal\/wp-content\/uploads\/2016\/01\/abuelos-mercede2-630x420.jpg\" alt=\"abuelos-mercede2\" width=\"630\" height=\"420\" srcset=\"https:\/\/www.hoymercedes.com.ar\/principal\/wp-content\/uploads\/2016\/01\/abuelos-mercede2-630x420.jpg 630w, https:\/\/www.hoymercedes.com.ar\/principal\/wp-content\/uploads\/2016\/01\/abuelos-mercede2-150x100.jpg 150w, https:\/\/www.hoymercedes.com.ar\/principal\/wp-content\/uploads\/2016\/01\/abuelos-mercede2-768x512.jpg 768w, https:\/\/www.hoymercedes.com.ar\/principal\/wp-content\/uploads\/2016\/01\/abuelos-mercede2-300x200.jpg 300w, https:\/\/www.hoymercedes.com.ar\/principal\/wp-content\/uploads\/2016\/01\/abuelos-mercede2.jpg 784w\" sizes=\"auto, (max-width: 630px) 100vw, 630px\" \/><figcaption id=\"caption-attachment-46968\" class=\"wp-caption-text\">Abuelos pasando una jornada juntos&#8230;<\/figcaption><\/figure>\n<p>El intendente Juan Ignacio Ustarroz estuvo presente junto al Secretario de Salud Pablo Cassiani y a la Coordinadora de Adultos Mayores Victoria O\u00b4Dell<br \/>\nM\u00e1s de 60 adultos se sumaron a la propuesta con mucha alegr\u00eda y entusiasmo. Por tal motivo dicho encuentro se repetir\u00e1 el jueves 28 de enero desde las 10 hasta las 13hs, en calle 113 entre 48 y 50.<\/p>\n<figure id=\"attachment_46969\" aria-describedby=\"caption-attachment-46969\" style=\"width: 620px\" class=\"wp-caption aligncenter\"><img loading=\"lazy\" decoding=\"async\" data-attachment-id=\"46969\" data-permalink=\"https:\/\/www.hoymercedes.com.ar\/principal\/2016\/01\/27\/propuesta-una-manana-diferente\/abuelos-mercedes-3\/#main\" data-orig-file=\"https:\/\/www.hoymercedes.com.ar\/principal\/wp-content\/uploads\/2016\/01\/abuelos-mercedes-3.jpg\" data-orig-size=\"784,523\" data-comments-opened=\"1\" data-image-meta=\"{&quot;aperture&quot;:&quot;0&quot;,&quot;credit&quot;:&quot;&quot;,&quot;camera&quot;:&quot;&quot;,&quot;caption&quot;:&quot;&quot;,&quot;created_timestamp&quot;:&quot;0&quot;,&quot;copyright&quot;:&quot;&quot;,&quot;focal_length&quot;:&quot;0&quot;,&quot;iso&quot;:&quot;0&quot;,&quot;shutter_speed&quot;:&quot;0&quot;,&quot;title&quot;:&quot;&quot;,&quot;orientation&quot;:&quot;0&quot;}\" data-image-title=\"abuelos-mercedes-3\" data-image-description=\"\" data-image-caption=\"\" data-large-file=\"https:\/\/www.hoymercedes.com.ar\/principal\/wp-content\/uploads\/2016\/01\/abuelos-mercedes-3.jpg\" class=\"wp-image-46969 size-medium\" src=\"https:\/\/www.hoymercedes.com.ar\/principal\/wp-content\/uploads\/2016\/01\/abuelos-mercedes-3-630x420.jpg\" alt=\"abuelos-mercedes-3\" width=\"630\" height=\"420\" srcset=\"https:\/\/www.hoymercedes.com.ar\/principal\/wp-content\/uploads\/2016\/01\/abuelos-mercedes-3-630x420.jpg 630w, https:\/\/www.hoymercedes.com.ar\/principal\/wp-content\/uploads\/2016\/01\/abuelos-mercedes-3-150x100.jpg 150w, https:\/\/www.hoymercedes.com.ar\/principal\/wp-content\/uploads\/2016\/01\/abuelos-mercedes-3-768x512.jpg 768w, https:\/\/www.hoymercedes.com.ar\/principal\/wp-content\/uploads\/2016\/01\/abuelos-mercedes-3-300x200.jpg 300w, https:\/\/www.hoymercedes.com.ar\/principal\/wp-content\/uploads\/2016\/01\/abuelos-mercedes-3.jpg 784w\" sizes=\"auto, (max-width: 630px) 100vw, 630px\" \/><figcaption id=\"caption-attachment-46969\" class=\"wp-caption-text\">Intendente Ustarroz<\/figcaption><\/figure>\n<p>Todos aquellos abuelos que quieran participar pueden hacerlo, en este nuevo encuentro se realizar\u00e1 una parrillada (lo \u00fanico que deben llevar son las hamburguesa y el pan)<br \/>\nDurante la jornada se realizan juegos de mesa, como ajedrez, damas y domin\u00f3, tejo, juegos de pelota y aquadance.<\/p>\n","protected":false},"excerpt":{"rendered":"<p>&nbsp; La semana pasada se realiz\u00f3 la primera jornada recreativa en el Sindicato de la Carne organizada por la Secretaria &#8230; <a title=\"Propuesta: Una ma\u00f1ana diferente\" class=\"read-more\" href=\"https:\/\/www.hoymercedes.com.ar\/principal\/2016\/01\/27\/propuesta-una-manana-diferente\/\" aria-label=\"Leer m\u00e1s sobre Propuesta: Una ma\u00f1ana diferente\">Leer m\u00e1s<\/a><\/p>\n","protected":false},"author":1,"featured_media":46968,"comment_status":"open","ping_status":"open","sticky":false,"template":"","format":"standard","meta":{"_monsterinsights_skip_tracking":false,"_monsterinsights_sitenote_active":false,"_monsterinsights_sitenote_note":"","_monsterinsights_sitenote_category":0,"jetpack_post_was_ever_published":false,"_jetpack_newsletter_access":"","_jetpack_dont_email_post_to_subs":false,"_jetpack_newsletter_tier_id":0,"_jetpack_memberships_contains_paywalled_content":false,"_jetpack_memberships_contains_paid_content":false,"footnotes":"","jetpack_publicize_message":"","jetpack_publicize_feature_enabled":true,"jetpack_social_post_already_shared":true,"jetpack_social_options":{"image_generator_settings":{"template":"highway","default_image_id":0,"font":"","enabled":false},"version":2},"_wpas_customize_per_network":false},"categories":[8],"tags":[8429,5112,1239],"class_list":["post-46966","post","type-post","status-publish","format-standard","has-post-thumbnail","hentry","category-sociedad","tag-abuelos-mercedinos","tag-tercera-edad","tag-villa-abrile","generate-columns","tablet-grid-50","mobile-grid-100","grid-parent","grid-50"],"jetpack_publicize_connections":[],"jetpack_featured_media_url":"https:\/\/www.hoymercedes.com.ar\/principal\/wp-content\/uploads\/2016\/01\/abuelos-mercede2.jpg","wps_subtitle":"Salud, deporte y tercera edad ","jetpack_sharing_enabled":true,"_links":{"self":[{"href":"https:\/\/www.hoymercedes.com.ar\/principal\/wp-json\/wp\/v2\/posts\/46966","targetHints":{"allow":["GET"]}}],"collection":[{"href":"https:\/\/www.hoymercedes.com.ar\/principal\/wp-json\/wp\/v2\/posts"}],"about":[{"href":"https:\/\/www.hoymercedes.com.ar\/principal\/wp-json\/wp\/v2\/types\/post"}],"author":[{"embeddable":true,"href":"https:\/\/www.hoymercedes.com.ar\/principal\/wp-json\/wp\/v2\/users\/1"}],"replies":[{"embeddable":true,"href":"https:\/\/www.hoymercedes.com.ar\/principal\/wp-json\/wp\/v2\/comments?post=46966"}],"version-history":[{"count":0,"href":"https:\/\/www.hoymercedes.com.ar\/principal\/wp-json\/wp\/v2\/posts\/46966\/revisions"}],"wp:featuredmedia":[{"embeddable":true,"href":"https:\/\/www.hoymercedes.com.ar\/principal\/wp-json\/wp\/v2\/media\/46968"}],"wp:attachment":[{"href":"https:\/\/www.hoymercedes.com.ar\/principal\/wp-json\/wp\/v2\/media?parent=46966"}],"wp:term":[{"taxonomy":"category","embeddable":true,"href":"https:\/\/www.hoymercedes.com.ar\/principal\/wp-json\/wp\/v2\/categories?post=46966"},{"taxonomy":"post_tag","embeddable":true,"href":"https:\/\/www.hoymercedes.com.ar\/principal\/wp-json\/wp\/v2\/tags?post=46966"}],"curies":[{"name":"wp","href":"https:\/\/api.w.org\/{rel}","templated":true}]}}