{"id":4699,"date":"2011-06-02T02:46:54","date_gmt":"2011-06-02T02:46:54","guid":{"rendered":"http:\/\/www.hoymercedes.com.ar\/principal\/?p=4699"},"modified":"2011-06-04T03:24:00","modified_gmt":"2011-06-04T03:24:00","slug":"arzovispado-mercedes-se-manifiesta-en-relacion-a-terrenos","status":"publish","type":"post","link":"https:\/\/www.hoymercedes.com.ar\/principal\/2011\/06\/02\/arzovispado-mercedes-se-manifiesta-en-relacion-a-terrenos\/","title":{"rendered":"Arzobispado Mercedes se manifiesta en relaci\u00f3n a terrenos"},"content":{"rendered":"<p>Mercedes, 1\u00ba de junio de 2011.<\/p>\n<p>Ante los hechos acaecidos y de publico conocimiento, de la toma de un sector del predio \u00abVilla Anunciaci\u00f3n\u00bb, de propiedad de este arzobispado, que fuera donado por la familia Acevedo, y ante las versiones que circulan en el sentido de que el Arzobispado ceder\u00eda o vender\u00eda a muy bajo precio dicho predio, el Arzobispado de Mercedes Luj\u00e1n siente la obligaci\u00f3n de comunicar a toda la comunidad:<\/p>\n<p>1. Que lamenta profundamente que gente humilde haya sido protagonista y a la vez v\u00edctima de la toma del predio, mediante el enga\u00f1oso argumento de que el Arzobispado, una vez consumado el hecho, les ceder\u00eda o les vender\u00eda a muy bajo precio el predio tomado.<\/p>\n<p>2. Que oportunamente, por medio de su representante legal, el Arzobispado radic\u00f3 la denuncia penal por la toma de dicho predio.<\/p>\n<p>3. Que ese terreno est\u00e1 afectado a la construcci\u00f3n de una capilla y de un comedor comunitario, a cargo de la Iglesia Catedral.<\/p>\n<p>4.  Que, finalmente, el Arzobispado continuar\u00e1 con su proyecto una vez que el predio sea totalmente desocupado, raz\u00f3n por la cual no va a ceder ni vender a bajo precio el terreno tomado.<\/p>\n<p>&nbsp;<\/p>\n","protected":false},"excerpt":{"rendered":"<p>Mercedes, 1\u00ba de junio de 2011. Ante los hechos acaecidos y de publico conocimiento, de la toma de un sector &#8230; <a title=\"Arzobispado Mercedes se manifiesta en relaci\u00f3n a terrenos\" class=\"read-more\" href=\"https:\/\/www.hoymercedes.com.ar\/principal\/2011\/06\/02\/arzovispado-mercedes-se-manifiesta-en-relacion-a-terrenos\/\" aria-label=\"Leer m\u00e1s sobre Arzobispado Mercedes se manifiesta en relaci\u00f3n a terrenos\">Leer m\u00e1s<\/a><\/p>\n","protected":false},"author":1,"featured_media":0,"comment_status":"open","ping_status":"open","sticky":false,"template":"","format":"standard","meta":{"_monsterinsights_skip_tracking":false,"_monsterinsights_sitenote_active":false,"_monsterinsights_sitenote_note":"","_monsterinsights_sitenote_category":0,"jetpack_post_was_ever_published":false,"_jetpack_newsletter_access":"","_jetpack_dont_email_post_to_subs":false,"_jetpack_newsletter_tier_id":0,"_jetpack_memberships_contains_paywalled_content":false,"_jetpack_memberships_contains_paid_content":false,"footnotes":"","jetpack_publicize_message":"","jetpack_publicize_feature_enabled":true,"jetpack_social_post_already_shared":false,"jetpack_social_options":{"image_generator_settings":{"template":"highway","default_image_id":0,"font":"","enabled":false},"version":2},"_wpas_customize_per_network":false},"categories":[8],"tags":[863],"class_list":["post-4699","post","type-post","status-publish","format-standard","hentry","category-sociedad","tag-arzovispado-mercedes-lujan","generate-columns","tablet-grid-50","mobile-grid-100","grid-parent","grid-50"],"jetpack_publicize_connections":[],"jetpack_featured_media_url":"","wps_subtitle":"","jetpack_sharing_enabled":true,"_links":{"self":[{"href":"https:\/\/www.hoymercedes.com.ar\/principal\/wp-json\/wp\/v2\/posts\/4699","targetHints":{"allow":["GET"]}}],"collection":[{"href":"https:\/\/www.hoymercedes.com.ar\/principal\/wp-json\/wp\/v2\/posts"}],"about":[{"href":"https:\/\/www.hoymercedes.com.ar\/principal\/wp-json\/wp\/v2\/types\/post"}],"author":[{"embeddable":true,"href":"https:\/\/www.hoymercedes.com.ar\/principal\/wp-json\/wp\/v2\/users\/1"}],"replies":[{"embeddable":true,"href":"https:\/\/www.hoymercedes.com.ar\/principal\/wp-json\/wp\/v2\/comments?post=4699"}],"version-history":[{"count":0,"href":"https:\/\/www.hoymercedes.com.ar\/principal\/wp-json\/wp\/v2\/posts\/4699\/revisions"}],"wp:attachment":[{"href":"https:\/\/www.hoymercedes.com.ar\/principal\/wp-json\/wp\/v2\/media?parent=4699"}],"wp:term":[{"taxonomy":"category","embeddable":true,"href":"https:\/\/www.hoymercedes.com.ar\/principal\/wp-json\/wp\/v2\/categories?post=4699"},{"taxonomy":"post_tag","embeddable":true,"href":"https:\/\/www.hoymercedes.com.ar\/principal\/wp-json\/wp\/v2\/tags?post=4699"}],"curies":[{"name":"wp","href":"https:\/\/api.w.org\/{rel}","templated":true}]}}