{"id":47063,"date":"2016-02-02T22:26:36","date_gmt":"2016-02-03T01:26:36","guid":{"rendered":"http:\/\/www.hoymercedes.com.ar\/principal\/?p=47063"},"modified":"2016-02-02T22:26:36","modified_gmt":"2016-02-03T01:26:36","slug":"nuevamente-se-llevo-a-cabo-la-escuela-de-verano-en-la-unidad-5","status":"publish","type":"post","link":"https:\/\/www.hoymercedes.com.ar\/principal\/2016\/02\/02\/nuevamente-se-llevo-a-cabo-la-escuela-de-verano-en-la-unidad-5\/","title":{"rendered":"Nuevamente se llev\u00f3 a cabo la escuela de verano en la Unidad 5"},"content":{"rendered":"<p><img loading=\"lazy\" decoding=\"async\" data-attachment-id=\"47065\" data-permalink=\"https:\/\/www.hoymercedes.com.ar\/principal\/2016\/02\/02\/nuevamente-se-llevo-a-cabo-la-escuela-de-verano-en-la-unidad-5\/escuela-verano2016-2\/#main\" data-orig-file=\"https:\/\/www.hoymercedes.com.ar\/principal\/wp-content\/uploads\/2016\/02\/escuela-verano2016-2.jpg\" data-orig-size=\"620,348\" data-comments-opened=\"1\" data-image-meta=\"{&quot;aperture&quot;:&quot;0&quot;,&quot;credit&quot;:&quot;&quot;,&quot;camera&quot;:&quot;&quot;,&quot;caption&quot;:&quot;&quot;,&quot;created_timestamp&quot;:&quot;0&quot;,&quot;copyright&quot;:&quot;&quot;,&quot;focal_length&quot;:&quot;0&quot;,&quot;iso&quot;:&quot;0&quot;,&quot;shutter_speed&quot;:&quot;0&quot;,&quot;title&quot;:&quot;&quot;,&quot;orientation&quot;:&quot;0&quot;}\" data-image-title=\"escuela-verano2016-2\" data-image-description=\"\" data-image-caption=\"\" data-large-file=\"https:\/\/www.hoymercedes.com.ar\/principal\/wp-content\/uploads\/2016\/02\/escuela-verano2016-2.jpg\" class=\"aligncenter size-medium wp-image-47065\" src=\"https:\/\/www.hoymercedes.com.ar\/principal\/wp-content\/uploads\/2016\/02\/escuela-verano2016-2.jpg\" alt=\"escuela-verano2016-2\" width=\"620\" height=\"348\" srcset=\"https:\/\/www.hoymercedes.com.ar\/principal\/wp-content\/uploads\/2016\/02\/escuela-verano2016-2.jpg 620w, https:\/\/www.hoymercedes.com.ar\/principal\/wp-content\/uploads\/2016\/02\/escuela-verano2016-2-150x84.jpg 150w\" sizes=\"auto, (max-width: 620px) 100vw, 620px\" \/><\/p>\n<p>La Escuela Primaria de Adultos N\u00ba 701, con sede en la Unidad 5 de Mercedes, realizo durante el mes de enero, por tercer a\u00f1o consecutivo, la Escuela de Verano, para una matr\u00edcula de 70 internos y 15 internas.<\/p>\n<p>Las actividades fueron variadas, y preferentemente de recreaci\u00f3n, manuales y l\u00fadicas, llevando el conocimiento desde otro lugar, realizaron artesan\u00edas, trabajo en diversos materiales, juegos de ingenio, palabras cruzadas, desaf\u00edos matem\u00e1ticos, etc., y el cierre semanal fueron viernes de cine, donde luego de mirar la pel\u00edcula elegida, realizaban tareas referidas al tema.<\/p>\n<p>Estas Escuelas\u00a0 tienen como objetivo que los alumnos contin\u00faen yendo,\u00a0 o que conozcan y se acerquen a la instituci\u00f3n educativa durante el periodo de verano para que luego ingresen a alguna de las ofertas educativas que tiene la Unidad.<\/p>\n<p>Los cursos se extendieron por todo el\u00a0 mes de enero y fueron dictados de lunes a vier<br \/>\nnes, en el turno de la ma\u00f1ana de 8.30 a 11.00 hs.<img loading=\"lazy\" decoding=\"async\" data-attachment-id=\"47064\" data-permalink=\"https:\/\/www.hoymercedes.com.ar\/principal\/2016\/02\/02\/nuevamente-se-llevo-a-cabo-la-escuela-de-verano-en-la-unidad-5\/escuela-verano2016\/#main\" data-orig-file=\"https:\/\/www.hoymercedes.com.ar\/principal\/wp-content\/uploads\/2016\/02\/escuela-verano2016.jpg\" data-orig-size=\"620,348\" data-comments-opened=\"1\" data-image-meta=\"{&quot;aperture&quot;:&quot;0&quot;,&quot;credit&quot;:&quot;&quot;,&quot;camera&quot;:&quot;&quot;,&quot;caption&quot;:&quot;&quot;,&quot;created_timestamp&quot;:&quot;0&quot;,&quot;copyright&quot;:&quot;&quot;,&quot;focal_length&quot;:&quot;0&quot;,&quot;iso&quot;:&quot;0&quot;,&quot;shutter_speed&quot;:&quot;0&quot;,&quot;title&quot;:&quot;&quot;,&quot;orientation&quot;:&quot;0&quot;}\" data-image-title=\"escuela-verano2016\" data-image-description=\"\" data-image-caption=\"\" data-large-file=\"https:\/\/www.hoymercedes.com.ar\/principal\/wp-content\/uploads\/2016\/02\/escuela-verano2016.jpg\" class=\"aligncenter size-full wp-image-47064\" src=\"https:\/\/www.hoymercedes.com.ar\/principal\/wp-content\/uploads\/2016\/02\/escuela-verano2016.jpg\" alt=\"escuela-verano2016\" width=\"620\" height=\"348\" srcset=\"https:\/\/www.hoymercedes.com.ar\/principal\/wp-content\/uploads\/2016\/02\/escuela-verano2016.jpg 620w, https:\/\/www.hoymercedes.com.ar\/principal\/wp-content\/uploads\/2016\/02\/escuela-verano2016-150x84.jpg 150w\" sizes=\"auto, (max-width: 620px) 100vw, 620px\" \/><\/p>\n<p>La Directora de la Escuela de Verano fue Valeria Bell, acompa\u00f1ada de Cecilia Espindola y Daniela Mi\u00f1o, \u00e9sta \u00faltima dio clases en el anexo femenino a las internas.<\/p>\n<p>Valeria Bell, y su equipo de docentes agradece a la Panader\u00eda 25 de Mayo y al Autom\u00f3vil Club Argentino que desinteresadamente colaboraron con esta Escuela, donando facturas y los diarios y revistas para que las clases tengan un \u201csabor\u201d especial y material para desarrollarlas.<\/p>\n","protected":false},"excerpt":{"rendered":"<p>La Escuela Primaria de Adultos N\u00ba 701, con sede en la Unidad 5 de Mercedes, realizo durante el mes de &#8230; <a title=\"Nuevamente se llev\u00f3 a cabo la escuela de verano en la Unidad 5\" class=\"read-more\" href=\"https:\/\/www.hoymercedes.com.ar\/principal\/2016\/02\/02\/nuevamente-se-llevo-a-cabo-la-escuela-de-verano-en-la-unidad-5\/\" aria-label=\"Leer m\u00e1s sobre Nuevamente se llev\u00f3 a cabo la escuela de verano en la Unidad 5\">Leer m\u00e1s<\/a><\/p>\n","protected":false},"author":1,"featured_media":47065,"comment_status":"open","ping_status":"open","sticky":false,"template":"","format":"standard","meta":{"_monsterinsights_skip_tracking":false,"_monsterinsights_sitenote_active":false,"_monsterinsights_sitenote_note":"","_monsterinsights_sitenote_category":0,"jetpack_post_was_ever_published":false,"_jetpack_newsletter_access":"","_jetpack_dont_email_post_to_subs":false,"_jetpack_newsletter_tier_id":0,"_jetpack_memberships_contains_paywalled_content":false,"_jetpack_memberships_contains_paid_content":false,"footnotes":"","jetpack_publicize_message":"","jetpack_publicize_feature_enabled":true,"jetpack_social_post_already_shared":true,"jetpack_social_options":{"image_generator_settings":{"template":"highway","default_image_id":0,"font":"","enabled":false},"version":2},"_wpas_customize_per_network":false},"categories":[8],"tags":[8454,113],"class_list":["post-47063","post","type-post","status-publish","format-standard","has-post-thumbnail","hentry","category-sociedad","tag-escuela-de-verano","tag-unidad-5","generate-columns","tablet-grid-50","mobile-grid-100","grid-parent","grid-50"],"jetpack_publicize_connections":[],"jetpack_featured_media_url":"https:\/\/www.hoymercedes.com.ar\/principal\/wp-content\/uploads\/2016\/02\/escuela-verano2016-2.jpg","wps_subtitle":"Servicio Penitenciario Bonaerense","jetpack_sharing_enabled":true,"_links":{"self":[{"href":"https:\/\/www.hoymercedes.com.ar\/principal\/wp-json\/wp\/v2\/posts\/47063","targetHints":{"allow":["GET"]}}],"collection":[{"href":"https:\/\/www.hoymercedes.com.ar\/principal\/wp-json\/wp\/v2\/posts"}],"about":[{"href":"https:\/\/www.hoymercedes.com.ar\/principal\/wp-json\/wp\/v2\/types\/post"}],"author":[{"embeddable":true,"href":"https:\/\/www.hoymercedes.com.ar\/principal\/wp-json\/wp\/v2\/users\/1"}],"replies":[{"embeddable":true,"href":"https:\/\/www.hoymercedes.com.ar\/principal\/wp-json\/wp\/v2\/comments?post=47063"}],"version-history":[{"count":0,"href":"https:\/\/www.hoymercedes.com.ar\/principal\/wp-json\/wp\/v2\/posts\/47063\/revisions"}],"wp:featuredmedia":[{"embeddable":true,"href":"https:\/\/www.hoymercedes.com.ar\/principal\/wp-json\/wp\/v2\/media\/47065"}],"wp:attachment":[{"href":"https:\/\/www.hoymercedes.com.ar\/principal\/wp-json\/wp\/v2\/media?parent=47063"}],"wp:term":[{"taxonomy":"category","embeddable":true,"href":"https:\/\/www.hoymercedes.com.ar\/principal\/wp-json\/wp\/v2\/categories?post=47063"},{"taxonomy":"post_tag","embeddable":true,"href":"https:\/\/www.hoymercedes.com.ar\/principal\/wp-json\/wp\/v2\/tags?post=47063"}],"curies":[{"name":"wp","href":"https:\/\/api.w.org\/{rel}","templated":true}]}}