{"id":4708,"date":"2011-06-03T01:37:38","date_gmt":"2011-06-03T01:37:38","guid":{"rendered":"http:\/\/www.hoymercedes.com.ar\/principal\/?p=4708"},"modified":"2011-06-03T01:37:38","modified_gmt":"2011-06-03T01:37:38","slug":"%e2%80%9c2-de-junio-dia-del-bombero-voluntario%e2%80%9d","status":"publish","type":"post","link":"https:\/\/www.hoymercedes.com.ar\/principal\/2011\/06\/03\/%e2%80%9c2-de-junio-dia-del-bombero-voluntario%e2%80%9d\/","title":{"rendered":"\u201c2 de Junio D\u00eda del Bombero Voluntario\u201d"},"content":{"rendered":"<p>S\u00edntesis de la historia de los Bomberos Voluntarios en Argentina.<\/p>\n<p>Durante el Gobierno del General Julio Argentino Roca (1880-1886) se produjo en nuestro pa\u00eds lo posteriormente conocido como \u201caluvi\u00f3n inmigratorio\u201d: Italianos \u2013 Holandeses \u2013 Alemanes, etc. Se embarcaron para Am\u00e9rica sin saber con precisi\u00f3n ad\u00f3nde iban ni como eran esas lejanas regiones. Los grandes contingentes de inmigrantes, en su gran mayor\u00eda quedaron en Buenos Aires y fue en el a\u00f1o 1884, en un populoso barrio de la Capital Federal, donde naci\u00f3 la primera Sociedad de Bomberos Voluntarios del pa\u00eds.<\/p>\n<p>Las construcciones eran, en aquellos tiempos, casi todas de madera y zinc, y por eso ofrec\u00edan un continuo y serio peligro para la poblaci\u00f3n.<\/p>\n<p>Se necesitaba una entidad que asumiese su defensa. As\u00ed en algunos ciudadanos, animados por un alto sentimiento de humanidad surgi\u00f3 la idea de fundar la \u201cSociedad Pompieri Voluntari Della Boca\u201d.<\/p>\n<p>Los Sres. L\u00e1zaro Baglietto, Tom\u00e1s Liberti, Luis Polinelli y otros, despu\u00e9s de varias reuniones preliminares dieron a conocer a la poblaci\u00f3n un manifiesto, que dec\u00eda:<\/p>\n<p>\u201cCiudadanos: una chispa podr\u00eda desarrollar un voraz incendio que reducir\u00eda a cenizas nuestras habitaciones de madera. Tenemos necesidad de una Sociedad de Bomberos que en los momentos de peligro salven nuestros bienes y nuestras familias. Con tal motivo invitamos a la reuni\u00f3n que tendr\u00e1 lugar el Domingo p.v. a las 3 p.m. en el ateneo Iris.<\/p>\n<p>\u00a1Conciudadanos! La idea iniciada por pocos tiene necesidad de todos vosotros y de vuestro v\u00e1lido apoyo, y tendremos el orgullo de haber constituido una Asociaci\u00f3n filantr\u00f3pica. El domingo entonces, en el ateneo Iris, que nadie falte\u201d.<\/p>\n<p>De esa forma el 2 de Junio de 1884, -fecha que qued\u00f3 consagrada en el pa\u00eds como el d\u00eda del Bombero Voluntario \u2013 se cre\u00f3 la primera Sociedad de Bomberos Voluntarios de la Rep\u00fablica, que cont\u00f3 con el incondicional apoyo de todos los pobladores del tradicional barrio porte\u00f1o.<\/p>\n<p>Su cuerpo activo recibi\u00f3  el bautismo del fuego en un gran incendio de la f\u00e1brica de velas de Barracas al Sud, el 14 de Noviembre de 1885, obteniendo el elogio del pueblo y de la prensa en general. Esto motiv\u00f3 que la Capitan\u00eda del puerto de la Capital cediera al cuerpo dos bombas a vapor que fueron bautizadas con los nombres de \u201cJos\u00e9 Fern\u00e1ndez\u201d, entonces diputado nacional; y la otra \u201cArgentina\u201d.<\/p>\n<p>Cuando nada lo hac\u00eda prever, el 9 de noviembre de 1889, el Presidente de la Naci\u00f3n, Dr. Ju\u00e1rez Celman, dict\u00f3 un decreto por el cual se prohib\u00eda al cuerpo de Bomberos Voluntarios de la Boca concurrir a los incendios y dem\u00e1s siniestros. Esta situaci\u00f3n perdur\u00f3 hasta el mes de Septiembre de 1890, fecha en que el entonces presidente de la Rep\u00fablica, Dr. Carlos Pellegrini, anul\u00f3 el decreto arriba mencionado, medida que fue recibida con gran j\u00fabilo por toda la poblaci\u00f3n.<\/p>\n<p>El 15 de Junio de 1900 se inaugur\u00f3  su edificio social, siendo padrino el entonces presidente Tte. General Julio A. Roca y madrina la marquesa Luisa Malaspina, esposa del embajador italiano.<\/p>\n<p>Se hace necesario recordar al Sr. Orestes Liberti nacido en 1860, como primer Bombero Voluntario del pa\u00eds y primer Comandante de Bomberos Voluntarios de la Boca.<\/p>\n","protected":false},"excerpt":{"rendered":"<p>S\u00edntesis de la historia de los Bomberos Voluntarios en Argentina. Durante el Gobierno del General Julio Argentino Roca (1880-1886) se &#8230; <a title=\"\u201c2 de Junio D\u00eda del Bombero Voluntario\u201d\" class=\"read-more\" href=\"https:\/\/www.hoymercedes.com.ar\/principal\/2011\/06\/03\/%e2%80%9c2-de-junio-dia-del-bombero-voluntario%e2%80%9d\/\" aria-label=\"Leer m\u00e1s sobre \u201c2 de Junio D\u00eda del Bombero Voluntario\u201d\">Leer m\u00e1s<\/a><\/p>\n","protected":false},"author":1,"featured_media":0,"comment_status":"open","ping_status":"open","sticky":false,"template":"","format":"standard","meta":{"_monsterinsights_skip_tracking":false,"_monsterinsights_sitenote_active":false,"_monsterinsights_sitenote_note":"","_monsterinsights_sitenote_category":0,"jetpack_post_was_ever_published":false,"_jetpack_newsletter_access":"","_jetpack_dont_email_post_to_subs":false,"_jetpack_newsletter_tier_id":0,"_jetpack_memberships_contains_paywalled_content":false,"_jetpack_memberships_contains_paid_content":false,"footnotes":"","jetpack_publicize_message":"","jetpack_publicize_feature_enabled":true,"jetpack_social_post_already_shared":false,"jetpack_social_options":{"image_generator_settings":{"template":"highway","default_image_id":0,"font":"","enabled":false},"version":2},"_wpas_customize_per_network":false},"categories":[8],"tags":[865,866],"class_list":["post-4708","post","type-post","status-publish","format-standard","hentry","category-sociedad","tag-bomberos-voluntarios","tag-dia-del-bombero","generate-columns","tablet-grid-50","mobile-grid-100","grid-parent","grid-50"],"jetpack_publicize_connections":[],"jetpack_featured_media_url":"","wps_subtitle":"","jetpack_sharing_enabled":true,"_links":{"self":[{"href":"https:\/\/www.hoymercedes.com.ar\/principal\/wp-json\/wp\/v2\/posts\/4708","targetHints":{"allow":["GET"]}}],"collection":[{"href":"https:\/\/www.hoymercedes.com.ar\/principal\/wp-json\/wp\/v2\/posts"}],"about":[{"href":"https:\/\/www.hoymercedes.com.ar\/principal\/wp-json\/wp\/v2\/types\/post"}],"author":[{"embeddable":true,"href":"https:\/\/www.hoymercedes.com.ar\/principal\/wp-json\/wp\/v2\/users\/1"}],"replies":[{"embeddable":true,"href":"https:\/\/www.hoymercedes.com.ar\/principal\/wp-json\/wp\/v2\/comments?post=4708"}],"version-history":[{"count":0,"href":"https:\/\/www.hoymercedes.com.ar\/principal\/wp-json\/wp\/v2\/posts\/4708\/revisions"}],"wp:attachment":[{"href":"https:\/\/www.hoymercedes.com.ar\/principal\/wp-json\/wp\/v2\/media?parent=4708"}],"wp:term":[{"taxonomy":"category","embeddable":true,"href":"https:\/\/www.hoymercedes.com.ar\/principal\/wp-json\/wp\/v2\/categories?post=4708"},{"taxonomy":"post_tag","embeddable":true,"href":"https:\/\/www.hoymercedes.com.ar\/principal\/wp-json\/wp\/v2\/tags?post=4708"}],"curies":[{"name":"wp","href":"https:\/\/api.w.org\/{rel}","templated":true}]}}