{"id":4714,"date":"2011-06-03T01:40:58","date_gmt":"2011-06-03T01:40:58","guid":{"rendered":"http:\/\/www.hoymercedes.com.ar\/principal\/?p=4714"},"modified":"2011-06-03T01:40:58","modified_gmt":"2011-06-03T01:40:58","slug":"comunicado-federacion-de-sindicatos-de-trabajadores-municipales-de-la-provincia-de-buenos-aires","status":"publish","type":"post","link":"https:\/\/www.hoymercedes.com.ar\/principal\/2011\/06\/03\/comunicado-federacion-de-sindicatos-de-trabajadores-municipales-de-la-provincia-de-buenos-aires\/","title":{"rendered":"Comunicado Federaci\u00f3n de Sindicatos de Trabajadores Municipales de la Provincia de Buenos Aires"},"content":{"rendered":"<p>Comunicado Federaci\u00f3n de Sindicatos de Trabajadores Municipales de la Provincia de Buenos Aires<\/p>\n<p>En d\u00eda 30 del corriente se ha llevado a cabo una reuni\u00f3n con los representantes del Consejo Directivo de la Federaci\u00f3n de Sindicatos de Trabajadores Municipales de la Provincia de Buenos Aires, encabezada por el compa\u00f1ero Oscar Ruggiero y representantes del Gobierno de la Provincia de Buenos Aires: el  Ministro de Gobierno de la Provincia, Eduardo Cama\u00f1o;  el Subsecretario de Asuntos Municipales Dr. Alberto De Fazio; el Presidente del Instituto de Previsi\u00f3n Social de la Pcia. de Bs. As., Dr. Javier Mazza y el Ministro de Trabajo, Dr. Oscar Cuartango.<\/p>\n<p>En dicha reuni\u00f3n, en la que se trataron diversos temas inherentes a la actividad municipal, se logro obtener  la Jubilaci\u00f3n Autom\u00e1tica para los municipales puros (es decir que el total de la antig\u00fcedad sea del \u00e1mbito municipal); tambi\u00e9n el nombramiento de dos (2)  representantes  Federativos, tanto ante el IPS como en el IOMA con el fin que, de manera permanente se dediquen a la agilizaci\u00f3n de las resoluciones que ata\u00f1en a los compa\u00f1eros municipales de toda la provincia.<\/p>\n<p>&nbsp;<\/p>\n<p>Este es un avance importante para la familia municipal y es el principio del camino que esta Conducci\u00f3n se ha propuesto y ha puesto en marcha, debiendo agradecer la buena predisposici\u00f3n tanto del se\u00f1or Gobernador como del resto de su gabinete.<\/p>\n<p>Consejo Directivo<\/p>\n<p>&nbsp;<\/p>\n","protected":false},"excerpt":{"rendered":"<p>Comunicado Federaci\u00f3n de Sindicatos de Trabajadores Municipales de la Provincia de Buenos Aires En d\u00eda 30 del corriente se ha &#8230; <a title=\"Comunicado Federaci\u00f3n de Sindicatos de Trabajadores Municipales de la Provincia de Buenos Aires\" class=\"read-more\" href=\"https:\/\/www.hoymercedes.com.ar\/principal\/2011\/06\/03\/comunicado-federacion-de-sindicatos-de-trabajadores-municipales-de-la-provincia-de-buenos-aires\/\" aria-label=\"Leer m\u00e1s sobre Comunicado Federaci\u00f3n de Sindicatos de Trabajadores Municipales de la Provincia de Buenos Aires\">Leer m\u00e1s<\/a><\/p>\n","protected":false},"author":1,"featured_media":0,"comment_status":"open","ping_status":"open","sticky":false,"template":"","format":"standard","meta":{"_monsterinsights_skip_tracking":false,"_monsterinsights_sitenote_active":false,"_monsterinsights_sitenote_note":"","_monsterinsights_sitenote_category":0,"jetpack_post_was_ever_published":false,"_jetpack_newsletter_access":"","_jetpack_dont_email_post_to_subs":false,"_jetpack_newsletter_tier_id":0,"_jetpack_memberships_contains_paywalled_content":false,"_jetpack_memberships_contains_paid_content":false,"footnotes":"","jetpack_publicize_message":"","jetpack_publicize_feature_enabled":true,"jetpack_social_post_already_shared":false,"jetpack_social_options":{"image_generator_settings":{"template":"highway","default_image_id":0,"font":"","enabled":false},"version":2},"_wpas_customize_per_network":false},"categories":[8],"tags":[461],"class_list":["post-4714","post","type-post","status-publish","format-standard","hentry","category-sociedad","tag-sindicato-municipal","generate-columns","tablet-grid-50","mobile-grid-100","grid-parent","grid-50"],"jetpack_publicize_connections":[],"jetpack_featured_media_url":"","wps_subtitle":"","jetpack_sharing_enabled":true,"_links":{"self":[{"href":"https:\/\/www.hoymercedes.com.ar\/principal\/wp-json\/wp\/v2\/posts\/4714","targetHints":{"allow":["GET"]}}],"collection":[{"href":"https:\/\/www.hoymercedes.com.ar\/principal\/wp-json\/wp\/v2\/posts"}],"about":[{"href":"https:\/\/www.hoymercedes.com.ar\/principal\/wp-json\/wp\/v2\/types\/post"}],"author":[{"embeddable":true,"href":"https:\/\/www.hoymercedes.com.ar\/principal\/wp-json\/wp\/v2\/users\/1"}],"replies":[{"embeddable":true,"href":"https:\/\/www.hoymercedes.com.ar\/principal\/wp-json\/wp\/v2\/comments?post=4714"}],"version-history":[{"count":0,"href":"https:\/\/www.hoymercedes.com.ar\/principal\/wp-json\/wp\/v2\/posts\/4714\/revisions"}],"wp:attachment":[{"href":"https:\/\/www.hoymercedes.com.ar\/principal\/wp-json\/wp\/v2\/media?parent=4714"}],"wp:term":[{"taxonomy":"category","embeddable":true,"href":"https:\/\/www.hoymercedes.com.ar\/principal\/wp-json\/wp\/v2\/categories?post=4714"},{"taxonomy":"post_tag","embeddable":true,"href":"https:\/\/www.hoymercedes.com.ar\/principal\/wp-json\/wp\/v2\/tags?post=4714"}],"curies":[{"name":"wp","href":"https:\/\/api.w.org\/{rel}","templated":true}]}}