{"id":47280,"date":"2016-02-15T19:53:55","date_gmt":"2016-02-15T22:53:55","guid":{"rendered":"http:\/\/www.hoymercedes.com.ar\/principal\/?p=47280"},"modified":"2016-02-15T19:53:55","modified_gmt":"2016-02-15T22:53:55","slug":"handball-a-la-espera-de-argentinos-juniors-comenzaron-los-entrenamientos-en-mercedes","status":"publish","type":"post","link":"https:\/\/www.hoymercedes.com.ar\/principal\/2016\/02\/15\/handball-a-la-espera-de-argentinos-juniors-comenzaron-los-entrenamientos-en-mercedes\/","title":{"rendered":"Handball: A la espera de Argentinos Juniors, comenzaron los entrenamientos en Mercedes"},"content":{"rendered":"<p><img loading=\"lazy\" decoding=\"async\" data-attachment-id=\"46317\" data-permalink=\"https:\/\/www.hoymercedes.com.ar\/principal\/2015\/12\/08\/por-penales-trocha-gano-el-clausura\/musante-ariel-2\/#main\" data-orig-file=\"https:\/\/www.hoymercedes.com.ar\/principal\/wp-content\/uploads\/2015\/12\/musante-ariel.png\" data-orig-size=\"630,100\" data-comments-opened=\"1\" data-image-meta=\"{&quot;aperture&quot;:&quot;0&quot;,&quot;credit&quot;:&quot;&quot;,&quot;camera&quot;:&quot;&quot;,&quot;caption&quot;:&quot;&quot;,&quot;created_timestamp&quot;:&quot;0&quot;,&quot;copyright&quot;:&quot;&quot;,&quot;focal_length&quot;:&quot;0&quot;,&quot;iso&quot;:&quot;0&quot;,&quot;shutter_speed&quot;:&quot;0&quot;,&quot;title&quot;:&quot;&quot;,&quot;orientation&quot;:&quot;0&quot;}\" data-image-title=\"musante-ariel\" data-image-description=\"\" data-image-caption=\"\" data-large-file=\"https:\/\/www.hoymercedes.com.ar\/principal\/wp-content\/uploads\/2015\/12\/musante-ariel.png\" class=\"aligncenter size-medium wp-image-46317\" src=\"https:\/\/www.hoymercedes.com.ar\/principal\/wp-content\/uploads\/2015\/12\/musante-ariel-630x100.png\" alt=\"musante-ariel\" width=\"630\" height=\"100\" srcset=\"https:\/\/www.hoymercedes.com.ar\/principal\/wp-content\/uploads\/2015\/12\/musante-ariel.png 630w, https:\/\/www.hoymercedes.com.ar\/principal\/wp-content\/uploads\/2015\/12\/musante-ariel-150x24.png 150w\" sizes=\"auto, (max-width: 630px) 100vw, 630px\" \/><\/p>\n<p><strong>Por Ariel Musante \/ De cara a lo que ser\u00e1 una nueva temporada de los equipos mercedinos en la Liga Mercedina de Balonmano, comenzaron los entrenamientos en el Polideportivo CEF 40 mientras esperan que a fin de esta semana llegue el plantel de Argentinos Juniors.<\/strong><\/p>\n<p>Los entrenamientos de pretemporada de handball comenzaron la pasada semana para ponerse a punto de cara a los encuentros que estar\u00e1n participando durante el transcurso del a\u00f1o. Las jugadoras se encuentran coordinadas por los profesores Leonardo Gonz\u00e1lez y Dami\u00e1n Altieri y se est\u00e1n desarrollando los d\u00edas martes y jueves en el gimnasio del Centro de Educaci\u00f3n F\u00edsica N\u00ba40, centrando los trabajos en el aspecto f\u00edsico.<\/p>\n<p>Continuando con la preparaci\u00f3n, durante los d\u00edas 19, 20 y 21 de febrero, los equipos compartir\u00e1n los entrenamientos con los equipos femeninos de la Asociaci\u00f3n Atl\u00e9tica Argentinos Juniors, que juegan competitivamente en la Federaci\u00f3n Metropolitana de Balonmano y estar\u00e1n realizando en nuestra ciudad su pretemporada. El equipo capitalino se estar\u00e1 alojando en el Polideportivo a Cielo Abierto y realizando sus entrenamientos en el gimnasio del CEF N\u00ba40.<\/p>\n<p>A medida que los equipos vayan realizando una preparaci\u00f3n t\u00e9cnico-t\u00e1ctica, continuar\u00e1n con la realizaci\u00f3n de algunos encuentros amistosos para lograr tomar un mejor ritmo con el bal\u00f3n. El primero de ellos lo disputar\u00e1n en le ciudad de General Rodriguez, frente a los equipos del club Vicente L\u00f3pez de esa ciudad en el Estadio Municipal y luego disputar\u00e1n otro amistoso con el equipo del CEF N\u00ba24 de San Andr\u00e9s de Giles, continuando as\u00ed su preparaci\u00f3n con vista a su participaci\u00f3n en los Juegos Ol\u00edmpicos de la Cuenca del Salado a partir del 15 de abril.<\/p>\n<p>&nbsp;<\/p>\n","protected":false},"excerpt":{"rendered":"<p>Por Ariel Musante \/ De cara a lo que ser\u00e1 una nueva temporada de los equipos mercedinos en la Liga &#8230; <a title=\"Handball: A la espera de Argentinos Juniors, comenzaron los entrenamientos en Mercedes\" class=\"read-more\" href=\"https:\/\/www.hoymercedes.com.ar\/principal\/2016\/02\/15\/handball-a-la-espera-de-argentinos-juniors-comenzaron-los-entrenamientos-en-mercedes\/\" aria-label=\"Leer m\u00e1s sobre Handball: A la espera de Argentinos Juniors, comenzaron los entrenamientos en Mercedes\">Leer m\u00e1s<\/a><\/p>\n","protected":false},"author":1,"featured_media":0,"comment_status":"open","ping_status":"open","sticky":false,"template":"","format":"standard","meta":{"_monsterinsights_skip_tracking":false,"_monsterinsights_sitenote_active":false,"_monsterinsights_sitenote_note":"","_monsterinsights_sitenote_category":0,"jetpack_post_was_ever_published":false,"_jetpack_newsletter_access":"","_jetpack_dont_email_post_to_subs":false,"_jetpack_newsletter_tier_id":0,"_jetpack_memberships_contains_paywalled_content":false,"_jetpack_memberships_contains_paid_content":false,"footnotes":"","jetpack_publicize_message":"","jetpack_publicize_feature_enabled":true,"jetpack_social_post_already_shared":true,"jetpack_social_options":{"image_generator_settings":{"template":"highway","default_image_id":0,"font":"","enabled":false},"version":2},"_wpas_customize_per_network":false},"categories":[21],"tags":[4036,515,8487],"class_list":["post-47280","post","type-post","status-publish","format-standard","hentry","category-deportes","tag-ariel-musante","tag-fm-la-tribuna","tag-handball","generate-columns","tablet-grid-50","mobile-grid-100","grid-parent","grid-50"],"jetpack_publicize_connections":[],"jetpack_featured_media_url":"","wps_subtitle":"En el Polideportivo CEF 40","jetpack_sharing_enabled":true,"_links":{"self":[{"href":"https:\/\/www.hoymercedes.com.ar\/principal\/wp-json\/wp\/v2\/posts\/47280","targetHints":{"allow":["GET"]}}],"collection":[{"href":"https:\/\/www.hoymercedes.com.ar\/principal\/wp-json\/wp\/v2\/posts"}],"about":[{"href":"https:\/\/www.hoymercedes.com.ar\/principal\/wp-json\/wp\/v2\/types\/post"}],"author":[{"embeddable":true,"href":"https:\/\/www.hoymercedes.com.ar\/principal\/wp-json\/wp\/v2\/users\/1"}],"replies":[{"embeddable":true,"href":"https:\/\/www.hoymercedes.com.ar\/principal\/wp-json\/wp\/v2\/comments?post=47280"}],"version-history":[{"count":0,"href":"https:\/\/www.hoymercedes.com.ar\/principal\/wp-json\/wp\/v2\/posts\/47280\/revisions"}],"wp:attachment":[{"href":"https:\/\/www.hoymercedes.com.ar\/principal\/wp-json\/wp\/v2\/media?parent=47280"}],"wp:term":[{"taxonomy":"category","embeddable":true,"href":"https:\/\/www.hoymercedes.com.ar\/principal\/wp-json\/wp\/v2\/categories?post=47280"},{"taxonomy":"post_tag","embeddable":true,"href":"https:\/\/www.hoymercedes.com.ar\/principal\/wp-json\/wp\/v2\/tags?post=47280"}],"curies":[{"name":"wp","href":"https:\/\/api.w.org\/{rel}","templated":true}]}}