{"id":47282,"date":"2016-02-15T19:57:44","date_gmt":"2016-02-15T22:57:44","guid":{"rendered":"http:\/\/www.hoymercedes.com.ar\/principal\/?p=47282"},"modified":"2016-02-15T19:57:44","modified_gmt":"2016-02-15T22:57:44","slug":"reunion-por-cuestiones-de-transito-y-seguridad-vial","status":"publish","type":"post","link":"https:\/\/www.hoymercedes.com.ar\/principal\/2016\/02\/15\/reunion-por-cuestiones-de-transito-y-seguridad-vial\/","title":{"rendered":"Reuni\u00f3n por cuestiones de tr\u00e1nsito y seguridad vial"},"content":{"rendered":"<p><img loading=\"lazy\" decoding=\"async\" data-attachment-id=\"47283\" data-permalink=\"https:\/\/www.hoymercedes.com.ar\/principal\/2016\/02\/15\/reunion-por-cuestiones-de-transito-y-seguridad-vial\/reunion-controlurbano\/#main\" data-orig-file=\"https:\/\/www.hoymercedes.com.ar\/principal\/wp-content\/uploads\/2016\/02\/reunion-controlurbano.jpg\" data-orig-size=\"784,523\" data-comments-opened=\"1\" data-image-meta=\"{&quot;aperture&quot;:&quot;0&quot;,&quot;credit&quot;:&quot;&quot;,&quot;camera&quot;:&quot;&quot;,&quot;caption&quot;:&quot;&quot;,&quot;created_timestamp&quot;:&quot;0&quot;,&quot;copyright&quot;:&quot;&quot;,&quot;focal_length&quot;:&quot;0&quot;,&quot;iso&quot;:&quot;0&quot;,&quot;shutter_speed&quot;:&quot;0&quot;,&quot;title&quot;:&quot;&quot;,&quot;orientation&quot;:&quot;0&quot;}\" data-image-title=\"reunion-controlurbano\" data-image-description=\"\" data-image-caption=\"\" data-large-file=\"https:\/\/www.hoymercedes.com.ar\/principal\/wp-content\/uploads\/2016\/02\/reunion-controlurbano.jpg\" class=\"aligncenter size-medium wp-image-47283\" src=\"https:\/\/www.hoymercedes.com.ar\/principal\/wp-content\/uploads\/2016\/02\/reunion-controlurbano-630x420.jpg\" alt=\"reunion-controlurbano\" width=\"630\" height=\"420\" srcset=\"https:\/\/www.hoymercedes.com.ar\/principal\/wp-content\/uploads\/2016\/02\/reunion-controlurbano-630x420.jpg 630w, https:\/\/www.hoymercedes.com.ar\/principal\/wp-content\/uploads\/2016\/02\/reunion-controlurbano-150x100.jpg 150w, https:\/\/www.hoymercedes.com.ar\/principal\/wp-content\/uploads\/2016\/02\/reunion-controlurbano-768x512.jpg 768w, https:\/\/www.hoymercedes.com.ar\/principal\/wp-content\/uploads\/2016\/02\/reunion-controlurbano-300x200.jpg 300w, https:\/\/www.hoymercedes.com.ar\/principal\/wp-content\/uploads\/2016\/02\/reunion-controlurbano.jpg 784w\" sizes=\"auto, (max-width: 630px) 100vw, 630px\" \/><\/p>\n<p><strong>Durante la semana que pas\u00f3\u00a0se llev\u00f3 a cabo una reuni\u00f3n entre el intendente municipal Dr. Juan Ignacio Ustarroz, la Secretaria de Control Urbano Dra. Josefina Kelly, la subSecretaria de Control Urbano Clara Zunino y los propietarios de estaciones de servicio.<\/strong><\/p>\n<p>El motivo de la reuni\u00f3n era comenzar a trabajar de forma conjunta en distintos aspectos que hacen al tr\u00e1nsito en Mercedes. Uno de ellos fue la venta de combustibles solo a los motoveh\u00edculos cuyas personas que los manejen tengan casco.<\/p>\n<p>\u00abCon estas acciones y otras que se vienen pensando desde distintas oficinas municipales vamos a lograr subir el porcentaje de uso de casco en la ciudad que es realmente bajo\u00bb comentaba el intendente Ustarroz.<\/p>\n<p>\u00abEstamos realmente agradecidos por la buena predisposici\u00f3n que tienen los propietarios de estaciones de servicio que no dudaron en trabajar junto al municipio en este tema tan importante\u00bb remarc\u00f3 el jefe comunal.<\/p>\n<p>Por otro lado la Secretaria de Control Urbano Dra. Kelly agreg\u00f3, \u00abcreemos que estamos ante una oportunidad de mejorar el tr\u00e1nsito en la ciudad y para eso necesitamos del compromiso de todas las partes. Nosotros ya anunciamos que vamos a intensificar los controles y vamos a multar a su debido momento a aquellos que manejen motos sin el casco reglamentario\u00bb.<\/p>\n<p>Los propietarios de estaciones de servicio en Mercedes tomaron con buenos ojos la posibilidad de abrir un canal de di\u00e1logo con el municipio para que se tomen acciones en conjunto sobre diferentes problem\u00e1ticas del tr\u00e1nsito local.<\/p>\n","protected":false},"excerpt":{"rendered":"<p>Durante la semana que pas\u00f3\u00a0se llev\u00f3 a cabo una reuni\u00f3n entre el intendente municipal Dr. Juan Ignacio Ustarroz, la Secretaria &#8230; <a title=\"Reuni\u00f3n por cuestiones de tr\u00e1nsito y seguridad vial\" class=\"read-more\" href=\"https:\/\/www.hoymercedes.com.ar\/principal\/2016\/02\/15\/reunion-por-cuestiones-de-transito-y-seguridad-vial\/\" aria-label=\"Leer m\u00e1s sobre Reuni\u00f3n por cuestiones de tr\u00e1nsito y seguridad vial\">Leer m\u00e1s<\/a><\/p>\n","protected":false},"author":1,"featured_media":47283,"comment_status":"open","ping_status":"open","sticky":false,"template":"","format":"standard","meta":{"_monsterinsights_skip_tracking":false,"_monsterinsights_sitenote_active":false,"_monsterinsights_sitenote_note":"","_monsterinsights_sitenote_category":0,"jetpack_post_was_ever_published":false,"_jetpack_newsletter_access":"","_jetpack_dont_email_post_to_subs":false,"_jetpack_newsletter_tier_id":0,"_jetpack_memberships_contains_paywalled_content":false,"_jetpack_memberships_contains_paid_content":false,"footnotes":"","jetpack_publicize_message":"","jetpack_publicize_feature_enabled":true,"jetpack_social_post_already_shared":true,"jetpack_social_options":{"image_generator_settings":{"template":"highway","default_image_id":0,"font":"","enabled":false},"version":2},"_wpas_customize_per_network":false},"categories":[8],"tags":[8437,585,8488],"class_list":["post-47282","post","type-post","status-publish","format-standard","has-post-thumbnail","hentry","category-sociedad","tag-josefina-kelly","tag-juan-ustarroz","tag-seguridad-vial-en-mercedes","generate-columns","tablet-grid-50","mobile-grid-100","grid-parent","grid-50"],"jetpack_publicize_connections":[],"jetpack_featured_media_url":"https:\/\/www.hoymercedes.com.ar\/principal\/wp-content\/uploads\/2016\/02\/reunion-controlurbano.jpg","wps_subtitle":"Uso del casco y respeto a las normas","jetpack_sharing_enabled":true,"_links":{"self":[{"href":"https:\/\/www.hoymercedes.com.ar\/principal\/wp-json\/wp\/v2\/posts\/47282","targetHints":{"allow":["GET"]}}],"collection":[{"href":"https:\/\/www.hoymercedes.com.ar\/principal\/wp-json\/wp\/v2\/posts"}],"about":[{"href":"https:\/\/www.hoymercedes.com.ar\/principal\/wp-json\/wp\/v2\/types\/post"}],"author":[{"embeddable":true,"href":"https:\/\/www.hoymercedes.com.ar\/principal\/wp-json\/wp\/v2\/users\/1"}],"replies":[{"embeddable":true,"href":"https:\/\/www.hoymercedes.com.ar\/principal\/wp-json\/wp\/v2\/comments?post=47282"}],"version-history":[{"count":0,"href":"https:\/\/www.hoymercedes.com.ar\/principal\/wp-json\/wp\/v2\/posts\/47282\/revisions"}],"wp:featuredmedia":[{"embeddable":true,"href":"https:\/\/www.hoymercedes.com.ar\/principal\/wp-json\/wp\/v2\/media\/47283"}],"wp:attachment":[{"href":"https:\/\/www.hoymercedes.com.ar\/principal\/wp-json\/wp\/v2\/media?parent=47282"}],"wp:term":[{"taxonomy":"category","embeddable":true,"href":"https:\/\/www.hoymercedes.com.ar\/principal\/wp-json\/wp\/v2\/categories?post=47282"},{"taxonomy":"post_tag","embeddable":true,"href":"https:\/\/www.hoymercedes.com.ar\/principal\/wp-json\/wp\/v2\/tags?post=47282"}],"curies":[{"name":"wp","href":"https:\/\/api.w.org\/{rel}","templated":true}]}}