{"id":4729,"date":"2011-06-03T02:02:27","date_gmt":"2011-06-03T02:02:27","guid":{"rendered":"http:\/\/www.hoymercedes.com.ar\/principal\/?p=4729"},"modified":"2011-06-03T02:02:27","modified_gmt":"2011-06-03T02:02:27","slug":"el-movimiento-proyecto-sur-mercedes-brindara-un-taller-informativo-sobre-las-primarias-abiertas-simultaneas-y-obligatorias","status":"publish","type":"post","link":"https:\/\/www.hoymercedes.com.ar\/principal\/2011\/06\/03\/el-movimiento-proyecto-sur-mercedes-brindara-un-taller-informativo-sobre-las-primarias-abiertas-simultaneas-y-obligatorias\/","title":{"rendered":"El Movimiento Proyecto Sur Mercedes brindara un taller informativo sobre las primarias abiertas simultaneas y obligatorias"},"content":{"rendered":"<figure id=\"attachment_1893\" aria-describedby=\"caption-attachment-1893\" style=\"width: 273px\" class=\"wp-caption alignleft\"><a href=\"https:\/\/www.hoymercedes.com.ar\/principal\/wp-content\/uploads\/2011\/01\/logoproyectosur.gif\"><img loading=\"lazy\" decoding=\"async\" data-attachment-id=\"1893\" data-permalink=\"https:\/\/www.hoymercedes.com.ar\/principal\/2011\/01\/30\/proyecto-sur-mercedes-dice-no-a-la-baja-de-la-imputabilidad-a-menores\/logoproyectosur\/#main\" data-orig-file=\"https:\/\/www.hoymercedes.com.ar\/principal\/wp-content\/uploads\/2011\/01\/logoproyectosur.gif\" data-orig-size=\"283,283\" data-comments-opened=\"1\" data-image-meta=\"{&quot;aperture&quot;:&quot;0&quot;,&quot;credit&quot;:&quot;&quot;,&quot;camera&quot;:&quot;&quot;,&quot;caption&quot;:&quot;&quot;,&quot;created_timestamp&quot;:&quot;0&quot;,&quot;copyright&quot;:&quot;&quot;,&quot;focal_length&quot;:&quot;0&quot;,&quot;iso&quot;:&quot;0&quot;,&quot;shutter_speed&quot;:&quot;0&quot;,&quot;title&quot;:&quot;&quot;}\" data-image-title=\"logoproyectosur\" data-image-description=\"&lt;p&gt;Proyecto Sur&lt;\/p&gt;\n\" data-image-caption=\"&lt;p&gt;Proyecto Sur&lt;\/p&gt;\n\" data-large-file=\"https:\/\/www.hoymercedes.com.ar\/principal\/wp-content\/uploads\/2011\/01\/logoproyectosur.gif\" class=\"size-full wp-image-1893\" title=\"logoproyectosur\" src=\"https:\/\/www.hoymercedes.com.ar\/principal\/wp-content\/uploads\/2011\/01\/logoproyectosur.gif\" alt=\"\" width=\"283\" height=\"283\" \/><\/a><figcaption id=\"caption-attachment-1893\" class=\"wp-caption-text\">Proyecto Sur<\/figcaption><\/figure>\n<p>Desde el Movimiento Proyecto Sur Mercedes (PPSur-PS-PSA-MST) queremos informar a todos los vecinos de nuestra ciudad que el d\u00eda martes 7  de junio a las 19hs.en la planta alta de la Casa del Pueblo, se brindar\u00e1 un taller informativo sobre los objetivos y puesta en pr\u00e1ctica de las elecciones primarias, abiertas, simultaneas y obligatorias que se desarrollar\u00e1n en todo el pa\u00eds el domingo 14 de agosto de 2011.<\/p>\n<p>La finalidad de este taller se encuentra enmarcada en la solicitud de muchos simpatizantes y vecinos de nuestra comunidad, quienes nos han manifestado sobre la poca informaci\u00f3n con la que cuentan de cara a este novedoso sistema electoral a nivel nacional y tambi\u00e9n en la provincia de Buenos Aires.<\/p>\n<p>El desarrollo del taller se encuentra organizado en base a preguntas disparadoras, las cuales se encuentran desarrolladas en un documento elaborado a tal fin y que ser\u00e1n amplificadas el d\u00eda del taller. Estas preguntas disparadoras son:<\/p>\n<p>1.                  \u00bfQu\u00e9 son las Elecciones Primarias?<\/p>\n<p>2.     \u00bfQu\u00e9 se vota en las elecciones primarias?<\/p>\n<p>3.     Las elecciones primarias \u00bfson obligatorias para quienes no est\u00e1n afiliados a ning\u00fan partido pol\u00edtico? Si particip\u00e9 de la elecci\u00f3n interna del partido pol\u00edtico al que me encuentro afiliado, \u00bfdebo votar tambi\u00e9n en las elecciones primarias?<\/p>\n<p>4.     \u00bfQui\u00e9nes pueden presentar precandidaturas en las elecciones primarias?<\/p>\n<p>5.     Las agrupaciones pol\u00edticas que postulen una \u00fanica lista, \u00bftambi\u00e9n deben presentarse en las elecciones primarias?<\/p>\n<p>6.     \u00bfQui\u00e9nes pueden ser precandidatos en las elecciones primarias?<\/p>\n<p>7. \u00bfQue son y para que sirven los avales o adhesiones ?<\/p>\n<p>8.     \u00bfCu\u00e1ndo y d\u00f3nde se vota en las elecciones primarias?<\/p>\n<p>9.     \u00bfCu\u00e1ndo y d\u00f3nde puedo consultar si estoy inscripto correctamente en el padr\u00f3n electoral nacional?<\/p>\n<p>10.     \u00bfC\u00f3mo se vota en las Primarias? \u00bfC\u00f3mo podr\u00e9 identificar las boletas de mi preferencia?<\/p>\n<p>11. Al emitir mi voto, \u00bftengo que elegir obligatoriamente la misma boleta para toda las categor\u00edas de cargos?<\/p>\n<p>El documento ser\u00e1 entregado durante una campa\u00f1a informativa que estaremos llevando adelante durante todos los d\u00edas previos al encuentro y a su vez se entregar\u00e1 al comienzo del taller a todos aquellos que no cuenten con el mismo.-<\/p>\n<p>Esta actividad se encuentra enmarcada en nuestra permanente intenci\u00f3n de priorizar campa\u00f1as de concientizaci\u00f3n  del  por sobre las campa\u00f1as netamente electoralistas, en las cuales se est\u00e1 trabajando y prometiendo mucho, pero un n\u00famero importante de mercedinos aun no cuentan con las herramientas necesarias para poder elegir sobre las diferentes propuestas de gobierno para nuestra ciudad que dichas campa\u00f1as ofrecen.<\/p>\n<p><span style=\"color: #888888;\">Fuente. Proyecto Sur Mercedes<\/span><\/p>\n<p>&nbsp;<\/p>\n","protected":false},"excerpt":{"rendered":"<p>Desde el Movimiento Proyecto Sur Mercedes (PPSur-PS-PSA-MST) queremos informar a todos los vecinos de nuestra ciudad que el d\u00eda martes &#8230; <a title=\"El Movimiento Proyecto Sur Mercedes brindara un taller informativo sobre las primarias abiertas simultaneas y obligatorias\" class=\"read-more\" href=\"https:\/\/www.hoymercedes.com.ar\/principal\/2011\/06\/03\/el-movimiento-proyecto-sur-mercedes-brindara-un-taller-informativo-sobre-las-primarias-abiertas-simultaneas-y-obligatorias\/\" aria-label=\"Leer m\u00e1s sobre El Movimiento Proyecto Sur Mercedes brindara un taller informativo sobre las primarias abiertas simultaneas y obligatorias\">Leer m\u00e1s<\/a><\/p>\n","protected":false},"author":1,"featured_media":0,"comment_status":"open","ping_status":"open","sticky":false,"template":"","format":"standard","meta":{"_monsterinsights_skip_tracking":false,"_monsterinsights_sitenote_active":false,"_monsterinsights_sitenote_note":"","_monsterinsights_sitenote_category":0,"jetpack_post_was_ever_published":false,"_jetpack_newsletter_access":"","_jetpack_dont_email_post_to_subs":false,"_jetpack_newsletter_tier_id":0,"_jetpack_memberships_contains_paywalled_content":false,"_jetpack_memberships_contains_paid_content":false,"footnotes":"","jetpack_publicize_message":"","jetpack_publicize_feature_enabled":true,"jetpack_social_post_already_shared":false,"jetpack_social_options":{"image_generator_settings":{"template":"highway","default_image_id":0,"font":"","enabled":false},"version":2},"_wpas_customize_per_network":false},"categories":[5],"tags":[109],"class_list":["post-4729","post","type-post","status-publish","format-standard","hentry","category-politica","tag-proyecto-sur-mercedes","generate-columns","tablet-grid-50","mobile-grid-100","grid-parent","grid-50"],"jetpack_publicize_connections":[],"jetpack_featured_media_url":"","wps_subtitle":"","jetpack_sharing_enabled":true,"_links":{"self":[{"href":"https:\/\/www.hoymercedes.com.ar\/principal\/wp-json\/wp\/v2\/posts\/4729","targetHints":{"allow":["GET"]}}],"collection":[{"href":"https:\/\/www.hoymercedes.com.ar\/principal\/wp-json\/wp\/v2\/posts"}],"about":[{"href":"https:\/\/www.hoymercedes.com.ar\/principal\/wp-json\/wp\/v2\/types\/post"}],"author":[{"embeddable":true,"href":"https:\/\/www.hoymercedes.com.ar\/principal\/wp-json\/wp\/v2\/users\/1"}],"replies":[{"embeddable":true,"href":"https:\/\/www.hoymercedes.com.ar\/principal\/wp-json\/wp\/v2\/comments?post=4729"}],"version-history":[{"count":0,"href":"https:\/\/www.hoymercedes.com.ar\/principal\/wp-json\/wp\/v2\/posts\/4729\/revisions"}],"wp:attachment":[{"href":"https:\/\/www.hoymercedes.com.ar\/principal\/wp-json\/wp\/v2\/media?parent=4729"}],"wp:term":[{"taxonomy":"category","embeddable":true,"href":"https:\/\/www.hoymercedes.com.ar\/principal\/wp-json\/wp\/v2\/categories?post=4729"},{"taxonomy":"post_tag","embeddable":true,"href":"https:\/\/www.hoymercedes.com.ar\/principal\/wp-json\/wp\/v2\/tags?post=4729"}],"curies":[{"name":"wp","href":"https:\/\/api.w.org\/{rel}","templated":true}]}}