{"id":47314,"date":"2016-02-18T16:44:55","date_gmt":"2016-02-18T19:44:55","guid":{"rendered":"http:\/\/www.hoymercedes.com.ar\/principal\/?p=47314"},"modified":"2016-02-18T16:44:55","modified_gmt":"2016-02-18T19:44:55","slug":"la-camara-economica-premio-al-mejor-stand-de-duraznos","status":"publish","type":"post","link":"https:\/\/www.hoymercedes.com.ar\/principal\/2016\/02\/18\/la-camara-economica-premio-al-mejor-stand-de-duraznos\/","title":{"rendered":"La C\u00e1mara Econ\u00f3mica premi\u00f3 al mejor stand de duraznos"},"content":{"rendered":"<figure id=\"attachment_47315\" aria-describedby=\"caption-attachment-47315\" style=\"width: 620px\" class=\"wp-caption aligncenter\"><img loading=\"lazy\" decoding=\"async\" data-attachment-id=\"47315\" data-permalink=\"https:\/\/www.hoymercedes.com.ar\/principal\/2016\/02\/18\/la-camara-economica-premio-al-mejor-stand-de-duraznos\/mejor-stand-fiestadeldurazno\/#main\" data-orig-file=\"https:\/\/www.hoymercedes.com.ar\/principal\/wp-content\/uploads\/2016\/02\/mejor.stand_.fiestadeldurazno.jpg\" data-orig-size=\"944,629\" data-comments-opened=\"1\" data-image-meta=\"{&quot;aperture&quot;:&quot;0&quot;,&quot;credit&quot;:&quot;&quot;,&quot;camera&quot;:&quot;&quot;,&quot;caption&quot;:&quot;&quot;,&quot;created_timestamp&quot;:&quot;0&quot;,&quot;copyright&quot;:&quot;&quot;,&quot;focal_length&quot;:&quot;0&quot;,&quot;iso&quot;:&quot;0&quot;,&quot;shutter_speed&quot;:&quot;0&quot;,&quot;title&quot;:&quot;&quot;,&quot;orientation&quot;:&quot;0&quot;}\" data-image-title=\"mejor.stand.fiestadeldurazno\" data-image-description=\"\" data-image-caption=\"&lt;p&gt;Mejor stand fiesta del durazno 2016&lt;\/p&gt;\n\" data-large-file=\"https:\/\/www.hoymercedes.com.ar\/principal\/wp-content\/uploads\/2016\/02\/mejor.stand_.fiestadeldurazno.jpg\" class=\"size-medium wp-image-47315\" src=\"https:\/\/www.hoymercedes.com.ar\/principal\/wp-content\/uploads\/2016\/02\/mejor.stand_.fiestadeldurazno-630x420.jpg\" alt=\"Mejor stand fiesta del durazno 2016\" width=\"630\" height=\"420\" srcset=\"https:\/\/www.hoymercedes.com.ar\/principal\/wp-content\/uploads\/2016\/02\/mejor.stand_.fiestadeldurazno-630x420.jpg 630w, https:\/\/www.hoymercedes.com.ar\/principal\/wp-content\/uploads\/2016\/02\/mejor.stand_.fiestadeldurazno-150x100.jpg 150w, https:\/\/www.hoymercedes.com.ar\/principal\/wp-content\/uploads\/2016\/02\/mejor.stand_.fiestadeldurazno-768x512.jpg 768w, https:\/\/www.hoymercedes.com.ar\/principal\/wp-content\/uploads\/2016\/02\/mejor.stand_.fiestadeldurazno-300x200.jpg 300w, https:\/\/www.hoymercedes.com.ar\/principal\/wp-content\/uploads\/2016\/02\/mejor.stand_.fiestadeldurazno.jpg 944w\" sizes=\"auto, (max-width: 630px) 100vw, 630px\" \/><figcaption id=\"caption-attachment-47315\" class=\"wp-caption-text\">Mejor stand fiesta del durazno 2016<\/figcaption><\/figure>\n<p><strong>En el marco de la 40\u00aa Fiesta Nacional del Durazno, en su tercera jornada, se llevo a cabo la entrega del premio al \u201cMejor Stand\u201d presentado.<\/strong><\/p>\n<p>Desde hace algunos a\u00f1os, esta determinaci\u00f3n es decidida por los integrantes de la C\u00e1mara Econ\u00f3mica Mercedina, observando as\u00ed detalles en la organizaci\u00f3n y la atractiva decoraci\u00f3n de cada uno de los puestos.<\/p>\n<p>En este caso, el premio fue otorgado a la familia Pescio, quien presento un stand que reflejaba el trabajo y el esfuerzo realizado como verdaderos productores locales de durazno.<\/p>\n<p>La distinci\u00f3n fue recibida por\u00a0 Mar\u00eda del Carmen Pescio, la encargada de la decoraci\u00f3n del mismo, de manos del Presidente de la C\u00e1mara, Ariel Pietrucha y el Intendente Municipal Dr. Juan Ignacio Ustarroz<\/p>\n","protected":false},"excerpt":{"rendered":"<p>En el marco de la 40\u00aa Fiesta Nacional del Durazno, en su tercera jornada, se llevo a cabo la entrega &#8230; <a title=\"La C\u00e1mara Econ\u00f3mica premi\u00f3 al mejor stand de duraznos\" class=\"read-more\" href=\"https:\/\/www.hoymercedes.com.ar\/principal\/2016\/02\/18\/la-camara-economica-premio-al-mejor-stand-de-duraznos\/\" aria-label=\"Leer m\u00e1s sobre La C\u00e1mara Econ\u00f3mica premi\u00f3 al mejor stand de duraznos\">Leer m\u00e1s<\/a><\/p>\n","protected":false},"author":1,"featured_media":47315,"comment_status":"open","ping_status":"open","sticky":false,"template":"","format":"standard","meta":{"_monsterinsights_skip_tracking":false,"_monsterinsights_sitenote_active":false,"_monsterinsights_sitenote_note":"","_monsterinsights_sitenote_category":0,"jetpack_post_was_ever_published":false,"_jetpack_newsletter_access":"","_jetpack_dont_email_post_to_subs":false,"_jetpack_newsletter_tier_id":0,"_jetpack_memberships_contains_paywalled_content":false,"_jetpack_memberships_contains_paid_content":false,"footnotes":"","jetpack_publicize_message":"","jetpack_publicize_feature_enabled":true,"jetpack_social_post_already_shared":true,"jetpack_social_options":{"image_generator_settings":{"template":"highway","default_image_id":0,"font":"","enabled":false},"version":2},"_wpas_customize_per_network":false},"categories":[104],"tags":[208],"class_list":["post-47314","post","type-post","status-publish","format-standard","has-post-thumbnail","hentry","category-cultura","tag-fiesta-del-durazno","generate-columns","tablet-grid-50","mobile-grid-100","grid-parent","grid-50"],"jetpack_publicize_connections":[],"jetpack_featured_media_url":"https:\/\/www.hoymercedes.com.ar\/principal\/wp-content\/uploads\/2016\/02\/mejor.stand_.fiestadeldurazno.jpg","wps_subtitle":"Fiesta Nacional del Durazno 2016","jetpack_sharing_enabled":true,"_links":{"self":[{"href":"https:\/\/www.hoymercedes.com.ar\/principal\/wp-json\/wp\/v2\/posts\/47314","targetHints":{"allow":["GET"]}}],"collection":[{"href":"https:\/\/www.hoymercedes.com.ar\/principal\/wp-json\/wp\/v2\/posts"}],"about":[{"href":"https:\/\/www.hoymercedes.com.ar\/principal\/wp-json\/wp\/v2\/types\/post"}],"author":[{"embeddable":true,"href":"https:\/\/www.hoymercedes.com.ar\/principal\/wp-json\/wp\/v2\/users\/1"}],"replies":[{"embeddable":true,"href":"https:\/\/www.hoymercedes.com.ar\/principal\/wp-json\/wp\/v2\/comments?post=47314"}],"version-history":[{"count":0,"href":"https:\/\/www.hoymercedes.com.ar\/principal\/wp-json\/wp\/v2\/posts\/47314\/revisions"}],"wp:featuredmedia":[{"embeddable":true,"href":"https:\/\/www.hoymercedes.com.ar\/principal\/wp-json\/wp\/v2\/media\/47315"}],"wp:attachment":[{"href":"https:\/\/www.hoymercedes.com.ar\/principal\/wp-json\/wp\/v2\/media?parent=47314"}],"wp:term":[{"taxonomy":"category","embeddable":true,"href":"https:\/\/www.hoymercedes.com.ar\/principal\/wp-json\/wp\/v2\/categories?post=47314"},{"taxonomy":"post_tag","embeddable":true,"href":"https:\/\/www.hoymercedes.com.ar\/principal\/wp-json\/wp\/v2\/tags?post=47314"}],"curies":[{"name":"wp","href":"https:\/\/api.w.org\/{rel}","templated":true}]}}